{"id":697527,"date":"2026-01-29T14:49:14","date_gmt":"2026-01-29T14:49:14","guid":{"rendered":"https:\/\/www.europesays.com\/fr\/697527\/"},"modified":"2026-01-29T14:49:14","modified_gmt":"2026-01-29T14:49:14","slug":"sam-welsford-vainqueur-du-cadels-criterium-2026","status":"publish","type":"post","link":"https:\/\/www.europesays.com\/fr\/697527\/","title":{"rendered":"Sam Welsford vainqueur du Cadel\u2019s Criterium 2026"},"content":{"rendered":"<p>Sam Welsford a remport\u00e9 ce mercredi le <strong>Cadel\u2019s Criterium 2026<\/strong>, disput\u00e9 en Australie. Le sprinteur australien de l\u2019\u00e9quipe INEOS Grenadiers s\u2019est impos\u00e9 au terme des 59 minutes de course.<\/p>\n<p>\ud83d\udd0e \u00c0 d\u00e9couvrir<\/p>\n<p><a href=\"https:\/\/www.velo-club.net\/resultats\/classement-equipes-uci\/\" target=\"_blank\" rel=\"noopener\">Classement UCI par \u00e9quipes : le point actualis\u00e9<\/a><\/p>\n<p>Jensen Plowright (Alpecin-Premier Tech) prend la deuxi\u00e8me place, dans le m\u00eame temps, devant l\u2019Italien Matteo Sobrero (Lidl-Trek), \u00e9galement cr\u00e9dit\u00e9 du temps du vainqueur.<\/p>\n<p>Laurence Pithie (Red Bull-BORA-hansgrohe) et Kelland O\u2019Brien (Team Jayco-AlUla) compl\u00e8tent le top 5 de ce crit\u00e9rium class\u00e9 <strong>1.CRT<\/strong> au calendrier UCI.<\/p>\n<p>Plusieurs coureurs terminent \u00e0 quelques secondes, dont R\u00e9mi Cavagna (Groupama-FDJ United), Fabio Van Den Bossche (Soudal Quick-Step) et Ethan Vernon (NSN Cycling Team).<\/p>\n<p>Cette \u00e9preuve faisait figure de course de remplacement suite \u00e0 l\u2019annulation de la Surf Coast Classic.<\/p>\n<p class=\"has-text-align-center\"><strong>Classement du Cadels Criterium 2026<\/strong><\/p>\n<p>Results powered by <a href=\"https:\/\/firstcycling.com\/race.php?r=27985&amp;y=2026\" title=\"FirstCycling.com\" target=\"_blank\" rel=\"noopener\">FirstCycling.com<\/a><\/p>\n<p>\ud83d\udd0d \u00c0 lire aussi<\/p>\n<p><a href=\"https:\/\/www.velo-club.net\/actualites\/alula-tour-2026-parcours-etapes\/\" target=\"_blank\" rel=\"noopener\">AlUla Tour 2026 : parcours et profils des \u00e9tapes<\/a><\/p>\n","protected":false},"excerpt":{"rendered":"Sam Welsford a remport\u00e9 ce mercredi le Cadel\u2019s Criterium 2026, disput\u00e9 en Australie. Le sprinteur australien de l\u2019\u00e9quipe&hellip;\n","protected":false},"author":2,"featured_media":697528,"comment_status":"","ping_status":"","sticky":false,"template":"","format":"standard","meta":{"footnotes":""},"categories":[1411],"tags":[1154,207,1011,27,60],"class_list":{"0":"post-697527","1":"post","2":"type-post","3":"status-publish","4":"format-standard","5":"has-post-thumbnail","7":"category-cyclisme","8":"tag-cycling","9":"tag-cyclisme","10":"tag-fr","11":"tag-france","12":"tag-sports"},"share_on_mastodon":{"url":"https:\/\/pubeurope.com\/@fr\/115978945413555200","error":""},"_links":{"self":[{"href":"https:\/\/www.europesays.com\/fr\/wp-json\/wp\/v2\/posts\/697527","targetHints":{"allow":["GET"]}}],"collection":[{"href":"https:\/\/www.europesays.com\/fr\/wp-json\/wp\/v2\/posts"}],"about":[{"href":"https:\/\/www.europesays.com\/fr\/wp-json\/wp\/v2\/types\/post"}],"author":[{"embeddable":true,"href":"https:\/\/www.europesays.com\/fr\/wp-json\/wp\/v2\/users\/2"}],"replies":[{"embeddable":true,"href":"https:\/\/www.europesays.com\/fr\/wp-json\/wp\/v2\/comments?post=697527"}],"version-history":[{"count":0,"href":"https:\/\/www.europesays.com\/fr\/wp-json\/wp\/v2\/posts\/697527\/revisions"}],"wp:featuredmedia":[{"embeddable":true,"href":"https:\/\/www.europesays.com\/fr\/wp-json\/wp\/v2\/media\/697528"}],"wp:attachment":[{"href":"https:\/\/www.europesays.com\/fr\/wp-json\/wp\/v2\/media?parent=697527"}],"wp:term":[{"taxonomy":"category","embeddable":true,"href":"https:\/\/www.europesays.com\/fr\/wp-json\/wp\/v2\/categories?post=697527"},{"taxonomy":"post_tag","embeddable":true,"href":"https:\/\/www.europesays.com\/fr\/wp-json\/wp\/v2\/tags?post=697527"}],"curies":[{"name":"wp","href":"https:\/\/api.w.org\/{rel}","templated":true}]}}