{"id":697530,"date":"2026-01-29T14:51:11","date_gmt":"2026-01-29T14:51:11","guid":{"rendered":"https:\/\/www.europesays.com\/fr\/697530\/"},"modified":"2026-01-29T14:51:11","modified_gmt":"2026-01-29T14:51:11","slug":"je-ne-savais-pas-que-cetait-physiquement-possible-la-reaction-de-claire-danes-quand-elle-a-appris-etre-enceinte-a-44-ans","status":"publish","type":"post","link":"https:\/\/www.europesays.com\/fr\/697530\/","title":{"rendered":"\u00ab\u00a0Je ne savais pas que c\u2019\u00e9tait physiquement possible\u00a0\u00bb\u00a0: la r\u00e9action de Claire Danes quand elle a appris \u00eatre enceinte \u00e0 44\u00a0ans"},"content":{"rendered":"<p class=\"paragraph text_align_left lp-f-body-02\">Quand elle a appris \u00eatre enceinte de son troisi\u00e8me enfant, <a href=\"https:\/\/www.leparisien.fr\/culture-loisirs\/series\/the-beast-in-me-cartonne-sur-netflix-le-retour-au-sommet-de-claire-danes-24-11-2025-TSJQ2LQ6SBGQNFBU3YS6LXRSXI.php\" target=\"_self\" rel=\"noopener\">Claire Danes<\/a>, \u00e2g\u00e9e de 44 ans \u00e0 l\u2019\u00e9poque reconna\u00eet avoir compl\u00e8tement paniqu\u00e9e. \u00ab J\u2019ai appel\u00e9 mon gyn\u00e9cologue en pleurs. Je convulsais. C\u2019\u00e9tait une totale crise de nerfs \u00bb, raconte la star des s\u00e9ries \u00ab The Beast in me \u00bb et \u00ab Homeland \u00bb dans le podcast d\u2019Amy Poehler \u00ab Good Hang \u00bb diffus\u00e9 ce mercredi.<\/p>\n<p class=\"\">\u00ab Je me suis perdue dans des recherches interminables et j\u2019ai fini par me renseigner sur les chances de concevoir naturellement \u00e0 44 ans \u00bb, poursuit l\u2019actrice qui explique qu\u2019elles \u00ab sont inf\u00e9rieures \u00e0 1 % \u00bb. \u00ab C\u2019est compl\u00e8tement absurde \u00bb, analyse l\u2019actrice r\u00e9v\u00e9l\u00e9e en 1996 dans le film \u00ab Rom\u00e9o + Juliette \u00bb.<\/p>\n<p>\u00ab C\u2019\u00e9tait tellement improbable \u00bb<\/p>\n<p class=\"\">En plus de son \u00e2ge, l\u2019actrice a \u00e9t\u00e9 d\u2019autant plus surprise d\u2019apprendre sa grossesse qu\u2019elle a rencontr\u00e9e des difficult\u00e9s \u00e0 concevoir son deuxi\u00e8me enfant naturellement. \u00ab Rien de tout cela n\u2019\u00e9tait pr\u00e9vu, poursuit-elle face \u00e0 son interlocutrice. Je ne savais pas que c\u2019\u00e9tait physiquement possible. Et Rowan (son deuxi\u00e8me enfant) a \u00e9t\u00e9 un v\u00e9ritable miracle. J\u2019ai d\u00fb faire deux <a href=\"https:\/\/www.leparisien.fr\/societe\/famille\/cest-extremement-violent-levee-de-boucliers-autour-de-la-destruction-prochaine-de-stocks-dembryons-05-03-2025-33GIO7NYVZCOJALIFVXPPU2MY4.php\" target=\"_self\" rel=\"noopener\">FIV <\/a>(f\u00e9condation in vitro). C\u2019\u00e9tait tellement improbable. \u00bb<\/p>\n<p class=\"\">En plus de Shay, pr\u00e9nom qu\u2019elle r\u00e9v\u00e8le pour la premi\u00e8re fois dans cette interview, n\u00e9e en juillet 2023, et Rowan, \u00e2g\u00e9 de 7 ans, Claire Danes et son mari, l\u2019acteur Hugh Dancy, sont les parents de Cyrus, 12 ans. Chacun de ses enfants est n\u00e9 \u00e0 cinq ans d\u2019\u00e9cart, dans des contextes diff\u00e9rents donc.<\/p>\n<p class=\"\">Claire Danes, nomm\u00e9e aux Golden Globes pour sa prestation dans \u00ab The Beast in Me \u00bb, a rencontr\u00e9 son mari en 2007 sur le tournage du film \u00ab Le Temps d\u2019un \u00e9t\u00e9 \u00bb. Ils se sont mari\u00e9s deux ans plus tard, avant d\u2019avoir leurs trois enfants.<\/p>\n","protected":false},"excerpt":{"rendered":"Quand elle a appris \u00eatre enceinte de son troisi\u00e8me enfant, Claire Danes, \u00e2g\u00e9e de 44 ans \u00e0 l\u2019\u00e9poque&hellip;\n","protected":false},"author":2,"featured_media":697531,"comment_status":"","ping_status":"","sticky":false,"template":"","format":"standard","meta":{"footnotes":""},"categories":[1359],"tags":[872,58,59,1011,27,973,1314],"class_list":{"0":"post-697530","1":"post","2":"type-post","3":"status-publish","4":"format-standard","5":"has-post-thumbnail","7":"category-people","8":"tag-culture-et-loisirs","9":"tag-divertissement","10":"tag-entertainment","11":"tag-fr","12":"tag-france","13":"tag-people","14":"tag-series"},"share_on_mastodon":{"url":"https:\/\/pubeurope.com\/@fr\/115978953308609736","error":""},"_links":{"self":[{"href":"https:\/\/www.europesays.com\/fr\/wp-json\/wp\/v2\/posts\/697530","targetHints":{"allow":["GET"]}}],"collection":[{"href":"https:\/\/www.europesays.com\/fr\/wp-json\/wp\/v2\/posts"}],"about":[{"href":"https:\/\/www.europesays.com\/fr\/wp-json\/wp\/v2\/types\/post"}],"author":[{"embeddable":true,"href":"https:\/\/www.europesays.com\/fr\/wp-json\/wp\/v2\/users\/2"}],"replies":[{"embeddable":true,"href":"https:\/\/www.europesays.com\/fr\/wp-json\/wp\/v2\/comments?post=697530"}],"version-history":[{"count":0,"href":"https:\/\/www.europesays.com\/fr\/wp-json\/wp\/v2\/posts\/697530\/revisions"}],"wp:featuredmedia":[{"embeddable":true,"href":"https:\/\/www.europesays.com\/fr\/wp-json\/wp\/v2\/media\/697531"}],"wp:attachment":[{"href":"https:\/\/www.europesays.com\/fr\/wp-json\/wp\/v2\/media?parent=697530"}],"wp:term":[{"taxonomy":"category","embeddable":true,"href":"https:\/\/www.europesays.com\/fr\/wp-json\/wp\/v2\/categories?post=697530"},{"taxonomy":"post_tag","embeddable":true,"href":"https:\/\/www.europesays.com\/fr\/wp-json\/wp\/v2\/tags?post=697530"}],"curies":[{"name":"wp","href":"https:\/\/api.w.org\/{rel}","templated":true}]}}