{"id":697534,"date":"2026-01-29T14:54:12","date_gmt":"2026-01-29T14:54:12","guid":{"rendered":"https:\/\/www.europesays.com\/fr\/697534\/"},"modified":"2026-01-29T14:54:12","modified_gmt":"2026-01-29T14:54:12","slug":"cest-quoi-cette-serie-plebiscitee-sur-netflix","status":"publish","type":"post","link":"https:\/\/www.europesays.com\/fr\/697534\/","title":{"rendered":"c\u2019est quoi cette s\u00e9rie pl\u00e9biscit\u00e9e sur Netflix ?"},"content":{"rendered":"<p>Sitcom d\u2019autofiction port\u00e9e par l\u2019humoriste am\u00e9ricain Bert Kreischer, Free Bert met en sc\u00e8ne un comique confront\u00e9 aux codes sociaux d\u2019une \u00e9cole priv\u00e9e hupp\u00e9e de Beverly Hills.<\/p>\n<p>Avec son humour frontal et son image de stand-upper excessif, <a href=\"https:\/\/leclaireur.fnac.com\/article\/594987-bad-thoughts-qui-est-tom-segura-le-comedien-controverse-derriere-la-serie\/\" target=\"_blank\" rel=\"noreferrer noopener\">Bert Kreischer<\/a> s\u2019offre une nouvelle vitrine sur Netflix. Free Bert, com\u00e9die am\u00e9ricaine mise en ligne le 22\u00a0janvier, propose une fiction librement inspir\u00e9e de sa vie, dans laquelle il incarne une version romanc\u00e9e de lui-m\u00eame.<\/p>\n<p>Connu outre-Atlantique pour ses spectacles provocateurs, ses podcasts \u00e0 succ\u00e8s et son personnage outrancier, Kreischer s\u2019essaie ici \u00e0 l\u2019<a href=\"https:\/\/leclaireur.fnac.com\/selection\/cp48360-ces-autofictions-adaptees-au-cinema\/\" target=\"_blank\" rel=\"noreferrer noopener\">autofiction<\/a> dans une <a href=\"https:\/\/www.fnac.com\/s1732\/Toutes-les-Series-TV\" target=\"_blank\" rel=\"noreferrer noopener\">s\u00e9rie<\/a> qui cherche autant \u00e0 faire rire qu\u2019\u00e0 explorer les failles de son propre mythe.<\/p>\n<p>De quoi parle vraiment la s\u00e9rie\u00a0?<\/p>\n<p>Apr\u00e8s un d\u00e9rapage public, Bert est \u00e9cart\u00e9 d\u2019une \u00e9mission de t\u00e9l\u00e9vision et se retrouve contraint de passer plus de temps chez lui. Dans le m\u00eame temps, ses deux filles int\u00e8grent une \u00e9cole priv\u00e9e tr\u00e8s s\u00e9lective de Beverly Hills. Toute la famille bascule alors dans un univers social ultracodifi\u00e9, domin\u00e9 par des parents riches, influents et obs\u00e9d\u00e9s par les apparences.<\/p>\n<p><img fetchpriority=\"high\" decoding=\"async\" width=\"1024\" height=\"682\" src=\"https:\/\/www.europesays.com\/fr\/wp-content\/uploads\/2026\/01\/freebert-102-250725-tg-00033-r-1024x682.jpg\" alt=\"\" class=\"wp-image-652317\"  \/>Arden Myrin et Bert Kreischer dans Free Bert.\u00a9Netflix<\/p>\n<p>Bert tente de s\u2019adapter \u00e0 ce nouvel environnement en r\u00e9primant ce qui faisait jusque-l\u00e0 sa marque de fabrique\u00a0: son humour outrancier, son franc-parler et son go\u00fbt pour la provocation. Ses efforts maladroits pour \u00ab\u00a0rentrer dans le rang\u00a0\u00bb nourrissent la m\u00e9canique comique de la s\u00e9rie.<\/p>\n<p>Quel casting ?<\/p>\n<p>Bert Kreischer est entour\u00e9 d\u2019Arden Myrin, qui interpr\u00e8te son \u00e9pouse LeeAnn. Les deux filles du couple sont incarn\u00e9es par Ava Ryan (Georgia) et Lilou Lang (Ila). Autour de ce noyau familial gravitent plusieurs personnages secondaires, notamment des parents d\u2019\u00e9l\u00e8ves issus de la haute soci\u00e9t\u00e9 de Beverly Hills, incarn\u00e9s par Chris Witaske et Mandell Maughan. La s\u00e9rie s\u2019autorise \u00e9galement quelques apparitions de personnalit\u00e9s m\u00e9diatiques, dont Rob Lowe (<a href=\"https:\/\/www.fnac.com\/A-la-Maison-Blanche\/si3232\" target=\"_blank\" rel=\"noreferrer noopener\">\u00c0 la maison blanche<\/a>), dans son propre r\u00f4le.<\/p>\n<p><img loading=\"lazy\" decoding=\"async\" width=\"1024\" height=\"682\" src=\"https:\/\/www.europesays.com\/fr\/wp-content\/uploads\/2026\/01\/freebert-103-250721-tg-00272-r-1024x682.jpg\" alt=\"\" class=\"wp-image-652324\"  \/>Arden Myrin, Bert Kreischer, Chris Witaske et Mandell Maughan dans Free Bert.\u00a9Netflix<\/p>\n<p>Free Bert est une cr\u00e9ation originale d\u00e9velopp\u00e9e par Kreischer avec Jarrad Paul et Andy Mogel, qui assurent \u00e0 la fois l\u2019\u00e9criture et la r\u00e9alisation. Tous trois occupent \u00e9galement le r\u00f4le de producteurs ex\u00e9cutifs, aux c\u00f4t\u00e9s de LeeAnn Kreischer. La s\u00e9rie est produite par Counterpart Studios, un studio sp\u00e9cialis\u00e9 dans les com\u00e9dies sc\u00e9naris\u00e9es pour plateformes.<\/p>\n","protected":false},"excerpt":{"rendered":"Sitcom d\u2019autofiction port\u00e9e par l\u2019humoriste am\u00e9ricain Bert Kreischer, Free Bert met en sc\u00e8ne un comique confront\u00e9 aux codes&hellip;\n","protected":false},"author":2,"featured_media":697535,"comment_status":"","ping_status":"","sticky":false,"template":"","format":"standard","meta":{"footnotes":""},"categories":[1356],"tags":[44605,4228,58,59,1011,27,708,127,7193,36627,252,1364],"class_list":{"0":"post-697534","1":"post","2":"type-post","3":"status-publish","4":"format-standard","5":"has-post-thumbnail","7":"category-television","8":"tag-autofiction","9":"tag-comedie","10":"tag-divertissement","11":"tag-entertainment","12":"tag-fr","13":"tag-france","14":"tag-humour","15":"tag-netflix","16":"tag-nouveaute","17":"tag-sitcom","18":"tag-television","19":"tag-tv"},"share_on_mastodon":{"url":"https:\/\/pubeurope.com\/@fr\/115978965257326850","error":""},"_links":{"self":[{"href":"https:\/\/www.europesays.com\/fr\/wp-json\/wp\/v2\/posts\/697534","targetHints":{"allow":["GET"]}}],"collection":[{"href":"https:\/\/www.europesays.com\/fr\/wp-json\/wp\/v2\/posts"}],"about":[{"href":"https:\/\/www.europesays.com\/fr\/wp-json\/wp\/v2\/types\/post"}],"author":[{"embeddable":true,"href":"https:\/\/www.europesays.com\/fr\/wp-json\/wp\/v2\/users\/2"}],"replies":[{"embeddable":true,"href":"https:\/\/www.europesays.com\/fr\/wp-json\/wp\/v2\/comments?post=697534"}],"version-history":[{"count":0,"href":"https:\/\/www.europesays.com\/fr\/wp-json\/wp\/v2\/posts\/697534\/revisions"}],"wp:featuredmedia":[{"embeddable":true,"href":"https:\/\/www.europesays.com\/fr\/wp-json\/wp\/v2\/media\/697535"}],"wp:attachment":[{"href":"https:\/\/www.europesays.com\/fr\/wp-json\/wp\/v2\/media?parent=697534"}],"wp:term":[{"taxonomy":"category","embeddable":true,"href":"https:\/\/www.europesays.com\/fr\/wp-json\/wp\/v2\/categories?post=697534"},{"taxonomy":"post_tag","embeddable":true,"href":"https:\/\/www.europesays.com\/fr\/wp-json\/wp\/v2\/tags?post=697534"}],"curies":[{"name":"wp","href":"https:\/\/api.w.org\/{rel}","templated":true}]}}