{"id":697536,"date":"2026-01-29T14:55:11","date_gmt":"2026-01-29T14:55:11","guid":{"rendered":"https:\/\/www.europesays.com\/fr\/697536\/"},"modified":"2026-01-29T14:55:11","modified_gmt":"2026-01-29T14:55:11","slug":"sans-tabou-helene-segara-cash-sur-legalite-hommes-femmes-ma-place-est-a-la-cuisine","status":"publish","type":"post","link":"https:\/\/www.europesays.com\/fr\/697536\/","title":{"rendered":"Sans tabou, H\u00e9l\u00e8ne S\u00e9gara cash sur l\u2019\u00e9galit\u00e9 hommes-femmes : \u00ab\u00a0Ma place est \u00e0 la cuisine\u00a0\u00bb"},"content":{"rendered":"<p>R\u00e9v\u00e9l\u00e9e au grand public dans la com\u00e9die musicale culte baptis\u00e9e<br \/>\nNotre-Dame de Paris. H\u00e9l\u00e8ne S\u00e9gara a depuis r\u00e9alis\u00e9 une<br \/>\nbelle carri\u00e8re de chanteuse. Cependant, comme de nombreux artistes<br \/>\npopulaires, <strong>chacun de ses propos est scrut\u00e9 avec une<br \/>\nattention toute particuli\u00e8re<\/strong> par le public. En 2015, la<br \/>\nmusicienne avait accord\u00e9 une interview au journaliste Philippe<br \/>\nVandel sur l&rsquo;antenne de la radio publique franceinfo.<\/p>\n<p>\u00c0 l&rsquo;\u00e9poque, H\u00e9l\u00e8ne S\u00e9gara avait \u00e9t\u00e9 interrog\u00e9e sur l&rsquo;\u00e9galit\u00e9<br \/>\nhommes-femmes. Et ses paroles \u00e9taient loin d&rsquo;avoir fait<br \/>\nl&rsquo;unanimit\u00e9. \u00ab\u00a0Je suis pour les droits de la femme, je suis pour<br \/>\nl\u2019\u00e9galit\u00e9 entre les femmes et les hommes mais je suis pour que la<br \/>\nfemme garde sa place \u00e0 la maison. <strong>Quand je suis chez moi,<br \/>\nma place est \u00e0 la cuisine et j\u2019en suis fi\u00e8re<\/strong>\u00ab\u00a0, avait<br \/>\nainsi d\u00e9clar\u00e9 celle qui fait partie du <a href=\"https:\/\/www.closermag.fr\/people\/helene-segara-la-juree-de-la-france-a-un-incroyable-talent-se-livre-sur-ses-deux-dernieres-annees-a-lhopital-3312958\" target=\"_blank\" rel=\"noopener\"><br \/>\njury de l&rsquo;\u00e9mission La France \u00e0 un incroyable talent sur M6.<\/a><\/p>\n<p>H\u00e9l\u00e8ne S\u00e9gara : \u00ab\u00a0Ceux qui viennent chercher leur panier aux<br \/>\nRestos du Coeur en Mercedes, ce n\u2019est pas tol\u00e9rable\u00a0\u00bb<\/p>\n<p>Trois ans plus t\u00f4t, H\u00e9l\u00e8ne S\u00e9gara avait \u00e9galement suscit\u00e9 la<br \/>\npol\u00e9mique \u00e0 la suite de la publication d&rsquo;une interview dans le<br \/>\nmagazine Paris Match. Ayant r\u00e9guli\u00e8rement particip\u00e9 au<br \/>\nspectacle des Enfoir\u00e9s en faveur des Restos du c\u0153ur depuis le d\u00e9but<br \/>\nde sa carri\u00e8re. La musicienne avait alors <strong>critiqu\u00e9 la<br \/>\ncommunaut\u00e9 des gens du voyage<\/strong>.<\/p>\n<p>\u00ab\u00a0Ceux qui viennent chercher leur panier aux Restos du Coeur<br \/>\nen Mercedes, ce n\u2019est pas tol\u00e9rable. Quelques b\u00e9n\u00e9voles<br \/>\nm\u2019avaient dit qu\u2019un matin, ils avaient vu des gens. Faut<br \/>\npas g\u00e9n\u00e9raliser. Et c\u2019est vrai que je l\u2019ai dit parce qu\u2019on m\u2019a dit<br \/>\nque c\u2019\u00e9tait arriv\u00e9. Je pense aussi que, peut-\u00eatre, en Mercedes&#8230;.<br \/>\n<strong>C\u2019est des gens du voyage qui, souvent, ont des<br \/>\nMercedes<\/strong>\u00ab\u00a0, avait-elle ainsi lanc\u00e9. Outre les<br \/>\npol\u00e9miques, H\u00e9l\u00e8ne S\u00e9gara a \u00e9galement d\u00fb affronter la maladie.<\/p>\n<p>La chanteuse est atteinte d&rsquo;une maladie<br \/>\noculaire auto-immune rare<\/p>\n<p>Pour rappel, <a href=\"https:\/\/www.closermag.fr\/people\/helene-segara-disparu-de-la-photo-ses-confessions-bouleversantes-sur-sa-maladie-3506076\" target=\"_blank\" rel=\"noopener\"><br \/>\nH\u00e9l\u00e8ne S\u00e9gara souffre d&rsquo;une\u00a0n\u00e9vrite optique<\/a>. Il s&rsquo;agit<br \/>\nd&rsquo;une maladie oculaire auto-immune rare qui entra\u00eene<br \/>\nprogressivement une d\u00e9g\u00e9n\u00e9rescence maculaire irr\u00e9versible.<br \/>\n\u00ab\u00a0\u00c0 l&rsquo;\u00e9poque o\u00f9 j&rsquo;ai \u00e9t\u00e9<br \/>\nmalade, j&rsquo;ai fait une tourn\u00e9e qui s&rsquo;appelait Karma. Et j&rsquo;ai pas<br \/>\nvoulu annuler toutes les dates parce que\u00a0<strong>je voulais<br \/>\npas que ma vie se r\u00e9sume \u00e0 l&rsquo;h\u00f4pital<\/strong>\u00ab\u00a0, avait-elle<br \/>\nnotamment soulign\u00e9 <a href=\"https:\/\/www.telestar.fr\/actu_tv\/cheri-je-suis-en-tournage-lappel-inattendu-dhelene-segara-lors-dune-interview-sur-tf1-1746334\" target=\"_blank\" rel=\"noopener\"><br \/>\ndans l&rsquo;\u00e9mission 50&prime; inside sur TF1<\/a>.<\/p>\n<p>\u00ab\u00a0Mais qu&rsquo;est-ce que j&rsquo;ai<br \/>\nsouffert ! C&rsquo;est-\u00e0-dire que chaque fois que je montais sur sc\u00e8ne,<br \/>\nj&rsquo;\u00e9tais tr\u00e8s tr\u00e8s diminu\u00e9e. J&rsquo;arrivais pas \u00e0 respirer. Je suis<br \/>\nrest\u00e9e sur cet \u00e9chec-l\u00e0. (&#8230;) Et l\u00e0, je me dis que \u00e7a va \u00eatre tout l&rsquo;inverse<br \/>\nmaintenant.\u00a0<strong>C&rsquo;est un peu compliqu\u00e9 parce que je n&rsquo;ai<br \/>\npas la 3D.<\/strong> Donc je dirais que je suis un peu plus prudente<br \/>\ndans mes d\u00e9placements. Mais oui, j&rsquo;apprends\u00a0\u00bb, avait aussi<br \/>\npr\u00e9cis\u00e9 la musicienne.<\/p>\n","protected":false},"excerpt":{"rendered":"R\u00e9v\u00e9l\u00e9e au grand public dans la com\u00e9die musicale culte baptis\u00e9e Notre-Dame de Paris. H\u00e9l\u00e8ne S\u00e9gara a depuis r\u00e9alis\u00e9&hellip;\n","protected":false},"author":2,"featured_media":697537,"comment_status":"","ping_status":"","sticky":false,"template":"","format":"standard","meta":{"footnotes":""},"categories":[1355],"tags":[21303,58,59,1011,27,70202,1361,873,65861],"class_list":{"0":"post-697536","1":"post","2":"type-post","3":"status-publish","4":"format-standard","5":"has-post-thumbnail","7":"category-musique","8":"tag-buzz_nonli","9":"tag-divertissement","10":"tag-entertainment","11":"tag-fr","12":"tag-france","13":"tag-marfeel_connexes","14":"tag-music","15":"tag-musique","16":"tag-trend"},"share_on_mastodon":{"url":"https:\/\/pubeurope.com\/@fr\/115978969036163043","error":""},"_links":{"self":[{"href":"https:\/\/www.europesays.com\/fr\/wp-json\/wp\/v2\/posts\/697536","targetHints":{"allow":["GET"]}}],"collection":[{"href":"https:\/\/www.europesays.com\/fr\/wp-json\/wp\/v2\/posts"}],"about":[{"href":"https:\/\/www.europesays.com\/fr\/wp-json\/wp\/v2\/types\/post"}],"author":[{"embeddable":true,"href":"https:\/\/www.europesays.com\/fr\/wp-json\/wp\/v2\/users\/2"}],"replies":[{"embeddable":true,"href":"https:\/\/www.europesays.com\/fr\/wp-json\/wp\/v2\/comments?post=697536"}],"version-history":[{"count":0,"href":"https:\/\/www.europesays.com\/fr\/wp-json\/wp\/v2\/posts\/697536\/revisions"}],"wp:featuredmedia":[{"embeddable":true,"href":"https:\/\/www.europesays.com\/fr\/wp-json\/wp\/v2\/media\/697537"}],"wp:attachment":[{"href":"https:\/\/www.europesays.com\/fr\/wp-json\/wp\/v2\/media?parent=697536"}],"wp:term":[{"taxonomy":"category","embeddable":true,"href":"https:\/\/www.europesays.com\/fr\/wp-json\/wp\/v2\/categories?post=697536"},{"taxonomy":"post_tag","embeddable":true,"href":"https:\/\/www.europesays.com\/fr\/wp-json\/wp\/v2\/tags?post=697536"}],"curies":[{"name":"wp","href":"https:\/\/api.w.org\/{rel}","templated":true}]}}