{"id":697538,"date":"2026-01-29T14:56:10","date_gmt":"2026-01-29T14:56:10","guid":{"rendered":"https:\/\/www.europesays.com\/fr\/697538\/"},"modified":"2026-01-29T14:56:10","modified_gmt":"2026-01-29T14:56:10","slug":"le-chant-des-forets-le-film-qui-enchante-les-spectateurs-passe-le-cap-du-million-dentrees-en-salles","status":"publish","type":"post","link":"https:\/\/www.europesays.com\/fr\/697538\/","title":{"rendered":"\u00ab\u00a0Le chant des for\u00eats\u00a0\u00bb, le film qui enchante les spectateurs, passe le cap du million d&rsquo;entr\u00e9es en salles"},"content":{"rendered":"<p>V\u00e9ritable ph\u00e9nom\u00e8ne, le documentaire animalier de Vincent Munier, a r\u00e9uni pr\u00e8s d&rsquo;un million de spectateurs en salles.<\/p>\n<p>Le Chant des for\u00eats de <a href=\"https:\/\/www.bfmtv.com\/people\/cinema\/vincent-munier-le-photographe-animalier-qui-emerveille-les-spectateurs-avec-son-film-le-chant-des-forets_AV-202601090603.html\" title=\"Vincent Munier, le photographe animalier qui \u00e9merveille les spectateurs avec son film &quot;Le Chant des For\u00eats&quot;\" class=\"internal_link\" target=\"_blank\" rel=\"noopener\">Vincent Munier<\/a>, en salle depuis un peu plus d&rsquo;un mois &#8211; il est sorti le 17 d\u00e9cembre 2025 &#8211; continue de captiver les spectateurs. Cette ode \u00e0 l&rsquo;observation et au ralentissement, tourn\u00e9e dans les Vosges, a franchi le cap du million d&rsquo;entr\u00e9es en six semaines d&rsquo;exploitation.<\/p>\n<p>Le film du photographe animalier est ainsi en train de devenir un v\u00e9ritable ph\u00e9nom\u00e8ne. Jeudi 29 janvier Le Chant des for\u00eats a par ailleurs r\u00e9colt\u00e9 deux nominations aux C\u00e9sar, dans les cat\u00e9gories meilleur documentaire &#8211; un prix qu&rsquo;il avait d\u00e9croch\u00e9 avec La Panth\u00e8re des neiges, son premier film, en 2022 &#8211; et meilleur son.<\/p>\n<p>Bouche-\u00e0-oreille<\/p>\n<p>\u00ab\u00a0Je suis vraiment tellement content!\u00a0\u00bb, a r\u00e9agi Vincent Munier <a href=\"https:\/\/www.radiofrance.fr\/francebleu\/podcasts\/l-invite-de-la-redaction-ici-lorraine-meurthe-et-moselle-et-vosges\/vincent-munier-nomme-deux-fois-aux-cesar-pour-le-chant-des-forets-je-suis-tellement-content-4015823\" target=\"_blank\" class=\"external_link\" rel=\"noopener\">au micro d&rsquo;ICI Lorraine<\/a>. \u00ab\u00a0D\u00e9j\u00e0 parce que les spectateurs ont r\u00e9pondu pr\u00e9sent, c&rsquo;est quand m\u00eame assez g\u00e9nial, et l\u00e0 les C\u00e9sar aussi nous nomment: on est ravi!\u00a0\u00bb<\/p>\n<blockquote class=\"embed embed_quote\"><p>\u00ab\u00a0Je crois que tous, on a besoin de beau, de douceur, de po\u00e9sie, d&rsquo;amour\u00a0\u00bb, a-t-il ajout\u00e9.<\/p><\/blockquote>\n<p>Port\u00e9 par le bouche-\u00e0-oreille, ce r\u00e9cit familial s\u00e9duit par la beaut\u00e9 de ses paysages et son propos. Le photographe et r\u00e9alisateur originaire d&rsquo;\u00c9pinal signe ici un film tr\u00e8s personnel sur la transmission entre un grand-p\u00e8re, un p\u00e8re et son fils.<\/p>\n<p>Une histoire qui touche le public, tout comme celle du grand T\u00e9tras, oiseau mythique qui a disparu des terres fran\u00e7aises en moins de cinquante ans, et auquel le p\u00e8re de Vincent Munier, le naturaliste Michel Munier, a consacr\u00e9 sa vie.<\/p>\n<p>Si Vincent Munier a surf\u00e9 sur le succ\u00e8s de son pr\u00e9c\u00e9dent opus, La Panth\u00e8re des neiges, 626.722 entr\u00e9es en 2022, Le Chant des for\u00eats a d\u00e9sormais largement d\u00e9pass\u00e9 ce chiffre.<\/p>\n<p>\u00ab\u00a0J&rsquo;utilise le succ\u00e8s de La Panth\u00e8re pour ramener cette proposition assez os\u00e9e, par son rythme, par tout, au cin\u00e9ma. Le cin\u00e9ma, y a pas mieux pour transmettre des \u00e9motions\u00a0\u00bb, confiait le photographe et r\u00e9alisateur \u00e0 BFMTV lors de la sortie du film.<\/p>\n","protected":false},"excerpt":{"rendered":"V\u00e9ritable ph\u00e9nom\u00e8ne, le documentaire animalier de Vincent Munier, a r\u00e9uni pr\u00e8s d&rsquo;un million de spectateurs en salles. Le&hellip;\n","protected":false},"author":2,"featured_media":697539,"comment_status":"","ping_status":"","sticky":false,"template":"","format":"standard","meta":{"footnotes":""},"categories":[1354],"tags":[58,59,1346,1011,27,1360],"class_list":{"0":"post-697538","1":"post","2":"type-post","3":"status-publish","4":"format-standard","5":"has-post-thumbnail","7":"category-films","8":"tag-divertissement","9":"tag-entertainment","10":"tag-films","11":"tag-fr","12":"tag-france","13":"tag-movies"},"share_on_mastodon":{"url":"https:\/\/pubeurope.com\/@fr\/115978972936465858","error":""},"_links":{"self":[{"href":"https:\/\/www.europesays.com\/fr\/wp-json\/wp\/v2\/posts\/697538","targetHints":{"allow":["GET"]}}],"collection":[{"href":"https:\/\/www.europesays.com\/fr\/wp-json\/wp\/v2\/posts"}],"about":[{"href":"https:\/\/www.europesays.com\/fr\/wp-json\/wp\/v2\/types\/post"}],"author":[{"embeddable":true,"href":"https:\/\/www.europesays.com\/fr\/wp-json\/wp\/v2\/users\/2"}],"replies":[{"embeddable":true,"href":"https:\/\/www.europesays.com\/fr\/wp-json\/wp\/v2\/comments?post=697538"}],"version-history":[{"count":0,"href":"https:\/\/www.europesays.com\/fr\/wp-json\/wp\/v2\/posts\/697538\/revisions"}],"wp:featuredmedia":[{"embeddable":true,"href":"https:\/\/www.europesays.com\/fr\/wp-json\/wp\/v2\/media\/697539"}],"wp:attachment":[{"href":"https:\/\/www.europesays.com\/fr\/wp-json\/wp\/v2\/media?parent=697538"}],"wp:term":[{"taxonomy":"category","embeddable":true,"href":"https:\/\/www.europesays.com\/fr\/wp-json\/wp\/v2\/categories?post=697538"},{"taxonomy":"post_tag","embeddable":true,"href":"https:\/\/www.europesays.com\/fr\/wp-json\/wp\/v2\/tags?post=697538"}],"curies":[{"name":"wp","href":"https:\/\/api.w.org\/{rel}","templated":true}]}}