{"id":697542,"date":"2026-01-29T14:58:10","date_gmt":"2026-01-29T14:58:10","guid":{"rendered":"https:\/\/www.europesays.com\/fr\/697542\/"},"modified":"2026-01-29T14:58:10","modified_gmt":"2026-01-29T14:58:10","slug":"ligue-europa-un-scenario-catastrophe-aussi-pour-lille","status":"publish","type":"post","link":"https:\/\/www.europesays.com\/fr\/697542\/","title":{"rendered":"Ligue Europa, un sc\u00e9nario catastrophe aussi pour Lille ?"},"content":{"rendered":"<p><strong>Apr\u00e8s sa d\u00e9faite face au Celta<br \/>\nVigo (2-1) jeudi dernier, Lille conna\u00eet d\u00e9sormais ses chances de<br \/>\nqualification pour la suite de la comp\u00e9tition. Et elles sont<br \/>\n(normalement) tr\u00e8s favorables.<\/strong><\/p>\n<p>Apr\u00e8s la folle soir\u00e9e de mercredi, il faut d\u00e9sormais s\u2019attendre<br \/>\n\u00e0 tout pour les clubs fran\u00e7ais. Malgr\u00e9 94,65 % de chances de se<br \/>\nqualifier en seizi\u00e8mes de finale de Ligue des champions, selon<br \/>\nOpta, l\u2019Olympique de Marseille a finalement \u00e9t\u00e9 \u00e9limin\u00e9 de<br \/>\nla comp\u00e9tition <a href=\"https:\/\/www.football.fr\/ligue-des-champions\/lincroyable-but-du-gardien-de-benfica-qui-elimine-lom-video-797238.html\" target=\"_blank\" rel=\"noopener\"><br \/>\nau terme d\u2019un sc\u00e9nario improbable<\/a>.<\/p>\n<p>Lille peut-il alors s\u2019attendre au pire ce jeudi soir (21h) lors<br \/>\nde l\u2019ultime journ\u00e9e de Ligue Europa ? Non, \u00e0 en croire les<br \/>\nprojections \u00e9mises par Football Rankings. Le sp\u00e9cialiste<br \/>\ndes statistiques \u00e9value \u00e0 99 % les chances de qualification du LOSC<br \/>\nen marge de la derni\u00e8re journ\u00e9e de Ligue Europa.<\/p>\n<blockquote class=\"twitter-tweet\"><p><a class=\"twitter-link\" rel=\"noindex, nofollow noopener\" href=\"https:\/\/twitter.com\/football_fr\/status\/2016833838618452332\" target=\"_blank\"><\/p><\/blockquote>\n<p>Actuellement 21es du classement (9 points), les Lillois vont<br \/>\nn\u00e9anmoins devoir se d\u00e9faire de Fribourg (3e, 17 points), \u00e9quipe<br \/>\nquasiment assur\u00e9 de terminer au sein du top 8 mais toujours \u00e0<br \/>\nl\u2019affut de la premi\u00e8re place occup\u00e9e pour l\u2019instant par l\u2019Olympique<br \/>\nLyonnais (18 points).<\/p>\n<p>Les diff\u00e9rents sc\u00e9narios pour Lille<\/p>\n<p>En cas de succ\u00e8s face aux Allemands, \u00e0 domicile, Lille<br \/>\ns\u2019assurait donc un printemps europ\u00e9en gr\u00e2ce \u00e0 un total de 12<br \/>\npoints. Si match nul il y a \u00e0 la D\u00e9cathlon Arena, il faudra alors<br \/>\nqu\u2019au minimum un adversaire direct des Dogues \u2013\u00a0 le Dinamo<br \/>\nZagreb, Brann Bergen, les Young Boys de Berne, le Celtic Glasgow et<br \/>\nLudogorets \u2013 ne gagne pas pour les qualifier.<\/p>\n<p>L\u2019\u00e9limination du LOSC est donc tout-\u00e0-fait improbable. Celle-ci<br \/>\nsurviendrait alors si les hommes de Bruno Genesio perdent, et que<br \/>\ndans le m\u00eame temps au moins quatre des neuf conditions suivantes ne<br \/>\nr\u00e9alisent pas : Brann Bergen et\/ou les Young Boys de Berne gagnent<br \/>\net d\u00e9passent Lille \u00e0 la diff\u00e9rence de but, le Celtic Glasgow et\/ou<br \/>\nLudogorets gagnent, et enfin que le Feyenoord Rotterdam, le FC<br \/>\nB\u00e2le, le RB Salzbourg, le FCSB et\/ou Go Ahead Eagles gagnent.<\/p>\n<blockquote class=\"twitter-tweet\"><p><a class=\"twitter-link\" rel=\"noindex, nofollow noopener\" href=\"https:\/\/twitter.com\/FootRankings\/status\/2014744184234594641\" target=\"_blank\"><\/p><\/blockquote>\n<p><script async src=\"https:\/\/platform.twitter.com\/widgets.js\" charset=\"utf-8\"><\/script><\/p>\n","protected":false},"excerpt":{"rendered":"Apr\u00e8s sa d\u00e9faite face au Celta Vigo (2-1) jeudi dernier, Lille conna\u00eet d\u00e9sormais ses chances de qualification pour&hellip;\n","protected":false},"author":2,"featured_media":697543,"comment_status":"","ping_status":"","sticky":false,"template":"","format":"standard","meta":{"footnotes":""},"categories":[9],"tags":[1011,27,60],"class_list":{"0":"post-697542","1":"post","2":"type-post","3":"status-publish","4":"format-standard","5":"has-post-thumbnail","7":"category-sports","8":"tag-fr","9":"tag-france","10":"tag-sports"},"share_on_mastodon":{"url":"https:\/\/pubeurope.com\/@fr\/115978980811012666","error":""},"_links":{"self":[{"href":"https:\/\/www.europesays.com\/fr\/wp-json\/wp\/v2\/posts\/697542","targetHints":{"allow":["GET"]}}],"collection":[{"href":"https:\/\/www.europesays.com\/fr\/wp-json\/wp\/v2\/posts"}],"about":[{"href":"https:\/\/www.europesays.com\/fr\/wp-json\/wp\/v2\/types\/post"}],"author":[{"embeddable":true,"href":"https:\/\/www.europesays.com\/fr\/wp-json\/wp\/v2\/users\/2"}],"replies":[{"embeddable":true,"href":"https:\/\/www.europesays.com\/fr\/wp-json\/wp\/v2\/comments?post=697542"}],"version-history":[{"count":0,"href":"https:\/\/www.europesays.com\/fr\/wp-json\/wp\/v2\/posts\/697542\/revisions"}],"wp:featuredmedia":[{"embeddable":true,"href":"https:\/\/www.europesays.com\/fr\/wp-json\/wp\/v2\/media\/697543"}],"wp:attachment":[{"href":"https:\/\/www.europesays.com\/fr\/wp-json\/wp\/v2\/media?parent=697542"}],"wp:term":[{"taxonomy":"category","embeddable":true,"href":"https:\/\/www.europesays.com\/fr\/wp-json\/wp\/v2\/categories?post=697542"},{"taxonomy":"post_tag","embeddable":true,"href":"https:\/\/www.europesays.com\/fr\/wp-json\/wp\/v2\/tags?post=697542"}],"curies":[{"name":"wp","href":"https:\/\/api.w.org\/{rel}","templated":true}]}}