{"id":697554,"date":"2026-01-29T15:05:15","date_gmt":"2026-01-29T15:05:15","guid":{"rendered":"https:\/\/www.europesays.com\/fr\/697554\/"},"modified":"2026-01-29T15:05:15","modified_gmt":"2026-01-29T15:05:15","slug":"la-premiere-edition-du-salon-des-peches-commence-ce-vendredi","status":"publish","type":"post","link":"https:\/\/www.europesays.com\/fr\/697554\/","title":{"rendered":"La premi\u00e8re \u00e9dition du Salon des P\u00eaches commence ce vendredi !"},"content":{"rendered":"<p><img decoding=\"async\" class=\"\" style=\"width:100%\" src=\"https:\/\/www.europesays.com\/fr\/wp-content\/uploads\/2026\/01\/p_che1769595407206.jpg\" alt=\"50 exposants seront pr\u00e9sents sur le salon durant ces 3 jours\"\/><\/p>\n<p>50 exposants seront pr\u00e9sents sur le salon durant ces 3 jours<\/p>\n<p>Cr\u00e9dit : Pixabay<\/p>\n<p style=\"text-align: justify;\">Ils devraient \u00eatre 10 000 \u00e0 y prendre part ce week-end. Avis aux amateurs de p\u00eache en tout genre. Un salon 100% d\u00e9di\u00e9 \u00e0 la pratique d\u00e9barque au Parc Expo de Saint-Etienne. Il ouvrira demain \u00e0 11h et accueillera les lig\u00e9riens jusqu\u2019au 1er f\u00e9vrier, de 10h \u00e0 19h le Samedi et de 10h \u00e0 18h, le dimanche. Cette offre est n\u00e9e pour r\u00e9pondre \u00e0 la grosse activit\u00e9 p\u00eache dans la Vall\u00e9e du Rh\u00f4ne. L\u2019\u00e9v\u00e9nement s\u2019adresse \u00e0 tous les profils de p\u00eacheurs, des passionn\u00e9es ou confirm\u00e9s jusqu\u2019aux simples curieux et amateurs. \u00ab C\u2019est un salon multi-p\u00eache donc on aura aussi bien des exposants qui vont repr\u00e9senter la p\u00eache \u00e0 la mouche, la p\u00eache \u00e0 la carpe, la p\u00eache au coup, la p\u00eache au feeder \u00bb, pr\u00e9cise Freddy Chollet, organisateur du Salon. C\u2019est donc une cinquantaine d\u2019exposants locaux et r\u00e9gionaux, pratiquants comme professionnels, qui proposeront aux visiteurs des conseils d\u2019\u00e9quipement et de techniques\u00a0: \u00ab\u00a0Ils \u00e9changeront sur leur passion, pr\u00e9senteront des nouveaut\u00e9s au niveau du mat\u00e9riel et raconteront leur v\u00e9cu au bord de l\u2019eau.\u00a0\u00bb<\/p>\n<p style=\"text-align: justify;\">Mais ce Salon des P\u00eaches sera aussi l\u2019occasion de profiter d\u2019animations diverses. Des d\u00e9monstrations de lancer de p\u00eache \u00e0 la mouche en bassin. Des vid\u00e9os de pr\u00e9sentation des diff\u00e9rents types de p\u00eache. Une exp\u00e9rience qui se veut immersive, confirme l\u2019organisateur\u00a0: \u00ab\u00a0Le stand de la F\u00e9d\u00e9ration P\u00eache 42 va m\u00eame mettre \u00e0 disposition des casques de r\u00e9alit\u00e9 virtuelle en 3D pour faire des simulations de p\u00eache sur un float tube\u00a0\u00bb. \u00c0 noter que la journ\u00e9e du Samedi sera la plus charg\u00e9e en termes d\u2019animations. En autre, une s\u00e9ance de d\u00e9dicace tr\u00e8s attendue sur le salon, avec le p\u00eacheur et influenceur, repr\u00e9sentant de la p\u00eache au silure, Jean-Claude Tanzilli.<\/p>\n<p><strong>Une discipline tr\u00e8s appr\u00e9ci\u00e9e par la nouvelle g\u00e9n\u00e9ration<\/strong><\/p>\n<p style=\"text-align: justify;\">Depuis 2\/3 ans, l\u2019engouement des jeunes pour la p\u00eache est de plus en plus grand. Un int\u00e9r\u00eat qui influence voire transforme la pratique elle-m\u00eame\u00a0: \u00ab\u00a0On a une nouvelle approche de la p\u00eache qui se fait avec les jeunes. On se dirige vers une forme plus respectueuse de l\u2019environnement, ce qu\u2019on appelle le \u2018no kill\u2019, rel\u00e2cher les poissons apr\u00e8s les avoir hame\u00e7onn\u00e9s.\u00a0\u00bb Sur le salon, les jeunes pourront d\u2019ailleurs \u00e9changer avec de c\u00e9l\u00e8bres youtubeurs sp\u00e9cialis\u00e9s dans la p\u00eache. \u00ab\u00a0On sait qu\u2019ils sont tr\u00e8s friands de ce type de personnes et \u00e7a fait un gros buzz en g\u00e9n\u00e9ral sur le salon\u00a0\u00bb, pr\u00e9cise Freddy Chollet. \u00a0\u00a0<\/p>\n<p style=\"text-align: justify;\">\u00c0 noter que l\u2019entr\u00e9e du Salon est gratuite pour les -18 ans et les \u00e9tudiants. En dehors de cette cat\u00e9gorie, n\u2019ayez crainte, vous avez quand m\u00eame votre chance, Activ est partenaire de l\u2019\u00e9v\u00e9nement et vous fait gagner des places !<\/p>\n","protected":false},"excerpt":{"rendered":"50 exposants seront pr\u00e9sents sur le salon durant ces 3 jours Cr\u00e9dit : Pixabay Ils devraient \u00eatre 10&hellip;\n","protected":false},"author":2,"featured_media":697555,"comment_status":"","ping_status":"","sticky":false,"template":"","format":"standard","meta":{"footnotes":""},"categories":[9653],"tags":[60730,79253,60731,79252,1111,11,2430,1777,674,1011,27,4074,12,4838,25,4001],"class_list":{"0":"post-697554","1":"post","2":"type-post","3":"status-publish","4":"format-standard","5":"has-post-thumbnail","7":"category-saint-etienne","8":"tag-parcexpo","9":"tag-pechealamouche","10":"tag-saintetienne","11":"tag-salondespeches","12":"tag-actu","13":"tag-actualites","14":"tag-auvergne-rhone-alpes","15":"tag-eu","16":"tag-europe","17":"tag-fr","18":"tag-france","19":"tag-jeunes","20":"tag-news","21":"tag-peche","22":"tag-republique-francaise","23":"tag-saint-etienne"},"share_on_mastodon":{"url":"https:\/\/pubeurope.com\/@fr\/115979008559443702","error":""},"_links":{"self":[{"href":"https:\/\/www.europesays.com\/fr\/wp-json\/wp\/v2\/posts\/697554","targetHints":{"allow":["GET"]}}],"collection":[{"href":"https:\/\/www.europesays.com\/fr\/wp-json\/wp\/v2\/posts"}],"about":[{"href":"https:\/\/www.europesays.com\/fr\/wp-json\/wp\/v2\/types\/post"}],"author":[{"embeddable":true,"href":"https:\/\/www.europesays.com\/fr\/wp-json\/wp\/v2\/users\/2"}],"replies":[{"embeddable":true,"href":"https:\/\/www.europesays.com\/fr\/wp-json\/wp\/v2\/comments?post=697554"}],"version-history":[{"count":0,"href":"https:\/\/www.europesays.com\/fr\/wp-json\/wp\/v2\/posts\/697554\/revisions"}],"wp:featuredmedia":[{"embeddable":true,"href":"https:\/\/www.europesays.com\/fr\/wp-json\/wp\/v2\/media\/697555"}],"wp:attachment":[{"href":"https:\/\/www.europesays.com\/fr\/wp-json\/wp\/v2\/media?parent=697554"}],"wp:term":[{"taxonomy":"category","embeddable":true,"href":"https:\/\/www.europesays.com\/fr\/wp-json\/wp\/v2\/categories?post=697554"},{"taxonomy":"post_tag","embeddable":true,"href":"https:\/\/www.europesays.com\/fr\/wp-json\/wp\/v2\/tags?post=697554"}],"curies":[{"name":"wp","href":"https:\/\/api.w.org\/{rel}","templated":true}]}}