{"id":697558,"date":"2026-01-29T15:07:16","date_gmt":"2026-01-29T15:07:16","guid":{"rendered":"https:\/\/www.europesays.com\/fr\/697558\/"},"modified":"2026-01-29T15:07:16","modified_gmt":"2026-01-29T15:07:16","slug":"la-belle-vie-concert-classique-a-nancy","status":"publish","type":"post","link":"https:\/\/www.europesays.com\/fr\/697558\/","title":{"rendered":"\u00ab\u00a0La belle vie\u00a0\u00bb : Concert Classique a Nancy"},"content":{"rendered":"<p>\t\t\t\t\t\t\t\t\t<a href=\"https:\/\/www.estrepublicain.fr\/pour-sortir\/loisirs\/Spectacle-theatre-conte\/Classique\/Lorraine\/Meurthe-et-moselle\/Nancy\/2026\/02\/10\/javascript:history.back();\" rel=\"nofollow noopener\" class=\"backToSearch\" target=\"_blank\">Retour \u00e0 la recherche<\/a><\/p>\n<p class=\"media-desc\" itemprop=\"description\">&#13;<br \/>\n\t\t\t\t\tLes M2 de la Facult\u00e9 de droit, des sciences \u00e9conomiques et de gestion de Nancy pr\u00e9sentent une pi\u00e8ce de Jean Anouilh.&#13;<br \/>\n\t\t\t\t\t\t\t\t\t\t\t&#13;<br \/>\n\t\t\t\t\t\t\t\t\t\tOn ne sait trop o\u00f9 poser \u00ab\u00a0La belle Vie\u00a0\u00bb dans l\u2019\u0153uvre d\u2019Anouilh. Pi\u00e8ce rose, pi\u00e8ce noire, hors cadre ?&#8230;<br \/>\nC\u2019est une pi\u00e8ce m\u00e9chante sous des apparences presque aimables, qui n\u2019est pas sans rappeler \u2014 mais comme une \u00e9pure \u2014 le terrifiant Pauvre Bitos ou le D\u00eener de t\u00eates (1956). Toujours plaisamment, en homme bien \u00e9lev\u00e9, Anouilh d\u00e9p\u00e8ce, d\u00e9membre, d\u00e9chire chaque protagoniste, et les sentiments, m\u00eame positifs, qu\u2019il leur pr\u00eate ont des relents de sanie.<br \/>\nBien s\u00fbr, il condamne sans appel ce bolchevisme grotesque qui n\u2019est qu\u2019un fascisme en d\u2019autres termes, mais sa vision de l\u2019aristo-bourgeoisie est, elle, d\u2019une cruaut\u00e9 condescendante qui glace le sang. Quant \u00e0 sa description des hommes d\u2019affaires, elle est si m\u00e9chamment exacte que l\u2019on reste sans voix ! Une fois de plus, avec Anouilh-le-Juste, la v\u00e9rit\u00e9 du th\u00e9\u00e2tre claque comme une lani\u00e8re sur le dos de la soci\u00e9t\u00e9. Qui s\u2019en fout.&#13;\n\t\t\t\t  <\/p>\n","protected":false},"excerpt":{"rendered":"Retour \u00e0 la recherche &#13; Les M2 de la Facult\u00e9 de droit, des sciences \u00e9conomiques et de gestion&hellip;\n","protected":false},"author":2,"featured_media":697559,"comment_status":"","ping_status":"","sticky":false,"template":"","format":"standard","meta":{"footnotes":""},"categories":[9635],"tags":[1111,11,1777,674,1011,27,775,1702,12,25],"class_list":{"0":"post-697558","1":"post","2":"type-post","3":"status-publish","4":"format-standard","5":"has-post-thumbnail","7":"category-nancy","8":"tag-actu","9":"tag-actualites","10":"tag-eu","11":"tag-europe","12":"tag-fr","13":"tag-france","14":"tag-grand-est","15":"tag-nancy","16":"tag-news","17":"tag-republique-francaise"},"share_on_mastodon":{"url":"https:\/\/pubeurope.com\/@fr\/115979016284809364","error":""},"_links":{"self":[{"href":"https:\/\/www.europesays.com\/fr\/wp-json\/wp\/v2\/posts\/697558","targetHints":{"allow":["GET"]}}],"collection":[{"href":"https:\/\/www.europesays.com\/fr\/wp-json\/wp\/v2\/posts"}],"about":[{"href":"https:\/\/www.europesays.com\/fr\/wp-json\/wp\/v2\/types\/post"}],"author":[{"embeddable":true,"href":"https:\/\/www.europesays.com\/fr\/wp-json\/wp\/v2\/users\/2"}],"replies":[{"embeddable":true,"href":"https:\/\/www.europesays.com\/fr\/wp-json\/wp\/v2\/comments?post=697558"}],"version-history":[{"count":0,"href":"https:\/\/www.europesays.com\/fr\/wp-json\/wp\/v2\/posts\/697558\/revisions"}],"wp:featuredmedia":[{"embeddable":true,"href":"https:\/\/www.europesays.com\/fr\/wp-json\/wp\/v2\/media\/697559"}],"wp:attachment":[{"href":"https:\/\/www.europesays.com\/fr\/wp-json\/wp\/v2\/media?parent=697558"}],"wp:term":[{"taxonomy":"category","embeddable":true,"href":"https:\/\/www.europesays.com\/fr\/wp-json\/wp\/v2\/categories?post=697558"},{"taxonomy":"post_tag","embeddable":true,"href":"https:\/\/www.europesays.com\/fr\/wp-json\/wp\/v2\/tags?post=697558"}],"curies":[{"name":"wp","href":"https:\/\/api.w.org\/{rel}","templated":true}]}}