{"id":697560,"date":"2026-01-29T15:08:18","date_gmt":"2026-01-29T15:08:18","guid":{"rendered":"https:\/\/www.europesays.com\/fr\/697560\/"},"modified":"2026-01-29T15:08:18","modified_gmt":"2026-01-29T15:08:18","slug":"municipales-2026-qui-sont-les-candidats-declares-a-nancy-2","status":"publish","type":"post","link":"https:\/\/www.europesays.com\/fr\/697560\/","title":{"rendered":"Municipales 2026. Qui sont les candidats d\u00e9clar\u00e9s \u00e0 Nancy\u00a0?"},"content":{"rendered":"<p>                    Par<br \/>\n        <strong><br \/>\n            <a href=\"https:\/\/actu.fr\/auteur\/amandine-mehl\" title=\"Consulter tous les articles de Amandine Mehl\" target=\"_blank\" rel=\"noopener\">Amandine Mehl<\/a><br \/>\n                    <\/strong><\/p>\n<p>        Publi\u00e9 le<\/p>\n<p>            29 janv. 2026 \u00e0 14h39        <\/p>\n<p>Les \u00e9lections <a href=\"https:\/\/actu.fr\/tag\/municipales-2026\" target=\"_blank\" rel=\"noopener\">municipales 2026<\/a> se d\u00e9rouleront les <strong>15 et 22\u00a0mars<\/strong> prochains. \u00c0 <strong>Nancy<\/strong>, <strong>cinq candidats<\/strong> sont d\u00e9clar\u00e9s, <strong>dont le maire actuel<\/strong>, Mathieu Klein, d\u00e9sireux de briguer un second mandat.<\/p>\n<p class=\" wall-content\">Lorraine Actu vous propose de faire le point sur les pr\u00e9tendants au fauteuil de maire.<\/p>\n<p>Mathieu Klein, maire de Nancy, candidat<\/p>\n<p class=\" wall-content\"><a href=\"https:\/\/actu.fr\/tag\/mathieu-klein\" target=\"_blank\" rel=\"noopener\">Mathieu Klein<\/a>, \u00e9lu maire en 2020, a <a href=\"https:\/\/actu.fr\/grand-est\/nancy_54395\/municipales-2026-a-nancy-mathieu-klein-maire-sortant-officialise-sa-candidature_63710018.html\" target=\"_blank\" rel=\"noopener\">officialis\u00e9 sa candidature<\/a> le 17\u00a0janvier dernier. Il repr\u00e9sente <a href=\"https:\/\/actu.fr\/grand-est\/nancy_54395\/mathieu-klein-devoile-sa-liste-pour-les-elections-municipales-a-nancy-voici-les-personnes-qui-en-font-partie_63742895.html\" target=\"_blank\" rel=\"noopener\">la liste<\/a> Nancy grandit et a re\u00e7u le soutien du <strong>Parti socialiste<\/strong>, des <strong>\u00c9cologistes<\/strong>, du <strong>Parti communiste fran\u00e7ais<\/strong>, de <strong>Place Publique<\/strong> et du <strong>Parti radical de gauche<\/strong>.<\/p>\n<p class=\" wall-content\">Dans une lettre adress\u00e9e aux habitants, il a assur\u00e9 vouloir \u00ab<strong>\u2009poursuivre et amplifier le travail<\/strong>\u2009\u00bb engag\u00e9 depuis six ans. Son programme sera d\u00e9voil\u00e9 le 31\u00a0janvier.<\/p>\n<p>Laurent H\u00e9nart, maire de 2014 \u00e0 2020, candidat<\/p>\n<p class=\" wall-content\"><a href=\"https:\/\/actu.fr\/tag\/laurent-henart\" target=\"_blank\" rel=\"noopener\">Laurent H\u00e9nart<\/a>, maire de Nancy <strong>de 2014 \u00e0 2020<\/strong>, <a href=\"https:\/\/actu.fr\/grand-est\/nancy_54395\/municipales-2026-a-nancy-l-ancien-maire-laurent-henart-annonce-officiellement-sa-candidature_63741866.html\" target=\"_blank\" rel=\"noopener\">repart lui aussi en campagne<\/a>. Si ses colistiers ne sont pas connus pour l\u2019heure, celui qui a re\u00e7u le soutien de <a href=\"https:\/\/actu.fr\/grand-est\/nancy_54395\/municipales-2026-a-nancy-renaissance-le-parti-d-emmanuel-macron-soutient-laurent-henart_63730357.html\" target=\"_blank\" rel=\"noopener\">Renaissance<\/a>, le parti d\u2019Emmanuel Macron, mais aussi d\u2019<a href=\"https:\/\/actu.fr\/grand-est\/nancy_54395\/municipales-2026-a-nancy-horizons-le-parti-d-edouard-philippe-apporte-son-soutien-a-laurent-henart_63610373.html\" target=\"_blank\" rel=\"noopener\">Horizons<\/a>, le parti d\u2019\u00c9douard Philippe, a communiqu\u00e9 ses <a href=\"https:\/\/actu.fr\/grand-est\/nancy_54395\/municipales-2026-a-nancy-choc-de-securite-pouvoir-d-achat-laurent-henart-devoile-ses-premieres-mesures_63756452.html\" target=\"_blank\" rel=\"noopener\">25 premi\u00e8res mesures<\/a>.<\/p>\n<p class=\" wall-content\">Laurent H\u00e9nart, qui repr\u00e9sente la liste Nancy avec vous, a annonc\u00e9 vouloir \u00eatre le maire \u00ab\u2009qui assure une <strong>meilleure vie quotidienne<\/strong>\u2009\u00bb et vise \u00ab\u2009que Nancy soit une ville o\u00f9 il fait bon vivre, \u00e9tudier, entreprendre et vieillir\u2009\u00bb.<\/p>\n<p>Emmanuel Lacresse, ancien d\u00e9put\u00e9, candidat<\/p>\n<p class=\" wall-content\">Le troisi\u00e8me candidat a \u00e9t\u00e9 <strong>d\u00e9put\u00e9<\/strong> de la deuxi\u00e8me circonscription de Meurthe-et-Moselle de 2022 \u00e0 2024. Il s\u2019agit d\u2019<strong>Emmanuel Lacresse<\/strong>, avec la liste Nancy en avant.<\/p>\n<p class=\" wall-content\">Pour le moment, sa liste et son programme <strong>n\u2019ont pas<\/strong> \u00e9t\u00e9 d\u00e9voil\u00e9s.<\/p>\n<p>Votre r\u00e9gion, votre actu !<\/p>\n<p>Recevez chaque jour les infos qui comptent pour vous.<\/p>\n<p>\t<a href=\"https:\/\/actu.fr\/newsletter\" class=\"ac-btn ac-btn--corner ac-btn--medium ac-btn--blue800\" target=\"_blank\" rel=\"noopener\">S&rsquo;incrire<\/a><br \/>\nSarah Farghaly, candidate La France Insoumise<\/p>\n<p class=\" wall-content\">La <strong>France Insoumise<\/strong>, parti politique fond\u00e9 par <strong>Jean-Luc M\u00e9lenchon<\/strong>, est repr\u00e9sent\u00e9e par <a href=\"https:\/\/actu.fr\/grand-est\/nancy_54395\/municipales-2026-a-nancy-sarah-farghaly-candidate-lfi-devoile-les-premieres-lignes-de-son-programme_63431071.html\" target=\"_blank\" rel=\"noopener\">Sarah Farghaly<\/a>, t\u00eate de liste Nancy Insoumise.<\/p>\n<p class=\" wall-content\">La candidate souhaite ainsi faire de Nancy \u00ab\u2009un <strong>rempart contre la pauvret\u00e9 et la pr\u00e9carit\u00e9<\/strong>\u2009\u00bb, mener \u00ab\u2009une \u00e9cologie populaire\u2009\u00bb, \u00ab\u2009soutenir les collectifs citoyens pour une ville humaine\u2009\u00bb, \u00ab\u2009<strong>favoriser l\u2019intervention des habitants<\/strong> dans toutes les d\u00e9cisions importantes\u2009\u00bb, \u00ab\u2009lutter contre tous les types de violence et de discrimination\u2009\u00bb et \u00ab\u2009revenir \u00e0 une gestion publique des services publics\u2009\u00bb.<\/p>\n<p>Christiane Nimsgern, candidate Lutte Ouvri\u00e8re<\/p>\n<p class=\" wall-content\">La derni\u00e8re candidate est Christiane Nimsgern, pour le parti <a href=\"https:\/\/actu.fr\/grand-est\/nancy_54395\/municipales-2026-a-nancy-lutte-ouvriere-designe-sa-candidate_63675117.html\" target=\"_blank\" rel=\"noopener\">Lutte Ouvri\u00e8re<\/a>.<\/p>\n<p class=\" wall-content\">Aide-soignante \u00e0 la retraite, elle n\u2019est<strong> pas une inconnue<\/strong> \u00e0 Nancy puisque sa premi\u00e8re campagne, dans le cadre des \u00e9lections municipales, <strong>remonte \u00e0 2001<\/strong>. En 2020, elle avait recueilli<strong> 0,90\u2009%<\/strong> des suffrages exprim\u00e9s.<\/p>\n<p class=\" wall-content\">Personnalisez votre actualit\u00e9 en ajoutant vos villes et m\u00e9dias en favori avec <a href=\"https:\/\/moncompte.actu.fr\" title=\"D\u00e9couvez Mon Actu\" rel=\"nofollow noopener\" data-trk=\"{&quot;cta&quot;:{&quot;action&quot;:&quot;https:\\\/\\\/moncompte.actu.fr&quot;,&quot;category&quot;:&quot;mon compte&quot;,&quot;from&quot;:&quot;article footer&quot;,&quot;name&quot;:&quot;Mon actu&quot;,&quot;type&quot;:&quot;cta&quot;}}\" target=\"_blank\">Mon Actu<\/a>.<\/p>\n","protected":false},"excerpt":{"rendered":"Par Amandine Mehl Publi\u00e9 le 29 janv. 2026 \u00e0 14h39 Les \u00e9lections municipales 2026 se d\u00e9rouleront les 15&hellip;\n","protected":false},"author":2,"featured_media":697561,"comment_status":"","ping_status":"","sticky":false,"template":"","format":"standard","meta":{"footnotes":""},"categories":[9635],"tags":[1111,11,4188,1777,674,1011,27,775,3434,1702,12,316,25],"class_list":{"0":"post-697560","1":"post","2":"type-post","3":"status-publish","4":"format-standard","5":"has-post-thumbnail","7":"category-nancy","8":"tag-actu","9":"tag-actualites","10":"tag-elections-municipales","11":"tag-eu","12":"tag-europe","13":"tag-fr","14":"tag-france","15":"tag-grand-est","16":"tag-municipales-2026","17":"tag-nancy","18":"tag-news","19":"tag-politique","20":"tag-republique-francaise"},"share_on_mastodon":{"url":"https:\/\/pubeurope.com\/@fr\/115979020367223736","error":""},"_links":{"self":[{"href":"https:\/\/www.europesays.com\/fr\/wp-json\/wp\/v2\/posts\/697560","targetHints":{"allow":["GET"]}}],"collection":[{"href":"https:\/\/www.europesays.com\/fr\/wp-json\/wp\/v2\/posts"}],"about":[{"href":"https:\/\/www.europesays.com\/fr\/wp-json\/wp\/v2\/types\/post"}],"author":[{"embeddable":true,"href":"https:\/\/www.europesays.com\/fr\/wp-json\/wp\/v2\/users\/2"}],"replies":[{"embeddable":true,"href":"https:\/\/www.europesays.com\/fr\/wp-json\/wp\/v2\/comments?post=697560"}],"version-history":[{"count":0,"href":"https:\/\/www.europesays.com\/fr\/wp-json\/wp\/v2\/posts\/697560\/revisions"}],"wp:featuredmedia":[{"embeddable":true,"href":"https:\/\/www.europesays.com\/fr\/wp-json\/wp\/v2\/media\/697561"}],"wp:attachment":[{"href":"https:\/\/www.europesays.com\/fr\/wp-json\/wp\/v2\/media?parent=697560"}],"wp:term":[{"taxonomy":"category","embeddable":true,"href":"https:\/\/www.europesays.com\/fr\/wp-json\/wp\/v2\/categories?post=697560"},{"taxonomy":"post_tag","embeddable":true,"href":"https:\/\/www.europesays.com\/fr\/wp-json\/wp\/v2\/tags?post=697560"}],"curies":[{"name":"wp","href":"https:\/\/api.w.org\/{rel}","templated":true}]}}