{"id":697568,"date":"2026-01-29T15:12:17","date_gmt":"2026-01-29T15:12:17","guid":{"rendered":"https:\/\/www.europesays.com\/fr\/697568\/"},"modified":"2026-01-29T15:12:17","modified_gmt":"2026-01-29T15:12:17","slug":"un-ancien-rugbyman-international-sapprete-a-ouvrir-son-restaurant-dempanadas-en-plein-coeur-de-montpellier","status":"publish","type":"post","link":"https:\/\/www.europesays.com\/fr\/697568\/","title":{"rendered":"Un ancien rugbyman international s\u2019appr\u00eate \u00e0 ouvrir son restaurant d\u2019empanadas en plein c\u0153ur de Montpellier"},"content":{"rendered":"<p>\n                                                                L\u2019enseigne \u00ab\u00a0Chez Matias\u00a0\u00bb pr\u00e9pare son arriv\u00e9e \u00e0 Montpellier, place Jean-Jaur\u00e8s. Il s\u2019agit du quatri\u00e8me restaurant de l\u2019ancien rugbyman argentino-italien Matias Aguero.\n                            <\/p>\n<p>Il y aura bient\u00f4t un nouveau venu\u00a0sur le secteur\u00a0d\u00e9cid\u00e9ment porteur\u00a0des empanadas, le chausson farci sud am\u00e9ricain, \u00e0 Montpellier. L\u2019enseigne Chez Matias, d\u00e9j\u00e0 implant\u00e9e \u00e0 Aix-en-Provence puis \u00e0 N\u00eemes depuis f\u00e9vrier dernier, pr\u00e9pare son arriv\u00e9e dans l\u2019\u00c9cusson. Et plus pr\u00e9cis\u00e9ment place Jean-Jaur\u00e8s, en lieu et place <a href=\"https:\/\/www.midilibre.fr\/2025\/09\/03\/fermeture-definitive-cette-enseigne-de-burgers-bien-connue-a-montpellier-baisse-le-rideau-12907983.php\" target=\"_blank\" rel=\"noopener\">des burgers Big Fernand<\/a>, ferm\u00e9s depuis septembre. Des travaux sont en cours au n\u00b06.<\/p>\n<p>Matias Aguero, du rugby \u00e0 la restauration<\/p>\n<p>Derri\u00e8re la promesse d\u2019empanadas \u00ab\u00a0typiquement argentines et faites maison\u00a0\u00bb se cache un parcours insolite. Celui de l\u2019ancien rugbyman professionnel Matias Aguero, d\u2019origine argentine et naturalis\u00e9 italien. Apr\u00e8s trois tournois des six nations et deux coupes du monde, le pilier a pos\u00e9 ses crampons en Provence.<\/p>\n<p>        <img decoding=\"async\" class=\"std-img__img responsive-img\" src=\"https:\/\/www.europesays.com\/fr\/wp-content\/uploads\/2026\/01\/1769699537_109_image.jpg\" alt=\"Chez Matias reprend le local jusqu\u2019alors occup\u00e9 par les burgers Big Fernand.\"\/><\/p>\n<p>                Chez Matias reprend le local jusqu\u2019alors occup\u00e9 par les burgers Big Fernand.<br \/>\n                                    Midi Libre &#8211; JEAN-MICHEL MART<\/p>\n<p>En 2018, il tente l\u2019aventure culinaire derri\u00e8re le comptoir d\u2019un food-truck, puis cr\u00e9e son premier restaurant, \u00e0 Aix-en-Provence. Huit ans et trois restaurants plus tard, Matias Aguero s\u2019appr\u00eate donc \u00e0 ouvrir son quatri\u00e8me \u00e9tablissement \u00e0 Montpellier.\u00a0\u00ab\u00a0J\u2019ai eu l\u2019envie d\u2019importer un petit bout d\u2019Argentine en France. J\u2019ai constat\u00e9 que les Fran\u00e7ais connaissaient peu la culture argentine et j\u2019ai eu envie de leur transmettre une part de mes traditions\u00a0\u00bb, confiait-il \u00e0 Midi Libre \u00e0 l\u2019occasion de l\u2019ouverture de son antenne n\u00eemoise.<\/p>\n","protected":false},"excerpt":{"rendered":"L\u2019enseigne \u00ab\u00a0Chez Matias\u00a0\u00bb pr\u00e9pare son arriv\u00e9e \u00e0 Montpellier, place Jean-Jaur\u00e8s. Il s\u2019agit du quatri\u00e8me restaurant de l\u2019ancien rugbyman&hellip;\n","protected":false},"author":2,"featured_media":697569,"comment_status":"","ping_status":"","sticky":false,"template":"","format":"standard","meta":{"footnotes":""},"categories":[9599],"tags":[1111,11,872,1777,674,1011,27,70255,7089,2208,12,2680,25],"class_list":{"0":"post-697568","1":"post","2":"type-post","3":"status-publish","4":"format-standard","5":"has-post-thumbnail","7":"category-montpellier","8":"tag-actu","9":"tag-actualites","10":"tag-culture-et-loisirs","11":"tag-eu","12":"tag-europe","13":"tag-fr","14":"tag-france","15":"tag-gastronomie-et-terroir","16":"tag-herault","17":"tag-montpellier","18":"tag-news","19":"tag-occitanie","20":"tag-republique-francaise"},"share_on_mastodon":{"url":"","error":""},"_links":{"self":[{"href":"https:\/\/www.europesays.com\/fr\/wp-json\/wp\/v2\/posts\/697568","targetHints":{"allow":["GET"]}}],"collection":[{"href":"https:\/\/www.europesays.com\/fr\/wp-json\/wp\/v2\/posts"}],"about":[{"href":"https:\/\/www.europesays.com\/fr\/wp-json\/wp\/v2\/types\/post"}],"author":[{"embeddable":true,"href":"https:\/\/www.europesays.com\/fr\/wp-json\/wp\/v2\/users\/2"}],"replies":[{"embeddable":true,"href":"https:\/\/www.europesays.com\/fr\/wp-json\/wp\/v2\/comments?post=697568"}],"version-history":[{"count":0,"href":"https:\/\/www.europesays.com\/fr\/wp-json\/wp\/v2\/posts\/697568\/revisions"}],"wp:featuredmedia":[{"embeddable":true,"href":"https:\/\/www.europesays.com\/fr\/wp-json\/wp\/v2\/media\/697569"}],"wp:attachment":[{"href":"https:\/\/www.europesays.com\/fr\/wp-json\/wp\/v2\/media?parent=697568"}],"wp:term":[{"taxonomy":"category","embeddable":true,"href":"https:\/\/www.europesays.com\/fr\/wp-json\/wp\/v2\/categories?post=697568"},{"taxonomy":"post_tag","embeddable":true,"href":"https:\/\/www.europesays.com\/fr\/wp-json\/wp\/v2\/tags?post=697568"}],"curies":[{"name":"wp","href":"https:\/\/api.w.org\/{rel}","templated":true}]}}