{"id":697593,"date":"2026-01-29T15:29:11","date_gmt":"2026-01-29T15:29:11","guid":{"rendered":"https:\/\/www.europesays.com\/fr\/697593\/"},"modified":"2026-01-29T15:29:11","modified_gmt":"2026-01-29T15:29:11","slug":"exclusif-lancien-elu-toulousain-frederic-brasiles-renvoye-pour-des-viols-sur-cinq-femmes-dont-deux-mineures","status":"publish","type":"post","link":"https:\/\/www.europesays.com\/fr\/697593\/","title":{"rendered":"EXCLUSIF. L\u2019ancien \u00e9lu toulousain Fr\u00e9d\u00e9ric Brasil\u00e8s renvoy\u00e9 pour des viols sur cinq femmes dont deux mineures"},"content":{"rendered":"<p>\n                                                                    l&rsquo;essentiel<br \/>\n                                                                INFO LA DEPECHE. La chambre de l\u2019instruction de la cour d\u2019appel de Toulouse a officialis\u00e9 ce jeudi le renvoi de Fr\u00e9d\u00e9ric Brasil\u00e8s devant la cour criminelle de la Haute-Garonne. L\u2019ancien \u00e9lu toulousain est accus\u00e9 de viols sur cinq femmes, dont deux \u00e9taient mineures lors des faits en\u00a02007 et\u00a02019. Son \u00e9pouse est \u00e9galement renvoy\u00e9e, accus\u00e9e de viol.\n                            <\/p>\n<p>Ouvert en octobre\u00a02019 suite au placement en garde \u00e0 vue du suspect accus\u00e9 de viol, le dossier de Fr\u00e9d\u00e9ric Brasil\u00e8s vient de conna\u00eetre une nouvelle \u00e9tape. Saisie par la d\u00e9fense, qui conteste toujours le caract\u00e8re non consenti des diff\u00e9rents rapports sexuels reproch\u00e9s par la justice, la chambre de l\u2019instruction a renvoy\u00e9 l\u2019ancien \u00e9lu toulousain pour viols devant la cour criminelle de la Haute-Garonne.<\/p>\n<p>Dans cette d\u00e9cision, les juges de la cour d\u2019appel estiment, comme le parquet de Toulouse dans son r\u00e9quisitoire, puis\u00a0le juge d\u2019instruction qui a travaill\u00e9 sur ce dossier dans son ordonnance de renvoi, que l\u2019ancien conseiller municipal a contraint plusieurs femmes \u00e0 des relations sexuelles non d\u00e9sir\u00e9es. Ces victimes d\u00e9crivent\u00a0des rapports contraints de la part d\u2019un homme qui revendique ses pratiques libertines et son go\u00fbt des femmes.<\/p>\n<p>Pas des relations consenties<\/p>\n<p>Seulement les diff\u00e9rents magistrats qui ont \u00e9tudi\u00e9 ce dossier ont estim\u00e9 que ces relations ne pouvaient \u00eatre consid\u00e9r\u00e9es comme consenties. Et cela m\u00eame au sein du laboratoire de photo de cet artisan, sp\u00e9cialiste des portraits, des mariages et des photographies de nu souvent tendancieuses.<\/p>\n<p class=\"std-elt__inline\">\n        <strong>\u00c0 lire aussi :<\/strong><br \/>\n        <a href=\"https:\/\/www.ladepeche.fr\/2019\/12\/05\/frederic-brasiles-mis-en-examen-pour-viols-et-agression-sexuelle,8584397.php\" target=\"_blank\" rel=\"noopener\">Toulouse : l&rsquo;ex-\u00e9lu, Fr\u00e9d\u00e9ric Brasil\u00e8s, mis en examen pour \u00abviols et agression sexuelle\u00bb<\/a>\n    <\/p>\n<p>Au d\u00e9part des investigations, les membres de la police judiciaire ont entendu le t\u00e9moignage d\u2019une femme qui, plusieurs ann\u00e9es apr\u00e8s les faits, a d\u00e9nonc\u00e9 un viol. C\u2019\u00e9tait en juin\u00a02012\u00a0dans le studio de l\u2019accus\u00e9. Son r\u00e9cit pr\u00e9sente des similitudes avec d\u2019autres faits reproch\u00e9s par trois autres femmes.<\/p>\n<p>Deux crimes concernent \u00e9galement des victimes mineures. Le premier a eu lieu lors d\u2019un mariage, o\u00f9 Fr\u00e9d\u00e9ric Brasil\u00e8s assurait les prises de vues pr\u00e8s de Toulouse. Apr\u00e8s cette soir\u00e9e, une jeune femme de 17 ans avait d\u00e9pos\u00e9 plainte au commissariat central de Toulouse en juillet\u00a02007. Malgr\u00e9 une garde \u00e0 vue du mis en cause, le dossier avait \u00e9t\u00e9 class\u00e9 sans suite par le parquet. Cette fois, les juges estiment que cette relation, dans le parc d\u2019un ch\u00e2teau, constitue bien un viol.<\/p>\n<p>L\u2019\u00e9pouse \u00e9galement renvoy\u00e9e<\/p>\n<p>Une autre mineure, entendue dans le cadre de l\u2019enqu\u00eate, a racont\u00e9 des soir\u00e9es tr\u00e8s sexuelles au domicile de Fr\u00e9d\u00e9ric Brasil\u00e8s. Alors \u00e2g\u00e9e de 15 ans, la jeune femme s\u2019occupait de l\u2019enfant du couple. Seulement tr\u00e8s vite, ces soir\u00e9es de baby-sitting se sont prolong\u00e9es par des relations sexuelles. Avec Fr\u00e9d\u00e9ric Brasil\u00e8s mais \u00e9galement avec son \u00e9pouse, l\u2019alcool aidant l\u2019adolescente \u00e0 se laisser aller \u00e0 des jeux lubriques. La chambre de l\u2019instruction estime d\u2019ailleurs qu\u2019il s\u2019agit de viols par personnes ayant autorit\u00e9 entre octobre\u00a02011 et d\u00e9cembre\u00a02016.<\/p>\n<p class=\"std-elt__inline\">\n        <strong>\u00c0 lire aussi :<\/strong><br \/>\n        <a href=\"https:\/\/www.ladepeche.fr\/2021\/09\/30\/toulouse-nouvelles-accusations-de-viols-a-lencontre-de-frederic-brasiles-9823272.php\" target=\"_blank\" rel=\"noopener\">Toulouse : nouvelles accusations de viols \u00e0 l&rsquo;encontre de Fr\u00e9d\u00e9ric Brasil\u00e8s, ancien adjoint \u00e0 la mairie<\/a>\n    <\/p>\n<p>Cette d\u00e9cision ouvre la porte d\u2019un proc\u00e8s sauf si la d\u00e9fense choisit de d\u00e9poser un pourvoi en cassation contre ce renvoi. Les crimes reproch\u00e9s sont punis d\u2019un maximum de 20 ann\u00e9es de r\u00e9clusion criminelle. Au regard des programmes charg\u00e9s de la cour criminelle de la Haute-Garonne, ce dossier ne devrait pas pouvoir \u00eatre jug\u00e9 avant la fin de l\u2019ann\u00e9e, voire lors du premier trimestre 2027.\u00a0Depuis sa mise en cause, Fr\u00e9d\u00e9ric Brasil\u00e8s, qui vient de f\u00eater ses 51 ans, n\u2019a jamais \u00e9t\u00e9 incarc\u00e9r\u00e9.<\/p>\n","protected":false},"excerpt":{"rendered":"l&rsquo;essentiel INFO LA DEPECHE. La chambre de l\u2019instruction de la cour d\u2019appel de Toulouse a officialis\u00e9 ce jeudi&hellip;\n","protected":false},"author":2,"featured_media":697594,"comment_status":"","ping_status":"","sticky":false,"template":"","format":"standard","meta":{"footnotes":""},"categories":[2816],"tags":[1111,11,1777,674,1011,27,329,2722,303,12,2680,25,2312],"class_list":{"0":"post-697593","1":"post","2":"type-post","3":"status-publish","4":"format-standard","5":"has-post-thumbnail","7":"category-toulouse","8":"tag-actu","9":"tag-actualites","10":"tag-eu","11":"tag-europe","12":"tag-fr","13":"tag-france","14":"tag-france-monde","15":"tag-haute-garonne","16":"tag-justice","17":"tag-news","18":"tag-occitanie","19":"tag-republique-francaise","20":"tag-toulouse"},"share_on_mastodon":{"url":"https:\/\/pubeurope.com\/@fr\/115979102754039230","error":""},"_links":{"self":[{"href":"https:\/\/www.europesays.com\/fr\/wp-json\/wp\/v2\/posts\/697593","targetHints":{"allow":["GET"]}}],"collection":[{"href":"https:\/\/www.europesays.com\/fr\/wp-json\/wp\/v2\/posts"}],"about":[{"href":"https:\/\/www.europesays.com\/fr\/wp-json\/wp\/v2\/types\/post"}],"author":[{"embeddable":true,"href":"https:\/\/www.europesays.com\/fr\/wp-json\/wp\/v2\/users\/2"}],"replies":[{"embeddable":true,"href":"https:\/\/www.europesays.com\/fr\/wp-json\/wp\/v2\/comments?post=697593"}],"version-history":[{"count":0,"href":"https:\/\/www.europesays.com\/fr\/wp-json\/wp\/v2\/posts\/697593\/revisions"}],"wp:featuredmedia":[{"embeddable":true,"href":"https:\/\/www.europesays.com\/fr\/wp-json\/wp\/v2\/media\/697594"}],"wp:attachment":[{"href":"https:\/\/www.europesays.com\/fr\/wp-json\/wp\/v2\/media?parent=697593"}],"wp:term":[{"taxonomy":"category","embeddable":true,"href":"https:\/\/www.europesays.com\/fr\/wp-json\/wp\/v2\/categories?post=697593"},{"taxonomy":"post_tag","embeddable":true,"href":"https:\/\/www.europesays.com\/fr\/wp-json\/wp\/v2\/tags?post=697593"}],"curies":[{"name":"wp","href":"https:\/\/api.w.org\/{rel}","templated":true}]}}