{"id":697621,"date":"2026-01-29T15:45:13","date_gmt":"2026-01-29T15:45:13","guid":{"rendered":"https:\/\/www.europesays.com\/fr\/697621\/"},"modified":"2026-01-29T15:45:13","modified_gmt":"2026-01-29T15:45:13","slug":"usa-le-deficit-commercial-a-son-plus-haut-niveau-en-pres-de-34-ans","status":"publish","type":"post","link":"https:\/\/www.europesays.com\/fr\/697621\/","title":{"rendered":"USA-Le d\u00e9ficit commercial \u00e0 son plus haut niveau en pr\u00e8s de 34 ans"},"content":{"rendered":"<p class=\"txt-s3 my-0\"><b>Bessent, Trump, deux salles, deux ambiances<\/b><\/p>\n<p class=\" mt-10 mb-0 txt-overflow-4\">\n                            Pendant que le dollar continue \u00e0 s&rsquo;agiter, les publications d&rsquo;entreprises tombent plus drues que les placements produits dans des vid\u00e9os d&rsquo;influenceurs. Les d\u00e9penses somptuaires de Microsoft et Meta dans l&rsquo;IA ont re\u00e7u un accueil tr\u00e8s diff\u00e9rent, tandis que la r\u00e9union de la Fed a ressembl\u00e9 \u00e0 un non-\u00e9v\u00e9nement. La s\u00e9ance de jeudi sera encore marqu\u00e9e par les annonces de r\u00e9sultats, de A comme Apple \u00e0 W comme Wizz Air (oui, je n&rsquo;ai pas trouv\u00e9 de Z).\n                    <\/p>\n","protected":false},"excerpt":{"rendered":"Bessent, Trump, deux salles, deux ambiances Pendant que le dollar continue \u00e0 s&rsquo;agiter, les publications d&rsquo;entreprises tombent plus&hellip;\n","protected":false},"author":2,"featured_media":48534,"comment_status":"","ping_status":"","sticky":false,"template":"","format":"standard","meta":{"footnotes":""},"categories":[1589],"tags":[11,340,73,1866,12,1864,1865,1863,308],"class_list":{"0":"post-697621","1":"post","2":"type-post","3":"status-publish","4":"format-standard","5":"has-post-thumbnail","7":"category-etats-unis","8":"tag-actualites","9":"tag-bourse","10":"tag-etats-unis","11":"tag-etats-unis-damerique","12":"tag-news","13":"tag-united-states","14":"tag-united-states-of-america","15":"tag-us","16":"tag-usa"},"share_on_mastodon":{"url":"https:\/\/pubeurope.com\/@fr\/115979165658567758","error":""},"_links":{"self":[{"href":"https:\/\/www.europesays.com\/fr\/wp-json\/wp\/v2\/posts\/697621","targetHints":{"allow":["GET"]}}],"collection":[{"href":"https:\/\/www.europesays.com\/fr\/wp-json\/wp\/v2\/posts"}],"about":[{"href":"https:\/\/www.europesays.com\/fr\/wp-json\/wp\/v2\/types\/post"}],"author":[{"embeddable":true,"href":"https:\/\/www.europesays.com\/fr\/wp-json\/wp\/v2\/users\/2"}],"replies":[{"embeddable":true,"href":"https:\/\/www.europesays.com\/fr\/wp-json\/wp\/v2\/comments?post=697621"}],"version-history":[{"count":0,"href":"https:\/\/www.europesays.com\/fr\/wp-json\/wp\/v2\/posts\/697621\/revisions"}],"wp:featuredmedia":[{"embeddable":true,"href":"https:\/\/www.europesays.com\/fr\/wp-json\/wp\/v2\/media\/48534"}],"wp:attachment":[{"href":"https:\/\/www.europesays.com\/fr\/wp-json\/wp\/v2\/media?parent=697621"}],"wp:term":[{"taxonomy":"category","embeddable":true,"href":"https:\/\/www.europesays.com\/fr\/wp-json\/wp\/v2\/categories?post=697621"},{"taxonomy":"post_tag","embeddable":true,"href":"https:\/\/www.europesays.com\/fr\/wp-json\/wp\/v2\/tags?post=697621"}],"curies":[{"name":"wp","href":"https:\/\/api.w.org\/{rel}","templated":true}]}}