{"id":697631,"date":"2026-01-29T15:51:11","date_gmt":"2026-01-29T15:51:11","guid":{"rendered":"https:\/\/www.europesays.com\/fr\/697631\/"},"modified":"2026-01-29T15:51:11","modified_gmt":"2026-01-29T15:51:11","slug":"lassemblee-approuve-une-loi-en-faveur-de-la-gratuite-des-parkings-des-hopitaux-publics","status":"publish","type":"post","link":"https:\/\/www.europesays.com\/fr\/697631\/","title":{"rendered":"L\u2019Assembl\u00e9e approuve une loi en faveur de la gratuit\u00e9 des parkings des h\u00f4pitaux publics"},"content":{"rendered":"<p>L\u2019Assembl\u00e9e nationale a approuv\u00e9 ce jeudi en premi\u00e8re lecture une proposition de loi transpartisane sur la gratuit\u00e9 des <a href=\"https:\/\/www.20minutes.fr\/dossier\/parking\" class=\"c-link c-link--is-underlined\" target=\"_blank\" rel=\"noopener\">parkings<\/a> des <a href=\"https:\/\/www.20minutes.fr\/dossier\/hopital\" class=\"c-link c-link--is-underlined\" target=\"_blank\" rel=\"noopener\">h\u00f4pitaux<\/a> publics pour les patients, le personnel et les visiteurs. Pour ces derniers, toutefois, une limite de deux heures a \u00e9t\u00e9 mise en place.<\/p>\n<p>Le texte, port\u00e9 par le <a href=\"https:\/\/www.20minutes.fr\/politique\/ps\/\" class=\"c-link c-link--is-underlined\" target=\"_blank\" rel=\"noopener\">socialiste<\/a> St\u00e9phane Hablot, a \u00e9t\u00e9 adopt\u00e9 avec 43 voix pour et 13 contre (principalement issues des groupes Renaissance et Modem). La France insoumise s\u2019est abstenue. Des textes sur le sujet avaient d\u00e9j\u00e0 \u00e9t\u00e9 port\u00e9s dans leurs \u00ab\u00a0niches\u00a0\u00bb (journ\u00e9es r\u00e9serv\u00e9es) respectives par la France insoumise et le Rassemblement national cet automne, sans aboutir.<\/p>\n<\/p>\n<p>Ces initiatives font \u00e9cho \u00e0 la mobilisation sur le territoire des patients et de leurs proches, scandalis\u00e9s de devoir parfois payer des centaines d\u2019euros par mois pour \u00eatre soign\u00e9s, comme l\u2019ont illustr\u00e9 des t\u00e9moignages relay\u00e9s par les d\u00e9put\u00e9s.<\/p>\n<p>L\u2019article principal du texte pr\u00e9voit que \u00ab\u00a0les patients b\u00e9n\u00e9ficient de la gratuit\u00e9 du stationnement pendant toute la dur\u00e9e de leur prise en charge m\u00e9dicale au sein de l\u2019\u00e9tablissement\u00a0\u00bb, de m\u00eame que les proches aidants. De leur c\u00f4t\u00e9, les visiteurs des patients hospitalis\u00e9s \u00ab\u00a0b\u00e9n\u00e9ficient d\u2019au moins deux heures de stationnement gratuit par jour\u00a0\u00bb.<\/p>\n<p>Le gouvernement contre le projet<\/p>\n<p>Le gouvernement a tent\u00e9 en vain de le r\u00e9\u00e9crire, via un amendement qui a \u00e9t\u00e9 battu. Il proposait de limiter le champ de l\u2019article aux patients et \u00e0 leurs proches, \u00ab\u00a0la notion de visiteurs apparaissant trop large\u00a0\u00bb. Ainsi que de limiter le co\u00fbt du stationnement plut\u00f4t que de proposer la gratuit\u00e9 g\u00e9n\u00e9rale. Mais aussi d\u2019\u00e9tendre la mesure aux \u00e9tablissements priv\u00e9s. Et enfin de renvoyer \u00e0 un d\u00e9cret la d\u00e9finition des \u00ab\u00a0cas de gratuit\u00e9 ou de plafonnement du co\u00fbt de stationnement, ainsi que le montant des \u00e9ventuels plafonds qui ne peut exc\u00e9der 20 euros par jour\u00a0\u00bb.<\/p>\n<p>La ministre Charlotte Parmentier-Lecocq (Autonomie et Personnes handicap\u00e9es) a soulign\u00e9 dans ses interventions le risque de cr\u00e9er un effet d\u2019aubaine pour les voisinages, le co\u00fbt pour les h\u00f4pitaux et la n\u00e9cessit\u00e9 de prendre en compte la diversit\u00e9 des situations.<\/p>\n<p>Avec la gratuit\u00e9 le risque des \u00ab\u00a0voitures ventouses\u00a0\u00bb<\/p>\n<p>La France insoumise s\u2019est abstenue sur le texte, d\u00e9fendant un principe de gratuit\u00e9 totale pour l\u2019ensemble des usagers des h\u00f4pitaux. St\u00e9phane Hablot a \u00e9mis un avis d\u00e9favorable, soulignant le risque de voir s\u2019installer des \u00ab\u00a0voitures ventouses\u00a0\u00bb et la n\u00e9cessit\u00e9 de \u00ab\u00a0ramener des financements\u00a0\u00bb, alors que 80\u00a0% des visiteurs resteraient moins de deux heures dans les h\u00f4pitaux.<\/p>\n","protected":false},"excerpt":{"rendered":"L\u2019Assembl\u00e9e nationale a approuv\u00e9 ce jeudi en premi\u00e8re lecture une proposition de loi transpartisane sur la gratuit\u00e9 des&hellip;\n","protected":false},"author":2,"featured_media":697632,"comment_status":"","ping_status":"","sticky":false,"template":"","format":"standard","meta":{"footnotes":""},"categories":[2],"tags":[47,11,416,1011,27,100,12,16025,25,104,6173],"class_list":{"0":"post-697631","1":"post","2":"type-post","3":"status-publish","4":"format-standard","5":"has-post-thumbnail","7":"category-actualites","8":"tag-actualite","9":"tag-actualites","10":"tag-assemblee-nationale","11":"tag-fr","12":"tag-france","13":"tag-hopital","14":"tag-news","15":"tag-parking","16":"tag-republique-francaise","17":"tag-societe","18":"tag-stationnement"},"share_on_mastodon":{"url":"https:\/\/pubeurope.com\/@fr\/115979189278902293","error":""},"_links":{"self":[{"href":"https:\/\/www.europesays.com\/fr\/wp-json\/wp\/v2\/posts\/697631","targetHints":{"allow":["GET"]}}],"collection":[{"href":"https:\/\/www.europesays.com\/fr\/wp-json\/wp\/v2\/posts"}],"about":[{"href":"https:\/\/www.europesays.com\/fr\/wp-json\/wp\/v2\/types\/post"}],"author":[{"embeddable":true,"href":"https:\/\/www.europesays.com\/fr\/wp-json\/wp\/v2\/users\/2"}],"replies":[{"embeddable":true,"href":"https:\/\/www.europesays.com\/fr\/wp-json\/wp\/v2\/comments?post=697631"}],"version-history":[{"count":0,"href":"https:\/\/www.europesays.com\/fr\/wp-json\/wp\/v2\/posts\/697631\/revisions"}],"wp:featuredmedia":[{"embeddable":true,"href":"https:\/\/www.europesays.com\/fr\/wp-json\/wp\/v2\/media\/697632"}],"wp:attachment":[{"href":"https:\/\/www.europesays.com\/fr\/wp-json\/wp\/v2\/media?parent=697631"}],"wp:term":[{"taxonomy":"category","embeddable":true,"href":"https:\/\/www.europesays.com\/fr\/wp-json\/wp\/v2\/categories?post=697631"},{"taxonomy":"post_tag","embeddable":true,"href":"https:\/\/www.europesays.com\/fr\/wp-json\/wp\/v2\/tags?post=697631"}],"curies":[{"name":"wp","href":"https:\/\/api.w.org\/{rel}","templated":true}]}}