{"id":697645,"date":"2026-01-29T16:03:22","date_gmt":"2026-01-29T16:03:22","guid":{"rendered":"https:\/\/www.europesays.com\/fr\/697645\/"},"modified":"2026-01-29T16:03:22","modified_gmt":"2026-01-29T16:03:22","slug":"a-londres-le-pavillon-serpentine-rendra-hommage-a-larchitecture-anglaise","status":"publish","type":"post","link":"https:\/\/www.europesays.com\/fr\/697645\/","title":{"rendered":"\u00c0 Londres, le pavillon Serpentine rendra hommage \u00e0 l&rsquo;architecture anglaise"},"content":{"rendered":"<p>Chaque ann\u00e9e, le pavillon Serpentine a de quoi r\u00e9jouir les aficionados d&rsquo;architecture. L&rsquo;\u00e9difice \u00e9ph\u00e9m\u00e8re se dressant durant six mois dans les jardins de Kensington, \u00e0 Londres, donne le ton de l&rsquo;architecture contemporaine mondiale. Visible du 6 juin au 25 octobre 2026, le nouveau pavillon ne d\u00e9roge pas \u00e0 la r\u00e8gle. L&rsquo;atelier Lanza,   <\/p>\n<p>Il vous reste 0 page \u00e0 d\u00e9couvrir.<\/p>\n","protected":false},"excerpt":{"rendered":"Chaque ann\u00e9e, le pavillon Serpentine a de quoi r\u00e9jouir les aficionados d&rsquo;architecture. L&rsquo;\u00e9difice \u00e9ph\u00e9m\u00e8re se dressant durant six&hellip;\n","protected":false},"author":2,"featured_media":697646,"comment_status":"","ping_status":"","sticky":false,"template":"","format":"standard","meta":{"footnotes":""},"categories":[1358],"tags":[1348,1384,1385,1386,58,59,1011,27],"class_list":{"0":"post-697645","1":"post","2":"type-post","3":"status-publish","4":"format-standard","5":"has-post-thumbnail","7":"category-arts-et-design","8":"tag-arts","9":"tag-arts-and-design","10":"tag-arts-et-design","11":"tag-design","12":"tag-divertissement","13":"tag-entertainment","14":"tag-fr","15":"tag-france"},"share_on_mastodon":{"url":"https:\/\/pubeurope.com\/@fr\/115979236312110982","error":""},"_links":{"self":[{"href":"https:\/\/www.europesays.com\/fr\/wp-json\/wp\/v2\/posts\/697645","targetHints":{"allow":["GET"]}}],"collection":[{"href":"https:\/\/www.europesays.com\/fr\/wp-json\/wp\/v2\/posts"}],"about":[{"href":"https:\/\/www.europesays.com\/fr\/wp-json\/wp\/v2\/types\/post"}],"author":[{"embeddable":true,"href":"https:\/\/www.europesays.com\/fr\/wp-json\/wp\/v2\/users\/2"}],"replies":[{"embeddable":true,"href":"https:\/\/www.europesays.com\/fr\/wp-json\/wp\/v2\/comments?post=697645"}],"version-history":[{"count":0,"href":"https:\/\/www.europesays.com\/fr\/wp-json\/wp\/v2\/posts\/697645\/revisions"}],"wp:featuredmedia":[{"embeddable":true,"href":"https:\/\/www.europesays.com\/fr\/wp-json\/wp\/v2\/media\/697646"}],"wp:attachment":[{"href":"https:\/\/www.europesays.com\/fr\/wp-json\/wp\/v2\/media?parent=697645"}],"wp:term":[{"taxonomy":"category","embeddable":true,"href":"https:\/\/www.europesays.com\/fr\/wp-json\/wp\/v2\/categories?post=697645"},{"taxonomy":"post_tag","embeddable":true,"href":"https:\/\/www.europesays.com\/fr\/wp-json\/wp\/v2\/tags?post=697645"}],"curies":[{"name":"wp","href":"https:\/\/api.w.org\/{rel}","templated":true}]}}