{"id":697650,"date":"2026-01-29T16:07:14","date_gmt":"2026-01-29T16:07:14","guid":{"rendered":"https:\/\/www.europesays.com\/fr\/697650\/"},"modified":"2026-01-29T16:07:14","modified_gmt":"2026-01-29T16:07:14","slug":"critique-entre-la-vie-et-la-mort","status":"publish","type":"post","link":"https:\/\/www.europesays.com\/fr\/697650\/","title":{"rendered":"critique entre la vie et la mort"},"content":{"rendered":"<p>        la fin d\u2019un r\u00e8gne<\/p>\n<p>L\u2019Italie est une r\u00e9publique parlementaire (loin du r\u00e9gime semi-pr\u00e9sidentiel fran\u00e7ais) et son Pr\u00e9sident a beau avoir un r\u00f4le plut\u00f4t honorifique, l\u2019article 87 de la Constitution du pays lui conf\u00e8re de sacr\u00e9es responsabilit\u00e9s. <strong>La Grazia s\u2019ouvre ainsi sur un long panneau, \u00e9num\u00e9rant un \u00e0 un, ses fonctions et pouvoirs<\/strong> : sa possibilit\u00e9 de dissoudre le Parlement, de nommer des hauts fonctionnaires, de d\u00e9cerner des d\u00e9corations, de recevoir les repr\u00e9sentants diplomatiques, mais aussi de promulguer les lois, signer des d\u00e9crets et accorder la gr\u00e2ce (entre autres choses).<\/p>\n<p>La liste est longue et le Pr\u00e9sident a donc de quoi s\u2019occuper dans les coulisses du pouvoir italien. Pourtant, <strong>le Pr\u00e9sident Mariano de Santis, lui, s\u2019ennuie<\/strong>. <strong>Il faut dire qu\u2019il ne s\u2019est jamais remis de la mort de sa femme<\/strong>, huit ans plus t\u00f4t, qui lui a en plus cach\u00e9 l\u2019identit\u00e9 de son amant d\u2019un soir jusqu\u2019\u00e0 son dernier souffle. Un secret qui le ronge au point de soup\u00e7onner son ami de toujours \u2013 et actuel ministre de la Justice \u2013 Ugo Romani, d\u2019\u00eatre celui avec qui elle l\u2019aurait tromp\u00e9 des ann\u00e9es auparavant. Soup\u00e7ons encore plus tenaces, puisque Romani ne cache pas son envie de lui succ\u00e9der \u00e0 la pr\u00e9sidence.<\/p>\n<p><a href=\"https:\/\/www.ecranlarge.com\/content\/uploads\/2026\/01\/la-grazia_still-6--andrea-pirrello.jpg\" target=\"_blank\" rel=\"noopener\"><\/p>\n<p><img loading=\"lazy\" decoding=\"async\" alt=\"La Grazia - Toni Servillo\" src=\"https:\/\/www.europesays.com\/fr\/wp-content\/uploads\/2026\/01\/la-grazia_still-6--andrea-pirrello-1260x841.jpg\" width=\"1260\" height=\"841\"  \/><\/p>\n<p><\/a>\u00ab\u00a0Je vous salue, Mariano\u00a0\u00bb<\/p>\n<p><strong>Mariano De Santis attend donc patiemment de se retirer de la vie politique<\/strong>, voire de la vie tout court. Sa fille (et directrice de cabinet) surveille de pr\u00e8s sa sant\u00e9. Elle lui interdit de fumer (mais il profite toujours d\u2019une balade sur les toits du palais pour profiter d\u2019une cigarette) et lui impose un r\u00e9gime alimentaire assez strict et, disons-le, peu r\u00e9jouissant (poisson blanc \u00e0 la vapeur et quinoa, sans sauce \u00e9videmment). Bref, il se lasse sauf qu\u2019<strong>\u00e0 six mois de la fin de son mandat, il doit s\u2019acquitter de trois derni\u00e8res missions<\/strong>.<\/p>\n<p>Non seulement, l\u2019ancien juriste doit choisir de promulguer (ou non) un projet de loi sur l\u2019euthanasie qu\u2019il laisse tra\u00eener sur la table depuis plusieurs ann\u00e9es, mais aussi d\u2019accorder la gr\u00e2ce pr\u00e9sidentielle \u00e0 un homme et \u00e0 une femme, chacun condamn\u00e9 \u00e0 perp\u00e9tuit\u00e9 pour homicide conjugale. <strong>Ces ultimes dilemmes moraux \u00e0 la t\u00eate de l\u2019\u00c9tat vont le pousser \u00e0 sortir de sa zone de confort<\/strong> et d\u00e9laisser son image d\u2019homme politique impassible (son surnom est \u00ab\u00a0B\u00e9ton arm\u00e9\u00a0\u00bb et il est le seul \u00e0 ne pas en avoir connaissance) pour enfin esp\u00e9rer \u00ab\u00a0voir la v\u00e9rit\u00e9 de pr\u00e8s\u00a0\u00bb.<\/p>\n<p><a href=\"https:\/\/www.ecranlarge.com\/content\/uploads\/2026\/01\/la-grazia_still-8--andrea-pirrello.jpg\" target=\"_blank\" rel=\"noopener\"><\/p>\n<p><img loading=\"lazy\" decoding=\"async\" alt=\"La Grazia - Toni Servillo Anna Ferzetti\" src=\"https:\/\/www.europesays.com\/fr\/wp-content\/uploads\/2026\/01\/la-grazia_still-8--andrea-pirrello-1260x841.jpg\" width=\"1260\" height=\"841\"  \/><\/p>\n<p><\/a>Un joli duo p\u00e8re-fillela grazie bellezza<\/p>\n<p>Paolo Sorrentino s\u2019\u00e9tait d\u00e9j\u00e0 attaqu\u00e9 \u00e0 la politique italienne assez frontalement entre le fougueux <strong>Il Divo <\/strong>en 2008, portrait \u00ab\u00a0barock\u00a0\u00bb du s\u00e9nateur Andreotti, et sa fresque berlusconienne <strong>Silvio et les autres <\/strong>en 2021. Avec <strong>La Grazia<\/strong>, il d\u00e9laisse cette r\u00e9alit\u00e9 pour brosser le portrait \u00e9mouvant d\u2019un pr\u00e9sident issu de son imagination, mais plus encore, <strong>il se d\u00e9tache de ses exc\u00e8s habituels de mise en sc\u00e8ne<\/strong>. Bien s\u00fbr, <strong>La Grazia <\/strong>conserve une esth\u00e9tique et une atmosph\u00e8re toutes sorrentiniennes (d\u00e9cors imposants, ralentis l\u00e9ch\u00e9s, compositions tr\u00e8s travaill\u00e9es\u2026).<\/p>\n<p>L\u2019Italien ne peut se r\u00e9signer \u00e0 la pr\u00e9sence de personnages fantasques (ce Pape noir avec des dreadlocks qui se d\u00e9place en scooter dans les jardins du Vatican ; l\u2019extravagante Coco Valori), de s\u00e9quences musicales transcendantes (dont une danse dans les entrailles du palais) et, aussi, de figures f\u00e9minines archa\u00efques ou sexualis\u00e9es inutilement (\u00e0 quoi bon cette ambassadrice ainsi d\u00e9velopp\u00e9e). Mais l\u00e0 o\u00f9 ce trop-plein insolite a pu \u00eatre envahissant par le pass\u00e9, <strong>La Grazia n\u2019en fait qu\u2019une toile de fond pour plonger dans une autre forme de beaut\u00e9 : celle du rien, du vide<\/strong>.<\/p>\n<p><a href=\"https:\/\/www.ecranlarge.com\/content\/uploads\/2026\/01\/la-grazia-toni-servillo--andrea-pirrello.jpg\" target=\"_blank\" rel=\"noopener\"><\/p>\n<p><img loading=\"lazy\" decoding=\"async\" alt=\"La Grazia - Toni Servillo\" src=\"https:\/\/www.europesays.com\/fr\/wp-content\/uploads\/2026\/01\/la-grazia-toni-servillo--andrea-pirrello-1260x841.jpg\" width=\"1260\" height=\"841\"  \/><\/p>\n<p><\/a>Un chant m\u00e9morable<\/p>\n<p>Car derri\u00e8re son pitch assez dense qui pourrait amener \u00e0 un rythme virevoltant, son nouveau cru, port\u00e9 par l\u2019excellent Toni Servillo (leur septi\u00e8me collaboration), est d\u2019une sobri\u00e9t\u00e9 \u00e9tonnante, voire d\u00e9stabilisante. Cela pourra para\u00eetre ennuyeux et c\u2019est sans doute parfois un peu trop long, mais <strong>cette introspection \u00e9pur\u00e9e de la solitude du pouvoir est rafraichissante<\/strong>. Elle ram\u00e8ne Paolo Sorrentino \u00e0 une forme d\u2019essentiel, celle o\u00f9 les personnages se d\u00e9battent avec leurs \u00e9tats d\u2019\u00e2mes, leurs \u00e9motions, leurs contradictions et leurs doutes.<\/p>\n<p>Rarement l\u2019incertitude d\u2019un personnage sorrentinien aura \u00e9t\u00e9 aussi belle et touchante, l\u2019\u00e9l\u00e9gance de Mariano De Santis semblant un lointain souvenir dans notre monde o\u00f9 nuance, r\u00e9flexion et \u00e9change ont disparu. C\u2019est l\u00e0 toute la splendeur de <strong>La Grazia<\/strong> qui se transforme en v\u00e9ritable ode majestueuse \u00e0 l\u2019amour, \u00e0 l\u2019amiti\u00e9 et au partage. D\u2019un chant alpin centenaire \u00e0 une danse sur un rap enivrant jusqu\u2019\u00e0 la larme d\u2019un astronaute en apesanteur, <strong>Sorrentino nous refait go\u00fbter \u00e0 une gr\u00e2ce oubli\u00e9e et une humanit\u00e9 perdue<\/strong>.<\/p>\n<p><a href=\"https:\/\/www.ecranlarge.com\/content\/uploads\/2026\/01\/la-grazia_120x160-hd.jpg\" target=\"_blank\" rel=\"noopener\"><\/p>\n<p><img loading=\"lazy\" decoding=\"async\" alt=\"La Grazia Affiche fran\u00e7aise\" src=\"https:\/\/www.europesays.com\/fr\/wp-content\/uploads\/2026\/01\/la-grazia_120x160-hd-1260x1716.jpg\" width=\"1260\" height=\"1716\"  \/><\/p>\n<p><\/a><\/p>\n","protected":false},"excerpt":{"rendered":"la fin d\u2019un r\u00e8gne L\u2019Italie est une r\u00e9publique parlementaire (loin du r\u00e9gime semi-pr\u00e9sidentiel fran\u00e7ais) et son Pr\u00e9sident a&hellip;\n","protected":false},"author":2,"featured_media":697651,"comment_status":"","ping_status":"","sticky":false,"template":"","format":"standard","meta":{"footnotes":""},"categories":[1354],"tags":[58,59,1346,1011,27,1360],"class_list":{"0":"post-697650","1":"post","2":"type-post","3":"status-publish","4":"format-standard","5":"has-post-thumbnail","7":"category-films","8":"tag-divertissement","9":"tag-entertainment","10":"tag-films","11":"tag-fr","12":"tag-france","13":"tag-movies"},"share_on_mastodon":{"url":"https:\/\/pubeurope.com\/@fr\/115979252350209975","error":""},"_links":{"self":[{"href":"https:\/\/www.europesays.com\/fr\/wp-json\/wp\/v2\/posts\/697650","targetHints":{"allow":["GET"]}}],"collection":[{"href":"https:\/\/www.europesays.com\/fr\/wp-json\/wp\/v2\/posts"}],"about":[{"href":"https:\/\/www.europesays.com\/fr\/wp-json\/wp\/v2\/types\/post"}],"author":[{"embeddable":true,"href":"https:\/\/www.europesays.com\/fr\/wp-json\/wp\/v2\/users\/2"}],"replies":[{"embeddable":true,"href":"https:\/\/www.europesays.com\/fr\/wp-json\/wp\/v2\/comments?post=697650"}],"version-history":[{"count":0,"href":"https:\/\/www.europesays.com\/fr\/wp-json\/wp\/v2\/posts\/697650\/revisions"}],"wp:featuredmedia":[{"embeddable":true,"href":"https:\/\/www.europesays.com\/fr\/wp-json\/wp\/v2\/media\/697651"}],"wp:attachment":[{"href":"https:\/\/www.europesays.com\/fr\/wp-json\/wp\/v2\/media?parent=697650"}],"wp:term":[{"taxonomy":"category","embeddable":true,"href":"https:\/\/www.europesays.com\/fr\/wp-json\/wp\/v2\/categories?post=697650"},{"taxonomy":"post_tag","embeddable":true,"href":"https:\/\/www.europesays.com\/fr\/wp-json\/wp\/v2\/tags?post=697650"}],"curies":[{"name":"wp","href":"https:\/\/api.w.org\/{rel}","templated":true}]}}