{"id":697662,"date":"2026-01-29T16:13:10","date_gmt":"2026-01-29T16:13:10","guid":{"rendered":"https:\/\/www.europesays.com\/fr\/697662\/"},"modified":"2026-01-29T16:13:10","modified_gmt":"2026-01-29T16:13:10","slug":"que-change-linscription-des-gardiens-de-la-revolution-comme-organisation-terroriste-par-lunion-europeenne","status":"publish","type":"post","link":"https:\/\/www.europesays.com\/fr\/697662\/","title":{"rendered":"Que change l\u2019inscription des gardiens de la r\u00e9volution comme \u00aborganisation terroriste\u00bb par l\u2019Union europ\u00e9enne ?"},"content":{"rendered":"<p>\n    <strong>D\u00c9CRYPTAGE<\/strong> &#8211; L\u2019UE a ajout\u00e9 ce jeudi l\u2019arm\u00e9e id\u00e9ologique du r\u00e9gime, qui orchestre la r\u00e9pression meurtri\u00e8re du mouvement contestataire qui secoue le pays, \u00e0 ce document officiel, a indiqu\u00e9 la chef de la diplomatie europ\u00e9enne Kaja Kallas.<\/p>\n<p class=\"fig-paragraph\">Accro\u00eetre la pression, juguler le r\u00e9gime. L\u2019Union europ\u00e9enne a d\u00e9cid\u00e9 ce jeudi d\u2019ajouter les\u00a0<a href=\"http:\/\/www.lefigaro.fr\/international\/behnam-amjadi-survivant-des-manifestations-en-iran-j-ai-cru-que-j-allais-mourir-20260126\" target=\"_blank\" data-fig-type=\"Article\" rel=\"noopener\" data-gtm-custom-categorie=\"navigation\" data-gtm-custom-action=\"crossclick\" data-gtm-custom-label=\"Contextuel\" data-gtm-event=\"customEventSPE\" data-fig-domain=\"LEFIGARO\">gardiens de la r\u00e9volution islamique d\u2019Iran<\/a>\u00a0\u00e0 sa liste des organisations terroristes, a annonc\u00e9 la\u00a0chef de la diplomatie europ\u00e9enne Kaja Kallas. Une d\u00e9cision soutenue notamment par Rome, Madrid, Berlin ou encore officiellement depuis mercredi par Paris, qui d\u00e9nonce \u00abl\u2019insoutenable r\u00e9pression de la r\u00e9volte pacifique du peuple iranien\u00bb. En 2023, le Parlement europ\u00e9en avait d\u00e9j\u00e0 exhort\u00e9 les Vingt-sept \u00e0 classer les pasdarans sur cette liste noire apr\u00e8s la r\u00e9pression du mouvement Femme, Vie, Libert\u00e9. En vain, jusqu\u2019\u00e0 aujourd\u2019hui.<\/p>\n<p class=\"fig-paragraph\">Le\u00a0<a href=\"https:\/\/www.lefigaro.fr\/international\/les-cles-pour-comprendre-les-gardiens-de-la-revolution-islamique-20200110\" target=\"_blank\" data-fig-type=\"Article\" rel=\"noopener\" data-gtm-custom-categorie=\"navigation\" data-gtm-custom-action=\"crossclick\" data-gtm-custom-label=\"Contextuel\" data-gtm-event=\"customEventSPE\" data-fig-domain=\"LEFIGARO\">bras arm\u00e9 id\u00e9ologique de la R\u00e9publique islamique d\u2019Iran<\/a>, qui est d\u00e9j\u00e0 l\u2019objet de sanctions europ\u00e9ennes, est accus\u00e9 par les organisations de droits humains d\u2019orchestrer la r\u00e9pression sanglante et meurtri\u00e8re du vaste mouvement contestataire qui secoue le pays depuis la fin du mois de d\u00e9cembre, faisant des milliers de morts. Selon le minist\u00e8re iranien de l\u2019Int\u00e9rieur, le bilan\u2026<\/p>\n<p class=\"fig-premium-paywall__infos\">\n        Cet article est r\u00e9serv\u00e9 aux abonn\u00e9s.        Il vous reste 84% \u00e0 d\u00e9couvrir.\n    <\/p>\n<p>                <img  data- alt=\"Le Figaro\" class=\"fig-img--complete fig-img\"\/><\/p>\n<p class=\"fig-premium-paywall__title\">Vente Flash<\/p>\n<p class=\"fig-premium-paywall__subtitle\">6,49\u20ac par mois pendant 12 mois<\/p>\n<p class=\"fig-premium-paywall__connect\">\n                D\u00e9j\u00e0 abonn\u00e9\u00a0?                <a class=\"fig-premium-paywall__connect-link\" href=\"https:\/\/connect.lefigaro.fr\/login?client=horizon_web&amp;type=main&amp;redirect_uri=https%3A%2F%2Fwww.lefigaro.fr%2Finternational%2Fque-changerait-l-inscription-des-gardiens-de-la-revolution-comme-organisation-terroriste-par-l-union-europeenne-20260129\" data-js-gtm=\"{&quot;customCategorie&quot;: &quot;conversion&quot;, &quot;customAction&quot;: &quot;before_Landing_Connexion_paywall_auto&quot;, &quot;customLabel&quot;: &quot;bGVmaWdhcm8uZnJfXzFmMGZjZWI3LTMwNjgtNjQ5YS1iMzYzLWU5ZTlmZDRkNDI2M19fQXJ0aWNsZQ==_Que change l\u2019inscription des gardiens de la r\u00e9volution comme \u00aborganisation terroriste\u00bb par l\u2019Union europ\u00e9enne\u00a0?_377&quot;, &quot;customIDSPE&quot;: &quot;bGVmaWdhcm8uZnJfXzFmMGZjZWI3LTMwNjgtNjQ5YS1iMzYzLWU5ZTlmZDRkNDI2M19fQXJ0aWNsZQ==&quot;, &quot;event&quot;: &quot;customEventSPE&quot;}\" target=\"_blank\" rel=\"noopener\"><br \/>\n                    Connectez-vous<br \/>\n                <\/a>\n            <\/p>\n","protected":false},"excerpt":{"rendered":"D\u00c9CRYPTAGE &#8211; L\u2019UE a ajout\u00e9 ce jeudi l\u2019arm\u00e9e id\u00e9ologique du r\u00e9gime, qui orchestre la r\u00e9pression meurtri\u00e8re du mouvement&hellip;\n","protected":false},"author":2,"featured_media":697663,"comment_status":"","ping_status":"","sticky":false,"template":"","format":"standard","meta":{"footnotes":""},"categories":[5],"tags":[11,1011,27,14,3019,12,364,28],"class_list":{"0":"post-697662","1":"post","2":"type-post","3":"status-publish","4":"format-standard","5":"has-post-thumbnail","7":"category-international","8":"tag-actualites","9":"tag-fr","10":"tag-france","11":"tag-international","12":"tag-iran","13":"tag-news","14":"tag-union-europeenne","15":"tag-world"},"share_on_mastodon":{"url":"","error":""},"_links":{"self":[{"href":"https:\/\/www.europesays.com\/fr\/wp-json\/wp\/v2\/posts\/697662","targetHints":{"allow":["GET"]}}],"collection":[{"href":"https:\/\/www.europesays.com\/fr\/wp-json\/wp\/v2\/posts"}],"about":[{"href":"https:\/\/www.europesays.com\/fr\/wp-json\/wp\/v2\/types\/post"}],"author":[{"embeddable":true,"href":"https:\/\/www.europesays.com\/fr\/wp-json\/wp\/v2\/users\/2"}],"replies":[{"embeddable":true,"href":"https:\/\/www.europesays.com\/fr\/wp-json\/wp\/v2\/comments?post=697662"}],"version-history":[{"count":0,"href":"https:\/\/www.europesays.com\/fr\/wp-json\/wp\/v2\/posts\/697662\/revisions"}],"wp:featuredmedia":[{"embeddable":true,"href":"https:\/\/www.europesays.com\/fr\/wp-json\/wp\/v2\/media\/697663"}],"wp:attachment":[{"href":"https:\/\/www.europesays.com\/fr\/wp-json\/wp\/v2\/media?parent=697662"}],"wp:term":[{"taxonomy":"category","embeddable":true,"href":"https:\/\/www.europesays.com\/fr\/wp-json\/wp\/v2\/categories?post=697662"},{"taxonomy":"post_tag","embeddable":true,"href":"https:\/\/www.europesays.com\/fr\/wp-json\/wp\/v2\/tags?post=697662"}],"curies":[{"name":"wp","href":"https:\/\/api.w.org\/{rel}","templated":true}]}}