{"id":697670,"date":"2026-01-29T16:17:10","date_gmt":"2026-01-29T16:17:10","guid":{"rendered":"https:\/\/www.europesays.com\/fr\/697670\/"},"modified":"2026-01-29T16:17:10","modified_gmt":"2026-01-29T16:17:10","slug":"une-adolescente-attiree-dans-un-guet-apens-et-rouee-de-coups-par-six-mineurs","status":"publish","type":"post","link":"https:\/\/www.europesays.com\/fr\/697670\/","title":{"rendered":"Une adolescente attir\u00e9e dans un guet-apens et rou\u00e9e de coups par six mineurs"},"content":{"rendered":"<p>Une adolescente de 15 ans a \u00e9t\u00e9 violemment agress\u00e9e par six<br \/>\npersonnes, ce lundi 26 janvier, dans un parc de Saint-\u00c9tienne<br \/>\n(Loire). La victime, originaire du Pilat, avait envoy\u00e9 une vid\u00e9o<br \/>\nintime \u00e0 l&rsquo;un de ses agresseurs avec qui elle avait rendez-vous.<br \/>\nElle a \u00e9t\u00e9 rou\u00e9e de coups et d\u00e9pouill\u00e9e. Les six suspects ont \u00e9t\u00e9<br \/>\ninterpell\u00e9s et plac\u00e9s sous contr\u00f4le judiciaire.<\/p>\n<p>Ce jour-l\u00e0, l&rsquo;adolescente pensait retrouver un jeune homme dans<br \/>\nun parc pr\u00e8s de la cit\u00e9 du Design. Mais celui-ci n&rsquo;\u00e9tait pas seul.<br \/>\nLa victime s&rsquo;est retrouv\u00e9e face \u00e0 trois gar\u00e7ons et trois filles,<br \/>\nrapporte <a href=\"https:\/\/c.leprogres.fr\/education\/2026\/01\/29\/a-15-ans-passee-a-tabac-par-six-ados-apres-l-envoi-d-une-video-intime-sur-les-reseaux-sociaux\" target=\"_blank\" rel=\"noopener\">Le Progr\u00e8s<\/a>. Elle a<br \/>\nimm\u00e9diatement \u00e9t\u00e9 projet\u00e9e au sol et frapp\u00e9e d&rsquo;un coup de pied dans<br \/>\nle dos. Les coups de poing et de pied se sont ensuite encha\u00een\u00e9s,<br \/>\nvisant principalement la t\u00eate et le visage. La victime a \u00e9t\u00e9<br \/>\ntra\u00een\u00e9e au sol. Son t\u00e9l\u00e9phone et son portefeuille lui ont \u00e9t\u00e9<br \/>\nvol\u00e9s.<\/p>\n<p>Ses v\u00eatements \u00e9taient ensanglant\u00e9s<\/p>\n<p>La jeune fille a \u00e9t\u00e9 retrouv\u00e9e par les policiers de la brigade<br \/>\nanticriminalit\u00e9 (BAC) dans le secteur de Carnot. Elle pr\u00e9sentait de<br \/>\nnombreuses plaies au visage et ses v\u00eatements \u00e9taient ensanglant\u00e9s.<br \/>\nEn \u00e9tat de choc, elle souffrait de douleurs sur tout le corps. Une<br \/>\nincapacit\u00e9 totale de travail de moins de huit jours lui a \u00e9t\u00e9<br \/>\nprescrite, pr\u00e9cisent nos conf\u00e8res.<\/p>\n<p>L&rsquo;enqu\u00eate a \u00e9t\u00e9 confi\u00e9e \u00e0 la brigade des atteintes aux personnes<br \/>\ndu service interd\u00e9partemental de la police judiciaire (SIPJ). Six<br \/>\nmineurs ont rapidement \u00e9t\u00e9 interpell\u00e9s et plac\u00e9s en garde \u00e0 vue \u00e0<br \/>\nl&rsquo;H\u00f4tel de police de Saint-\u00c9tienne. Parmi eux, deux \u00e9taient d\u00e9j\u00e0<br \/>\nconnus des services de police.<\/p>\n<p>Les trois gar\u00e7ons, \u00e2g\u00e9s de 15, 16 et 17 ans, ainsi que les trois<br \/>\nfilles, \u00e2g\u00e9es de 13 et 14 ans, sont scolaris\u00e9s dans des<br \/>\n\u00e9tablissements de Saint-\u00c9tienne et Rive-de-Gier. Tous ont \u00e9t\u00e9 remis<br \/>\nen libert\u00e9 sous contr\u00f4le judiciaire. Quatre d&rsquo;entre eux ont \u00e9t\u00e9<br \/>\nconfi\u00e9s aux personnels des foyers o\u00f9 ils vivaient avant les faits,<br \/>\nles deux autres ont \u00e9t\u00e9 rendus \u00e0 leurs parents. Seuls deux des<br \/>\nprotagonistes sont convoqu\u00e9s devant le juge des enfants dans les<br \/>\nprochaines semaines.<\/p>\n<p>\u00ab\u00a0Je reste atterr\u00e9 par le recours \u00e0 la violence des plus<br \/>\njeunes m\u00eame si, ici, il semble que l&rsquo;on se retrouve dans un milieu<br \/>\nqui appara\u00eet carenc\u00e9 au niveau \u00e9ducatif\u00a0\u00bb, a r\u00e9agi Yves Cellier,<br \/>\ndirecteur interd\u00e9partemental de la police nationale dans la Loire,<br \/>\nau Progr\u00e8s.<\/p>\n","protected":false},"excerpt":{"rendered":"Une adolescente de 15 ans a \u00e9t\u00e9 violemment agress\u00e9e par six personnes, ce lundi 26 janvier, dans un&hellip;\n","protected":false},"author":2,"featured_media":697671,"comment_status":"","ping_status":"","sticky":false,"template":"","format":"standard","meta":{"footnotes":""},"categories":[9653],"tags":[1111,11,2430,1777,674,1011,27,12,25,4001],"class_list":{"0":"post-697670","1":"post","2":"type-post","3":"status-publish","4":"format-standard","5":"has-post-thumbnail","7":"category-saint-etienne","8":"tag-actu","9":"tag-actualites","10":"tag-auvergne-rhone-alpes","11":"tag-eu","12":"tag-europe","13":"tag-fr","14":"tag-france","15":"tag-news","16":"tag-republique-francaise","17":"tag-saint-etienne"},"share_on_mastodon":{"url":"https:\/\/pubeurope.com\/@fr\/115979291485591833","error":""},"_links":{"self":[{"href":"https:\/\/www.europesays.com\/fr\/wp-json\/wp\/v2\/posts\/697670","targetHints":{"allow":["GET"]}}],"collection":[{"href":"https:\/\/www.europesays.com\/fr\/wp-json\/wp\/v2\/posts"}],"about":[{"href":"https:\/\/www.europesays.com\/fr\/wp-json\/wp\/v2\/types\/post"}],"author":[{"embeddable":true,"href":"https:\/\/www.europesays.com\/fr\/wp-json\/wp\/v2\/users\/2"}],"replies":[{"embeddable":true,"href":"https:\/\/www.europesays.com\/fr\/wp-json\/wp\/v2\/comments?post=697670"}],"version-history":[{"count":0,"href":"https:\/\/www.europesays.com\/fr\/wp-json\/wp\/v2\/posts\/697670\/revisions"}],"wp:featuredmedia":[{"embeddable":true,"href":"https:\/\/www.europesays.com\/fr\/wp-json\/wp\/v2\/media\/697671"}],"wp:attachment":[{"href":"https:\/\/www.europesays.com\/fr\/wp-json\/wp\/v2\/media?parent=697670"}],"wp:term":[{"taxonomy":"category","embeddable":true,"href":"https:\/\/www.europesays.com\/fr\/wp-json\/wp\/v2\/categories?post=697670"},{"taxonomy":"post_tag","embeddable":true,"href":"https:\/\/www.europesays.com\/fr\/wp-json\/wp\/v2\/tags?post=697670"}],"curies":[{"name":"wp","href":"https:\/\/api.w.org\/{rel}","templated":true}]}}