{"id":697674,"date":"2026-01-29T16:19:13","date_gmt":"2026-01-29T16:19:13","guid":{"rendered":"https:\/\/www.europesays.com\/fr\/697674\/"},"modified":"2026-01-29T16:19:13","modified_gmt":"2026-01-29T16:19:13","slug":"mines-nancy-mise-sur-linternational-et-la-transition-socio-ecologique","status":"publish","type":"post","link":"https:\/\/www.europesays.com\/fr\/697674\/","title":{"rendered":"Mines Nancy mise sur l&rsquo;international et la transition socio-\u00e9cologique"},"content":{"rendered":"<p>Des projets \u00e0 l&rsquo;\u00e9chelle europ\u00e9enne<\/p>\n<p><a href=\"https:\/\/grandes-ecoles.studyrama.com\/ecoles-d-ingenieurs\/fiche-ecole\/ensmn-3517\" target=\"_blank\" rel=\"noopener\">Mines Nancy<\/a> se d\u00e9marque par sa participation active et structurante aux <strong>grands programmes de recherche, d\u2019innovation et de formation de l\u2019Union Europ\u00e9enne<\/strong>. Aujourd\u2019hui l\u2019\u00e9cole coordonne plusieurs projets\u00a0: <\/p>\n<ul>\n<li><strong>Future Networks Academy<\/strong>\u00a0: ce projet r\u00e9unit 6 universit\u00e9s europ\u00e9ennes autour d\u2019un objectif commun\u00a0: d\u00e9mocratiser l\u2019acc\u00e8s aux technologies de pointe dans le domaine des r\u00e9seaux du futur. <\/li>\n<li><strong>Heraws et IGNITE<\/strong>\u00a0: un projet sur la green transition avec pour but de sensibiliser les \u00e9tudiants par des formats interactifs.<\/li>\n<li><strong>Erasmus Mundus Greenano<\/strong>\u00a0: un master europ\u00e9en labelis\u00e9 <a href=\"https:\/\/www.studyrama.com\/formations\/filieres\/universite\/le-masters-erasmus-mundus-5795\" target=\"_blank\" rel=\"noopener\">Erasmus Mundus<\/a> dispens\u00e9 enti\u00e8rement en anglais avec des formations sur 3 campus diff\u00e9rents. Il s\u2019agit d\u2019un programme s\u00e9lectif pour lequel certains \u00e9tudiants b\u00e9n\u00e9ficient d\u2019une bourse Erasmus Mundus afin de favoriser l\u2019\u00e9galit\u00e9 des chances et la diversit\u00e9. Ce projet permet en outre d\u2019internationaliser l\u2019\u00e9cole.<\/li>\n<\/ul>\n<p>Vers une internationalisation accrue des formations <\/p>\n<p>L\u2019\u00e9cole souhaite \u00e9galement <strong>augmenter son quota d\u2019\u00e9tudiants internationaux<\/strong> en passant le seuil des 30%, tout en offrant plus d\u2019opportunit\u00e9s internationales aux \u00e9tudiants par le biais de plusieurs leviers. Mines Nancy entend signer de nouveaux <strong>partenariats strat\u00e9giques \u00e0 l\u2019\u00e9tranger<\/strong> et souhaite passer de 20 cours dispens\u00e9s en anglais \u00e0 40 \u00e0 la rentr\u00e9e 2026.<\/p>\n<p>Le <strong>renforcement de la section germanophone<\/strong> constitue une priorit\u00e9 pour l\u2019\u00e9cole. D\u00e9velopp\u00e9e il y a plusieurs ann\u00e9es, cette section comprend des cours d\u2019allemand renforc\u00e9s, des cours th\u00e9matiques sur le monde germanophone ainsi que des s\u00e9jours et des stages \u00e0 l\u2019\u00e9tranger. \u00c0 travers cette section, Mines Nancy permet aux \u00e9tudiants de cibler plusieurs pays tels que l\u2019Allemagne, le Luxembourg ou encore la Suisse. <\/p>\n<p>Former des ing\u00e9nieurs aux enjeux de demain<\/p>\n<p>Mines Nancy marque son <strong>engagement face aux d\u00e9fis environnementaux et sociaux<\/strong>. Apr\u00e8s un sondage aupr\u00e8s des \u00e9tudiants sur leurs conditions de vie et d\u2019\u00e9tudes, il est ressorti que certains \u00e9tudiants sont confront\u00e9s \u00e0 des difficult\u00e9s en entreprise. L\u2019\u00e9cole a donc mis en place des modules en 2\u00e8me et 3\u00e8me ann\u00e9e \u00e0 ce sujet pour<strong> pr\u00e9parer les \u00e9tudiants au monde de l\u2019entreprise<\/strong> \u00e0 travers des moments d\u2019\u00e9change et de sensibilisation. Un dispositif d\u2019aide a \u00e9galement \u00e9t\u00e9 mis en place\u00a0: une fois par semaine un <strong>psychologue intervient \u00e0 l\u2019\u00e9cole<\/strong>, les \u00e9tudiants peuvent prendre rendez-vous avec lui et avoir un v\u00e9ritable suivi psychologique. <\/p>\n<p>Cette strat\u00e9gie se traduit concr\u00e8tement dans les formations. L\u2019\u00e9cole a fait \u00e9voluer son approche\u00a0: il s\u2019agit de <strong>former des ing\u00e9nieurs capables de comprendre les grands enjeux contemporains pour agir<\/strong>. La transition socio-\u00e9cologique est un sujet majeur et \u00e9voqu\u00e9 \u00e0 travers des dispositifs p\u00e9dagogiques autour du syst\u00e8me Terre, du vivant ou de la transition \u00e9nerg\u00e9tique. Objectif\u00a0: embarquer les \u00e9tudiants et proposer un nouveau r\u00e9cit de l\u2019ing\u00e9nieur, \u00e0 la fois scientifique, responsable et engag\u00e9.<\/p>\n","protected":false},"excerpt":{"rendered":"Des projets \u00e0 l&rsquo;\u00e9chelle europ\u00e9enne Mines Nancy se d\u00e9marque par sa participation active et structurante aux grands programmes&hellip;\n","protected":false},"author":2,"featured_media":697675,"comment_status":"","ping_status":"","sticky":false,"template":"","format":"standard","meta":{"footnotes":""},"categories":[9635],"tags":[1111,11,1777,674,1011,27,775,1702,12,25],"class_list":{"0":"post-697674","1":"post","2":"type-post","3":"status-publish","4":"format-standard","5":"has-post-thumbnail","7":"category-nancy","8":"tag-actu","9":"tag-actualites","10":"tag-eu","11":"tag-europe","12":"tag-fr","13":"tag-france","14":"tag-grand-est","15":"tag-nancy","16":"tag-news","17":"tag-republique-francaise"},"share_on_mastodon":{"url":"https:\/\/pubeurope.com\/@fr\/115979299254750148","error":""},"_links":{"self":[{"href":"https:\/\/www.europesays.com\/fr\/wp-json\/wp\/v2\/posts\/697674","targetHints":{"allow":["GET"]}}],"collection":[{"href":"https:\/\/www.europesays.com\/fr\/wp-json\/wp\/v2\/posts"}],"about":[{"href":"https:\/\/www.europesays.com\/fr\/wp-json\/wp\/v2\/types\/post"}],"author":[{"embeddable":true,"href":"https:\/\/www.europesays.com\/fr\/wp-json\/wp\/v2\/users\/2"}],"replies":[{"embeddable":true,"href":"https:\/\/www.europesays.com\/fr\/wp-json\/wp\/v2\/comments?post=697674"}],"version-history":[{"count":0,"href":"https:\/\/www.europesays.com\/fr\/wp-json\/wp\/v2\/posts\/697674\/revisions"}],"wp:featuredmedia":[{"embeddable":true,"href":"https:\/\/www.europesays.com\/fr\/wp-json\/wp\/v2\/media\/697675"}],"wp:attachment":[{"href":"https:\/\/www.europesays.com\/fr\/wp-json\/wp\/v2\/media?parent=697674"}],"wp:term":[{"taxonomy":"category","embeddable":true,"href":"https:\/\/www.europesays.com\/fr\/wp-json\/wp\/v2\/categories?post=697674"},{"taxonomy":"post_tag","embeddable":true,"href":"https:\/\/www.europesays.com\/fr\/wp-json\/wp\/v2\/tags?post=697674"}],"curies":[{"name":"wp","href":"https:\/\/api.w.org\/{rel}","templated":true}]}}