{"id":697676,"date":"2026-01-29T16:21:11","date_gmt":"2026-01-29T16:21:11","guid":{"rendered":"https:\/\/www.europesays.com\/fr\/697676\/"},"modified":"2026-01-29T16:21:11","modified_gmt":"2026-01-29T16:21:11","slug":"la-deputee-rn-laure-lavalette-en-tete-au-premier-tour-selon-un-sondage","status":"publish","type":"post","link":"https:\/\/www.europesays.com\/fr\/697676\/","title":{"rendered":"La d\u00e9put\u00e9e RN Laure Lavalette en t\u00eate au premier tour selon un sondage"},"content":{"rendered":"<p>Un scrutin qui s\u2019annonce serr\u00e9 \u00e0 <a href=\"https:\/\/www.20minutes.fr\/dossier\/toulon\" class=\"c-link c-link--is-underlined\" target=\"_blank\" rel=\"noopener\">Toulon<\/a>. Selon une enqu\u00eate Ifop, command\u00e9e par le collectif d\u2019entrepreneurs locaux \u00ab\u00a0Un bouclier pour Toulon\u00a0\u00bb et r\u00e9v\u00e9l\u00e9e par <a href=\"https:\/\/www.nicematin.com\/societe\/politique\/exclusif-var-matin-municipales-a-toulon-laure-lavalette-largement-en-tete-au-premier-tour-josee-massi-gagnante-au-second-selon-ce-sondage-10666728\" target=\"_blank\" class=\"c-link c-link--is-underlined\" rel=\"noopener\">Var Matin<\/a>, la candidate sans \u00e9tiquette mais \u00ab\u00a0soutenue par le <a href=\"https:\/\/www.20minutes.fr\/politique\/rassemblement-national\/\" class=\"c-link c-link--is-underlined\" target=\"_blank\" rel=\"noopener\">Rassemblement national<\/a>\u00a0\u00bb, <a href=\"https:\/\/www.20minutes.fr\/politique\/4194526-20260106-municipales-2026-toulon-deputee-rn-laure-lavalette-officialise-candidature\" class=\"c-link c-link--is-underlined\" target=\"_blank\" rel=\"noopener\">Laure Lavalette<\/a> arrive en t\u00eate des intentions de vote lors du premier tour des prochaines <a href=\"https:\/\/www.20minutes.fr\/municipales\/\" class=\"c-link c-link--is-underlined\" target=\"_blank\" rel=\"noopener\">\u00e9lections municipales.<\/a><\/p>\n<p>La candidate affiche 39\u00a0% des intentions de vote, quinze points devant la maire sortante Jos\u00e9e Massi (24\u00a0%). Le s\u00e9nateur LR, Michel Bonnus, arrive en troisi\u00e8me position avec 15\u00a0% des intentions de vote, suivi de Magali Brunel (PS, EELV et PCF) avec 13\u00a0%.<\/p>\n<\/p>\n<p>La cit\u00e9 du <a href=\"https:\/\/www.20minutes.fr\/societe\/var\/\" class=\"c-link c-link--is-underlined\" target=\"_blank\" rel=\"noopener\">Var<\/a>, l\u2019une des premi\u00e8res grandes villes gagn\u00e9es en\u00a01995 par le <a href=\"https:\/\/www.20minutes.fr\/politique\/fn\/\" class=\"c-link c-link--is-underlined\" target=\"_blank\" rel=\"noopener\">Front national<\/a> avec Jean-Marie Le\u00a0Chevallier, est une cible importante pour le parti d\u2019<a href=\"https:\/\/www.20minutes.fr\/dossier\/extreme_droite\" class=\"c-link c-link--is-underlined\" target=\"_blank\" rel=\"noopener\">extr\u00eame droite<\/a>. Laure Lavalette, proche de <a href=\"https:\/\/www.20minutes.fr\/politique\/marine-le-pen\/\" class=\"c-link c-link--is-underlined\" target=\"_blank\" rel=\"noopener\">Marine Le\u00a0Pen<\/a>, avait \u00e9t\u00e9 r\u00e9\u00e9lue d\u00e9put\u00e9e de la 2e circonscription du Var en\u00a02024.<\/p>\n<p>Droite divis\u00e9e<\/p>\n<p>Au second tour, l\u2019avantage revient n\u00e9anmoins \u00e0 la maire sortante, Jos\u00e9e Massi, en t\u00eate avec 52\u00a0% des intentions de vote contre 48\u00a0% pour l\u2019\u00e9lue RN. \u00ab\u00a0Dans l\u2019hypoth\u00e8se d\u2019un front r\u00e9publicain o\u00f9 toutes les autres formations s\u2019unissent derri\u00e8re la candidature de Jos\u00e9e Massi\u00a0\u00bb, pr\u00e9cise Hugo Lasserre, chef de groupe des \u00e9tudes politiques \u00e0 l\u2019Ifop, interrog\u00e9 par le quotidien.<\/p>\n<p>Un sc\u00e9nario d\u2019autant plus serr\u00e9 que la droite locale est divis\u00e9e dans cette \u00e9lection. La candidature de Michel Bonnus a \u00e9t\u00e9 adoub\u00e9e par Hubert Falco, maire pendant vingt-deux ans et <a href=\"https:\/\/www.20minutes.fr\/politique\/4034134-20230426-toulon-jamais-fraude-stupeur-tremblements-apres-depart-force-hubert-falco\" class=\"c-link c-link--is-underlined\" target=\"_blank\" rel=\"noopener\">d\u00e9mis de ses mandats par la justice apr\u00e8s une affaire de d\u00e9tournement de fonds<\/a>. Un choix qui a fortement d\u00e9plu \u00e0 Jos\u00e9e Massi, ancienne premi\u00e8re adjointe qui lui a succ\u00e9d\u00e9 \u00e0 la mairie.<\/p>\n<p>Interrog\u00e9e sur les r\u00e9sultats du sondage et la possibilit\u00e9 d\u2019une liste commune avec le s\u00e9nateur LR, la maire a ferm\u00e9 la porte sur <a href=\"https:\/\/www.francebleu.fr\/emissions\/l-invite-d-ici-matin-ici-provence\/municipales-2026-a-toulon-josee-massi-invitee-d-ici-provence-5769845\" rel=\"nofollow noopener\" target=\"_blank\" class=\"c-link c-link--is-underlined\">Ici Provence<\/a>. \u00ab\u00a0J\u2019ai mis corps et \u00e2me pour essayer de faire l\u2019union pendant six mois [\u2026] On n\u2019a pas r\u00e9ussi \u00e0 trouver un consensus. Maintenant, je suis partie avec une \u00e9quipe, un projet. Il voulait les primaires\u00a0? \u00c9coutez, le premier tour c\u2019est une primaire\u00a0\u00bb, a-t-elle d\u00e9clar\u00e9.<\/p>\n<p><a href=\"https:\/\/www.20minutes.fr\/dossier\/renaud_muselier\" class=\"c-link c-link--is-underlined\" target=\"_blank\" rel=\"noopener\">Renaud Muselier<\/a>, patron <a href=\"https:\/\/www.20minutes.fr\/politique\/renaissance\/\" class=\"c-link c-link--is-underlined\" target=\"_blank\" rel=\"noopener\">Renaissance<\/a> de la r\u00e9gion Sud, a appel\u00e9 \u00ab\u00a0au bon sens\u00a0\u00bb. \u00ab\u00a0Michel Bonnus doit se ranger derri\u00e8re Jos\u00e9e Massi. L\u2019\u00e9cart est net entre eux\u00a0\u00bb a-t-il l\u00e2ch\u00e9 dans <a href=\"https:\/\/www.nicematin.com\/societe\/politique\/michel-bonnus-doit-se-ranger-derriere-josee-massi-pour-battre-laure-lavalette-renaud-muselier-change-ses-plans-sur-les-municipales-a-toulon-10666792\" rel=\"nofollow noopener\" target=\"_blank\" class=\"c-link c-link--is-underlined\">Var Matin.<\/a><\/p>\n","protected":false},"excerpt":{"rendered":"Un scrutin qui s\u2019annonce serr\u00e9 \u00e0 Toulon. Selon une enqu\u00eate Ifop, command\u00e9e par le collectif d\u2019entrepreneurs locaux \u00ab\u00a0Un&hellip;\n","protected":false},"author":2,"featured_media":697677,"comment_status":"","ping_status":"","sticky":false,"template":"","format":"standard","meta":{"footnotes":""},"categories":[9619],"tags":[1111,47,11,2761,1777,674,1011,27,5107,5415,12,883,316,882,2556,25,2310,7506],"class_list":{"0":"post-697676","1":"post","2":"type-post","3":"status-publish","4":"format-standard","5":"has-post-thumbnail","7":"category-toulon","8":"tag-actu","9":"tag-actualite","10":"tag-actualites","11":"tag-elections-municipales-2026","12":"tag-eu","13":"tag-europe","14":"tag-fr","15":"tag-france","16":"tag-maire","17":"tag-mairie","18":"tag-news","19":"tag-paca","20":"tag-politique","21":"tag-provence-alpes-cote-dazur","22":"tag-rassemblement-national-rn","23":"tag-republique-francaise","24":"tag-toulon","25":"tag-var"},"share_on_mastodon":{"url":"https:\/\/pubeurope.com\/@fr\/115979307176799741","error":""},"_links":{"self":[{"href":"https:\/\/www.europesays.com\/fr\/wp-json\/wp\/v2\/posts\/697676","targetHints":{"allow":["GET"]}}],"collection":[{"href":"https:\/\/www.europesays.com\/fr\/wp-json\/wp\/v2\/posts"}],"about":[{"href":"https:\/\/www.europesays.com\/fr\/wp-json\/wp\/v2\/types\/post"}],"author":[{"embeddable":true,"href":"https:\/\/www.europesays.com\/fr\/wp-json\/wp\/v2\/users\/2"}],"replies":[{"embeddable":true,"href":"https:\/\/www.europesays.com\/fr\/wp-json\/wp\/v2\/comments?post=697676"}],"version-history":[{"count":0,"href":"https:\/\/www.europesays.com\/fr\/wp-json\/wp\/v2\/posts\/697676\/revisions"}],"wp:featuredmedia":[{"embeddable":true,"href":"https:\/\/www.europesays.com\/fr\/wp-json\/wp\/v2\/media\/697677"}],"wp:attachment":[{"href":"https:\/\/www.europesays.com\/fr\/wp-json\/wp\/v2\/media?parent=697676"}],"wp:term":[{"taxonomy":"category","embeddable":true,"href":"https:\/\/www.europesays.com\/fr\/wp-json\/wp\/v2\/categories?post=697676"},{"taxonomy":"post_tag","embeddable":true,"href":"https:\/\/www.europesays.com\/fr\/wp-json\/wp\/v2\/tags?post=697676"}],"curies":[{"name":"wp","href":"https:\/\/api.w.org\/{rel}","templated":true}]}}