{"id":697680,"date":"2026-01-29T16:23:11","date_gmt":"2026-01-29T16:23:11","guid":{"rendered":"https:\/\/www.europesays.com\/fr\/697680\/"},"modified":"2026-01-29T16:23:11","modified_gmt":"2026-01-29T16:23:11","slug":"transferts-top-14-sa-maman-bosse-a-la-station-service-a-cote-montpellier-officialise-le-retour-de-reda-wardi","status":"publish","type":"post","link":"https:\/\/www.europesays.com\/fr\/697680\/","title":{"rendered":"Transferts \/ Top 14 &#8211; \u00ab\u00a0Sa maman bosse \u00e0 la station-service \u00e0 c\u00f4t\u00e9\u00a0\u00bb : Montpellier officialise le retour de Reda Wardi"},"content":{"rendered":"<p>\n                Montpellier a officialis\u00e9 ce jeudi un transfert. Il s&rsquo;agit du retour au club du pilier Reda Wardi.\n            <\/p>\n<p><strong><a href=\"https:\/\/www.rugbyrama.fr\/2026\/01\/25\/transferts-la-rochelle-aurait-trouve-le-remplacant-de-reda-wardi-13186135.php\" target=\"_self\" rel=\"noopener\">C&rsquo;\u00e9tait annonc\u00e9 dans ces colonnes<\/a><\/strong>, Montpellier a officialis\u00e9 le retour au bercail de Reda Wardi ce jeudi. Le joueur du Stade rochelais s&rsquo;est engag\u00e9 jusqu&rsquo;en 2030 avec son club formateur (2007-2015). Avant la parution du communiqu\u00e9 du club, Joan Caudullo, le manager, l&rsquo;avait annonc\u00e9 en conf\u00e9rence de presse. Dans l&rsquo;H\u00e9rault, il compensera <strong><a href=\"https:\/\/www.rugbyrama.fr\/2025\/12\/22\/transferts-pro-d2-top-14-forletta-proche-de-lusap-monribot-du-staff-de-bayonne-ca-bouge-a-grenoble-les-dernieres-indiscretions-13125549.php\" target=\"_self\" rel=\"noopener\">le d\u00e9part d&rsquo;Enzo Forletta, le pilier gauche \u00e9tant lui sur le d\u00e9part pour Perpignan<\/a><\/strong>.<\/p>\n<blockquote data-class=\"twitter-tweet\">\n<p lang=\"fr\" dir=\"ltr\">???? ????? ????? ??? ????? ?????? ! \\ud83d\\udd35\\u26aa<\/p>\n<p>Originaire de Montpellier et pass\u00e9 par notre \u00e9cole de rugby jusqu\u2019\u00e0 la case Espoirs, le pilier gauche international revient sur ses terres jusqu\u2019en 2030. <a href=\"https:\/\/t.co\/FGqzNwjwDN\">pic.twitter.com\/FGqzNwjwDN<\/a><\/p>\n<p>\u2014 Montpellier Rugby (@MHR_officiel) <a href=\"https:\/\/twitter.com\/MHR_officiel\/status\/2016884447488905657?ref_src=twsrc%5Etfw\" target=\"_blank\" rel=\"noopener\">January 29, 2026<\/a><\/p><\/blockquote>\n<p>\u00ab\u00a0C\u2019\u00e9tait important d\u2019avoir un joueur qui a \u00e9t\u00e9 international et qui, je pense, peut l\u2019\u00eatre encore vu ses performances. C\u2019est un mec de qualit\u00e9, jiff et qui est d\u2019ici, sa maman bosse \u00e0 la station-service \u00e0 c\u00f4t\u00e9. Je trouve \u00e7a bien pour le club. Depuis quelques ann\u00e9es, on n\u2019a pas trop recrut\u00e9 d\u2019internationaux fran\u00e7ais. On en a cr\u00e9\u00e9, mais pas recrut\u00e9. J\u2019esp\u00e8re que \u00e7a va continuer. Je suis tr\u00e8s content d\u2019annoncer \u00e7a, surtout qu\u2019on ne parle plus de court terme, mais de moyen-long terme\u00a0\u00bb, a d\u00e9clar\u00e9 l&rsquo;entra\u00eeneur du MHR, des propos rapport\u00e9s par le Midi Libre. <strong><a href=\"https:\/\/www.rugbyrama.fr\/2026\/01\/29\/transferts-top-14-joel-sclavi-la-rochelle-en-animateur-lyon-hyperactif-13195602.php\" target=\"_self\" rel=\"noopener\">Reda Wardi \u00e9tait au Stade rochelais<\/a><\/strong> depuis 2019, apr\u00e8s avoir pass\u00e9 quatre saisons \u00e0 B\u00e9ziers (2015-2019). Il compte 18 capes avec le XV de France.<\/p>\n<p>                    <script async src=\"https:\/\/platform.twitter.com\/widgets.js\" charset=\"utf-8\"><\/script><\/p>\n","protected":false},"excerpt":{"rendered":"Montpellier a officialis\u00e9 ce jeudi un transfert. Il s&rsquo;agit du retour au club du pilier Reda Wardi. C&rsquo;\u00e9tait&hellip;\n","protected":false},"author":2,"featured_media":697681,"comment_status":"","ping_status":"","sticky":false,"template":"","format":"standard","meta":{"footnotes":""},"categories":[9599],"tags":[1111,11,1777,674,1011,27,2208,12,2680,77305,25,68796,478],"class_list":{"0":"post-697680","1":"post","2":"type-post","3":"status-publish","4":"format-standard","5":"has-post-thumbnail","7":"category-montpellier","8":"tag-actu","9":"tag-actualites","10":"tag-eu","11":"tag-europe","12":"tag-fr","13":"tag-france","14":"tag-montpellier","15":"tag-news","16":"tag-occitanie","17":"tag-reda-wardi","18":"tag-republique-francaise","19":"tag-rugby-u00e0-xv","20":"tag-top-14"},"share_on_mastodon":{"url":"https:\/\/pubeurope.com\/@fr\/115979314950120615","error":""},"_links":{"self":[{"href":"https:\/\/www.europesays.com\/fr\/wp-json\/wp\/v2\/posts\/697680","targetHints":{"allow":["GET"]}}],"collection":[{"href":"https:\/\/www.europesays.com\/fr\/wp-json\/wp\/v2\/posts"}],"about":[{"href":"https:\/\/www.europesays.com\/fr\/wp-json\/wp\/v2\/types\/post"}],"author":[{"embeddable":true,"href":"https:\/\/www.europesays.com\/fr\/wp-json\/wp\/v2\/users\/2"}],"replies":[{"embeddable":true,"href":"https:\/\/www.europesays.com\/fr\/wp-json\/wp\/v2\/comments?post=697680"}],"version-history":[{"count":0,"href":"https:\/\/www.europesays.com\/fr\/wp-json\/wp\/v2\/posts\/697680\/revisions"}],"wp:featuredmedia":[{"embeddable":true,"href":"https:\/\/www.europesays.com\/fr\/wp-json\/wp\/v2\/media\/697681"}],"wp:attachment":[{"href":"https:\/\/www.europesays.com\/fr\/wp-json\/wp\/v2\/media?parent=697680"}],"wp:term":[{"taxonomy":"category","embeddable":true,"href":"https:\/\/www.europesays.com\/fr\/wp-json\/wp\/v2\/categories?post=697680"},{"taxonomy":"post_tag","embeddable":true,"href":"https:\/\/www.europesays.com\/fr\/wp-json\/wp\/v2\/tags?post=697680"}],"curies":[{"name":"wp","href":"https:\/\/api.w.org\/{rel}","templated":true}]}}