{"id":697686,"date":"2026-01-29T16:27:12","date_gmt":"2026-01-29T16:27:12","guid":{"rendered":"https:\/\/www.europesays.com\/fr\/697686\/"},"modified":"2026-01-29T16:27:12","modified_gmt":"2026-01-29T16:27:12","slug":"gael-vieux-a-pris-la-direction-de-richardson-grenoble","status":"publish","type":"post","link":"https:\/\/www.europesays.com\/fr\/697686\/","title":{"rendered":"Ga\u00ebl Vieux a pris la direction de Richardson Grenoble"},"content":{"rendered":"<ul class=\"post-categories\">&#13;<\/p>\n<li style=\"display:none\"><a itemprop=\"url\" href=\"https:\/\/www.lefaucigny.fr\/preprod\/\" target=\"_blank\" rel=\"noopener\">Accueil<\/a><\/li>\n<p>&#13;<\/p>\n<li><a itemprop=\"url\" href=\"https:\/\/www.affiches.fr\/category\/dernieres-nouvelles\/\" rel=\"category tag noopener\" target=\"_blank\">Derni\u00e8res nouvelles<\/a><\/li>\n<p>&#13;\n<\/ul>\n<p>&#13;<br \/>\n&#13;<br \/>\nPubli\u00e9 le 29 janvier 2026 &#13;\n<\/p>\n<p>Depuis le 19\u00a0janvier dernier, Ga\u00ebl Vieux occupe la fonction de directeur de l\u2019unit\u00e9 de gestion Richardson Grenoble. Il succ\u00e8de \u00e0 Nathalie Pauletto.<\/p>\n<p><img decoding=\"async\" src=\"https:\/\/www.europesays.com\/fr\/wp-content\/uploads\/2026\/01\/Photo-Gael-Vieux-Richardson-Grenoble-B.Tournaire13-scaled-e1769703010740-851x1024.jpg\" alt=\"Ga\u00ebl Vieux \u00a9 Richardson Grenoble - B. Tournaire\" class=\"wp-image-4712275\" style=\"width:244px;height:auto\"\/>Ga\u00ebl Vieux \u00a9 Richardson Grenoble &#8211; B. Tournaire<\/p>\n<p>Entr\u00e9 en 2000, Ga\u00ebl Vieux a effectu\u00e9 l\u2019ensemble de son parcours professionnel chez ce groupe familial, sp\u00e9cialis\u00e9 dans la distribution de solutions en plomberie, chauffage, climatisation, salle de bains et carrelage, \u00e0 destination des professionnels du b\u00e2timent et des particuliers. D\u2019abord \u00e0 Grenoble entre\u00a02000 et\u00a02012, Ga\u00ebl Vieux a ensuite \u00e9volu\u00e9 au sein du groupe, occupant des fonctions op\u00e9rationnelles et manag\u00e9riales, avant de prendre la direction de l\u2019unit\u00e9 de gestion de Bourg-en-Bresse. Dans ses nouvelles fonctions, il a d\u00e9sormais sous sa responsabilit\u00e9 les agences Richardson de Grenoble, Vizille, Voiron et Saint-Marcellin, ainsi qu\u2019Air\u00e9o, \u00e0 Saint-Martin-le-Vinoux.<\/p>\n","protected":false},"excerpt":{"rendered":"&#13; Accueil &#13; Derni\u00e8res nouvelles &#13; &#13; &#13; Publi\u00e9 le 29 janvier 2026 &#13; Depuis le 19\u00a0janvier dernier,&hellip;\n","protected":false},"author":2,"featured_media":697687,"comment_status":"","ping_status":"","sticky":false,"template":"","format":"standard","meta":{"footnotes":""},"categories":[9566],"tags":[1111,11,2430,1777,674,1011,27,2731,12,25],"class_list":{"0":"post-697686","1":"post","2":"type-post","3":"status-publish","4":"format-standard","5":"has-post-thumbnail","7":"category-grenoble","8":"tag-actu","9":"tag-actualites","10":"tag-auvergne-rhone-alpes","11":"tag-eu","12":"tag-europe","13":"tag-fr","14":"tag-france","15":"tag-grenoble","16":"tag-news","17":"tag-republique-francaise"},"share_on_mastodon":{"url":"https:\/\/pubeurope.com\/@fr\/115979330876751318","error":""},"_links":{"self":[{"href":"https:\/\/www.europesays.com\/fr\/wp-json\/wp\/v2\/posts\/697686","targetHints":{"allow":["GET"]}}],"collection":[{"href":"https:\/\/www.europesays.com\/fr\/wp-json\/wp\/v2\/posts"}],"about":[{"href":"https:\/\/www.europesays.com\/fr\/wp-json\/wp\/v2\/types\/post"}],"author":[{"embeddable":true,"href":"https:\/\/www.europesays.com\/fr\/wp-json\/wp\/v2\/users\/2"}],"replies":[{"embeddable":true,"href":"https:\/\/www.europesays.com\/fr\/wp-json\/wp\/v2\/comments?post=697686"}],"version-history":[{"count":0,"href":"https:\/\/www.europesays.com\/fr\/wp-json\/wp\/v2\/posts\/697686\/revisions"}],"wp:featuredmedia":[{"embeddable":true,"href":"https:\/\/www.europesays.com\/fr\/wp-json\/wp\/v2\/media\/697687"}],"wp:attachment":[{"href":"https:\/\/www.europesays.com\/fr\/wp-json\/wp\/v2\/media?parent=697686"}],"wp:term":[{"taxonomy":"category","embeddable":true,"href":"https:\/\/www.europesays.com\/fr\/wp-json\/wp\/v2\/categories?post=697686"},{"taxonomy":"post_tag","embeddable":true,"href":"https:\/\/www.europesays.com\/fr\/wp-json\/wp\/v2\/tags?post=697686"}],"curies":[{"name":"wp","href":"https:\/\/api.w.org\/{rel}","templated":true}]}}