{"id":697700,"date":"2026-01-29T16:34:09","date_gmt":"2026-01-29T16:34:09","guid":{"rendered":"https:\/\/www.europesays.com\/fr\/697700\/"},"modified":"2026-01-29T16:34:09","modified_gmt":"2026-01-29T16:34:09","slug":"la-ministre-aurore-berge-en-visite-au-chu-de-nantes","status":"publish","type":"post","link":"https:\/\/www.europesays.com\/fr\/697700\/","title":{"rendered":"la ministre Aurore Berg\u00e9 en visite au CHU de Nantes"},"content":{"rendered":"<p>                    Par<br \/>\n        <strong><br \/>\n            <a href=\"https:\/\/actu.fr\/auteur\/thomas-bernard\" title=\"Consulter tous les articles de Thomas Bernard\" target=\"_blank\" rel=\"noopener\">Thomas Bernard<\/a><br \/>\n                    <\/strong><\/p>\n<p>        Publi\u00e9 le<\/p>\n<p>            29 janv. 2026 \u00e0 16h49        <\/p>\n<p>Apr\u00e8s <a href=\"https:\/\/actu.fr\/pays-de-la-loire\/la-roche-sur-yon_85191\/la-ministre-aurore-berge-en-deplacement-en-vendee_63759228.html\" target=\"_blank\" rel=\"noopener\">un d\u00e9placement en Vend\u00e9e le jeudi 29 janvier 2026<\/a>, Aurore Berg\u00e9, ministre de l\u2019\u00c9galit\u00e9 entre les femmes et les hommes et de la Lutte contre les discriminations, sera \u00e0 Nantes, ce vendredi 30 janvier. Voici les raisons de sa venue dans la cit\u00e9 des ducs de Bretagne.\u00a0<\/p>\n<p>Exp\u00e9rimentation et d\u00e9tection de la soumission chimique<\/p>\n<p class=\" wall-content\">Dans le cadre du lancement de l\u2019exp\u00e9rimentation d\u00e9di\u00e9e \u00e0 la <a href=\"https:\/\/actu.fr\/pays-de-la-loire\/guerande_44069\/la-soumission-chimique-est-en-constante-augmentation-un-rapport-redige-par-une-deputee-du-44-alerte_62631225.html\" target=\"_blank\" rel=\"noopener\">lutte contre la soumission chimique<\/a>, la ministre se rendra au <b>CHU de Nantes<\/b>. Aurore Berg\u00e9 sera accompagn\u00e9e de la d\u00e9put\u00e9e de Loire-Atlantique, <a href=\"https:\/\/actu.fr\/pays-de-la-loire\/guerande_44069\/jai-peur-de-le-revoir-les-craintes-de-la-deputee-sandrine-josso-avant-le-proces-de-joel-guerriau_63741559.html\" target=\"_blank\" rel=\"noopener\">Sandrine Josso<\/a>, victime de soumission chimique en novembre 2023.<\/p>\n<p class=\" wall-content\">Pour rappel, ce mardi 27 janvier, Jo\u00ebl Guerriau, ancien <a href=\"https:\/\/actu.fr\/pays-de-la-loire\/saint-sebastien-sur-loire_44190\/condamnation-de-joel-guerriau-la-commune-ou-il-a-ete-maire-prend-une-decision-symbolique_63762274.html\" target=\"_blank\" rel=\"noopener\">maire de Saint-S\u00e9bastien-sur-Loire<\/a>, a \u00e9t\u00e9 <a href=\"https:\/\/actu.fr\/ile-de-france\/paris_75056\/proces-de-joel-guerriau-a-paris-pour-soumission-chimique-l-ex-senateur-condamne-a-18-mois-de-prison-ferme_63756411.html\" target=\"_blank\" rel=\"noopener\">condamn\u00e9 \u00e0 18 mois de prison pour avoir drogu\u00e9 l\u2019\u00e9lue de Loire-Atlantique<\/a>.\u00a0<\/p>\n<p class=\" wall-content\">L\u2019exp\u00e9rimentation lanc\u00e9e par le <a href=\"https:\/\/actu.fr\/tag\/chu-de-nantes\" target=\"_blank\" rel=\"noopener\">CHU de Nantes<\/a> dans les <a href=\"https:\/\/actu.fr\/pays-de-la-loire\/\" target=\"_blank\" rel=\"noopener\">Pays de la Loire<\/a> doit permettre <b>le recueil de preuves ainsi que le remboursement des tests et analyses destin\u00e9s \u00e0 d\u00e9tecter un \u00e9tat de soumission chimique, y compris en l\u2019absence de d\u00e9p\u00f4t de plainte imm\u00e9diat<\/b>. Ce dispositif vise \u00e0 garantir un acc\u00e8s rapide et gratuit \u00e0 ces examens, dont le co\u00fbt peut atteindre 1 000 euros par victime.<\/p>\n<p class=\" wall-content\">Personnalisez votre actualit\u00e9 en ajoutant vos villes et m\u00e9dias en favori avec <a href=\"https:\/\/moncompte.actu.fr\" title=\"D\u00e9couvez Mon Actu\" rel=\"nofollow noopener\" data-trk=\"{&quot;cta&quot;:{&quot;action&quot;:&quot;https:\\\/\\\/moncompte.actu.fr&quot;,&quot;category&quot;:&quot;mon compte&quot;,&quot;from&quot;:&quot;article footer&quot;,&quot;name&quot;:&quot;Mon actu&quot;,&quot;type&quot;:&quot;cta&quot;}}\" target=\"_blank\">Mon Actu<\/a>.<\/p>\n","protected":false},"excerpt":{"rendered":"Par Thomas Bernard Publi\u00e9 le 29 janv. 2026 \u00e0 16h49 Apr\u00e8s un d\u00e9placement en Vend\u00e9e le jeudi 29&hellip;\n","protected":false},"author":2,"featured_media":697701,"comment_status":"","ping_status":"","sticky":false,"template":"","format":"standard","meta":{"footnotes":""},"categories":[2818],"tags":[1111,11,9573,7426,1777,674,1011,27,766,12,2636,25,34788,104],"class_list":{"0":"post-697700","1":"post","2":"type-post","3":"status-publish","4":"format-standard","5":"has-post-thumbnail","7":"category-nantes","8":"tag-actu","9":"tag-actualites","10":"tag-aurore-berge","11":"tag-chu-de-nantes","12":"tag-eu","13":"tag-europe","14":"tag-fr","15":"tag-france","16":"tag-nantes","17":"tag-news","18":"tag-pays-de-la-loire","19":"tag-republique-francaise","20":"tag-sandrine-josso","21":"tag-societe"},"share_on_mastodon":{"url":"https:\/\/pubeurope.com\/@fr\/115979358447679249","error":""},"_links":{"self":[{"href":"https:\/\/www.europesays.com\/fr\/wp-json\/wp\/v2\/posts\/697700","targetHints":{"allow":["GET"]}}],"collection":[{"href":"https:\/\/www.europesays.com\/fr\/wp-json\/wp\/v2\/posts"}],"about":[{"href":"https:\/\/www.europesays.com\/fr\/wp-json\/wp\/v2\/types\/post"}],"author":[{"embeddable":true,"href":"https:\/\/www.europesays.com\/fr\/wp-json\/wp\/v2\/users\/2"}],"replies":[{"embeddable":true,"href":"https:\/\/www.europesays.com\/fr\/wp-json\/wp\/v2\/comments?post=697700"}],"version-history":[{"count":0,"href":"https:\/\/www.europesays.com\/fr\/wp-json\/wp\/v2\/posts\/697700\/revisions"}],"wp:featuredmedia":[{"embeddable":true,"href":"https:\/\/www.europesays.com\/fr\/wp-json\/wp\/v2\/media\/697701"}],"wp:attachment":[{"href":"https:\/\/www.europesays.com\/fr\/wp-json\/wp\/v2\/media?parent=697700"}],"wp:term":[{"taxonomy":"category","embeddable":true,"href":"https:\/\/www.europesays.com\/fr\/wp-json\/wp\/v2\/categories?post=697700"},{"taxonomy":"post_tag","embeddable":true,"href":"https:\/\/www.europesays.com\/fr\/wp-json\/wp\/v2\/tags?post=697700"}],"curies":[{"name":"wp","href":"https:\/\/api.w.org\/{rel}","templated":true}]}}