{"id":697710,"date":"2026-01-29T16:39:11","date_gmt":"2026-01-29T16:39:11","guid":{"rendered":"https:\/\/www.europesays.com\/fr\/697710\/"},"modified":"2026-01-29T16:39:11","modified_gmt":"2026-01-29T16:39:11","slug":"a-toulouse-les-elus-locaux-le-club-de-la-presse-et-reporters-sans-frontieres-demandent-la-liberation-du-journaliste-christophe-gleizes-detenu-en-algerie","status":"publish","type":"post","link":"https:\/\/www.europesays.com\/fr\/697710\/","title":{"rendered":"\u00c0 Toulouse, les \u00e9lus locaux, le Club de la presse et Reporters sans fronti\u00e8res demandent la lib\u00e9ration du journaliste Christophe Gleizes, d\u00e9tenu en Alg\u00e9rie"},"content":{"rendered":"<p>\n                                                                    l&rsquo;essentiel<br \/>\n                                                                Le Club de la presse Occitanie, Reporters sans fronti\u00e8res, de nombreux \u00e9lus et journalistes ont r\u00e9clam\u00e9, jeudi 29\u00a0janvier, la lib\u00e9ration du journaliste Christophe Gleizes, originaire du Lot-et-Garonne, et emprisonn\u00e9 en Alg\u00e9rie.\n                            <\/p>\n<p>Le maire de Toulouse et pr\u00e9sident de la M\u00e9tropole Jean-Luc Moudenc, entour\u00e9 de plusieurs \u00e9lus toulousains, d\u00e9partementaux et r\u00e9gionaux, a pr\u00e9sid\u00e9, hier au square Charles-de-Gaulle \u00e0 Toulouse, le rassemblement organis\u00e9 par le Club de la presse Occitanie, Reporters sans fronti\u00e8res (RSF) pour demander la lib\u00e9ration du journaliste du Lot-et-Garonne Christophe Gleizes emprisonn\u00e9 en Alg\u00e9rie. Un panneau avec sa photo tr\u00f4ne d\u00e9sormais dans le square pr\u00e8s de la st\u00e8le Jean Jaur\u00e8s. Tout un symbole de la libert\u00e9 de la presse.<\/p>\n<p>Condamn\u00e9 depuis le 29\u00a0juin 2025<\/p>\n<p class=\"std-elt__inline\">\n        <strong>\u00c0 lire aussi :<\/strong><br \/>\n        <a href=\"https:\/\/www.ladepeche.fr\/2026\/01\/29\/devant-nous-il-va-dire-quil-tient-le-coup-la-maman-de-christophe-gleizes-donne-des-nouvelles-de-son-fils-toujours-enferme-en-algerie-13195764.php\" target=\"_blank\" rel=\"noopener\">\u00ab\u00a0Devant nous, il va dire qu\u2019il tient le coup\u00a0\u00bb\u00a0: la maman de Christophe Gleizes donne des nouvelles de son fils, toujours enferm\u00e9 en Alg\u00e9rie<\/a>\n    <\/p>\n<p>Collaborateur des magazines So Foot et Society, Christophe Gleizes a \u00e9t\u00e9 arr\u00eat\u00e9 le 28\u00a0mai 2024 \u00e0 Tizi Ouzou (Alg\u00e9rie), alors qu\u2019il r\u00e9alisait des reportages consacr\u00e9s \u00e0 la Jeunesse Sportive de Kabylie (JSK). Plac\u00e9 sous contr\u00f4le judiciaire pendant treize mois, il est condamn\u00e9, le 29\u00a0juin 2025, \u00e0 sept ann\u00e9es de prison ferme pour des motifs fallacieux, \u00ab\u00a0apologie du terrorisme\u00a0\u00bb\u00a0et \u00ab\u00a0possession de publications dans un but de propagande nuisant \u00e0 l\u2019int\u00e9r\u00eat national\u00a0\u00bb.<\/p>\n<p>L\u2019affaire examin\u00e9e en appel le 3\u00a0d\u00e9cembre 2025<\/p>\n<p class=\"std-elt__inline\">\n        <strong>\u00c0 lire aussi :<\/strong><br \/>\n        <a href=\"https:\/\/www.ladepeche.fr\/2025\/12\/23\/christophe-gleizes-emprisonne-en-algerie-a-boe-le-combat-de-ses-proches-malgre-un-noel-sans-lui-13127420.php\" target=\"_blank\" rel=\"noopener\">Christophe Gleizes emprisonn\u00e9 en Alg\u00e9rie\u00a0: \u00e0 Bo\u00e9, le combat de ses proches malgr\u00e9 un No\u00ebl sans lui<\/a>\n    <\/p>\n<p>Son affaire a \u00e9t\u00e9 examin\u00e9e en appel le 3\u00a0d\u00e9cembre dernier par la Cour d\u2019appel de Tizi Ouzou, qui a rendu le m\u00eame verdict. \u00ab\u00a0Au nom de la libert\u00e9 de la presse et du respect des principes \u00e9nonc\u00e9s par la D\u00e9claration universelle des droits de l\u2019homme, auxquels la Constitution alg\u00e9rienne de 2020 exprime son attachement, est demand\u00e9e au pouvoir alg\u00e9rien la lib\u00e9ration imm\u00e9diate de Christophe Gleizes et les autorit\u00e9s fran\u00e7aises appel\u00e9es \u00e0 rechercher, dans les meilleurs d\u00e9lais, une solution diplomatique\u00a0\u00bb, ont exprim\u00e9s les organisateurs au micro. Une soir\u00e9e sp\u00e9ciale lui est consacr\u00e9e, ce soir, au Bataclan (Paris).<\/p>\n","protected":false},"excerpt":{"rendered":"l&rsquo;essentiel Le Club de la presse Occitanie, Reporters sans fronti\u00e8res, de nombreux \u00e9lus et journalistes ont r\u00e9clam\u00e9, jeudi&hellip;\n","protected":false},"author":2,"featured_media":697711,"comment_status":"","ping_status":"","sticky":false,"template":"","format":"standard","meta":{"footnotes":""},"categories":[2816],"tags":[1111,11,1777,674,1011,27,329,2722,14,12,2680,25,2312],"class_list":{"0":"post-697710","1":"post","2":"type-post","3":"status-publish","4":"format-standard","5":"has-post-thumbnail","7":"category-toulouse","8":"tag-actu","9":"tag-actualites","10":"tag-eu","11":"tag-europe","12":"tag-fr","13":"tag-france","14":"tag-france-monde","15":"tag-haute-garonne","16":"tag-international","17":"tag-news","18":"tag-occitanie","19":"tag-republique-francaise","20":"tag-toulouse"},"share_on_mastodon":{"url":"","error":""},"_links":{"self":[{"href":"https:\/\/www.europesays.com\/fr\/wp-json\/wp\/v2\/posts\/697710","targetHints":{"allow":["GET"]}}],"collection":[{"href":"https:\/\/www.europesays.com\/fr\/wp-json\/wp\/v2\/posts"}],"about":[{"href":"https:\/\/www.europesays.com\/fr\/wp-json\/wp\/v2\/types\/post"}],"author":[{"embeddable":true,"href":"https:\/\/www.europesays.com\/fr\/wp-json\/wp\/v2\/users\/2"}],"replies":[{"embeddable":true,"href":"https:\/\/www.europesays.com\/fr\/wp-json\/wp\/v2\/comments?post=697710"}],"version-history":[{"count":0,"href":"https:\/\/www.europesays.com\/fr\/wp-json\/wp\/v2\/posts\/697710\/revisions"}],"wp:featuredmedia":[{"embeddable":true,"href":"https:\/\/www.europesays.com\/fr\/wp-json\/wp\/v2\/media\/697711"}],"wp:attachment":[{"href":"https:\/\/www.europesays.com\/fr\/wp-json\/wp\/v2\/media?parent=697710"}],"wp:term":[{"taxonomy":"category","embeddable":true,"href":"https:\/\/www.europesays.com\/fr\/wp-json\/wp\/v2\/categories?post=697710"},{"taxonomy":"post_tag","embeddable":true,"href":"https:\/\/www.europesays.com\/fr\/wp-json\/wp\/v2\/tags?post=697710"}],"curies":[{"name":"wp","href":"https:\/\/api.w.org\/{rel}","templated":true}]}}