{"id":697712,"date":"2026-01-29T16:40:12","date_gmt":"2026-01-29T16:40:12","guid":{"rendered":"https:\/\/www.europesays.com\/fr\/697712\/"},"modified":"2026-01-29T16:40:12","modified_gmt":"2026-01-29T16:40:12","slug":"festival-dhumour-expos-bons-plans-que-faire-ce-week-end-du-cote-de-lille","status":"publish","type":"post","link":"https:\/\/www.europesays.com\/fr\/697712\/","title":{"rendered":"Festival d\u2019humour, expos, bons plans\u2026 Que faire ce week-end du c\u00f4t\u00e9 de Lille\u00a0?"},"content":{"rendered":"<p>Comme chaque semaine, la r\u00e9daction a rep\u00e9r\u00e9 quelques<b> \u00e9v\u00e9nements et autres sorties dont profiter <\/b>\u00e0 <a href=\"https:\/\/actu.fr\/lille\/\" target=\"_blank\" rel=\"noopener\">Lille<\/a> (Nord) et autour, cette fin de semaine. Voici ce que l\u2019on a not\u00e9 comme <b>id\u00e9es de sorties<\/b>, pour les <b>samedi 31\u00a0janvier et dimanche 1er\u00a0f\u00e9vrier 2026 <\/b>sur le secteur.<\/p>\n<li><a href=\"https:\/\/actu.fr\/hauts-de-france\/lille_59350\/lille-lhumoriste-pv-et-ses-acolytes-ouvrent-la-5e-edition-de-lillarious-qui-reserve-de-jolies-surprises_63394887.html\" target=\"_blank\" rel=\"noopener\">L\u2019humoriste PV et ses acolytes ouvrent la 5e \u00e9dition de Lillarious, qui r\u00e9serve de jolies surprises<\/a>\n<p>D\u00e8s ce vendredi, Lille passera en mode fou rire, le temps de la venue du festival Lillarious. Les grandes lignes de la prochaine \u00e9dition, tr\u00e8s attendue\u2009!<\/p>\n<\/li>\n<li><a href=\"https:\/\/actu.fr\/hauts-de-france\/lille_59350\/decouvrez-en-images-leblouissante-expo-lego-the-art-of-the-brick-tout-juste-arrivee-a-lille_63558290.html\" target=\"_blank\" rel=\"noopener\">D\u00e9couvrez en images l\u2019\u00e9blouissante expo LEGO\u00ae \u00ab\u2009The Art of the Brick\u2009\u00bb, arriv\u00e9e \u00e0 Lille<\/a>\n<p>\u00c9merveillement\u2009: s\u2019il ne fallait retenir qu\u2019un sentiment, ce serait celui-l\u00e0. L\u2019expo LEGO\u00ae \u00ab\u2009The Art of the Brick\u2009\u00bb est install\u00e9e \u00e0 Lille, \u00e0 Euratech, apr\u00e8s un tour du monde.<\/p>\n<\/li>\n<li><a href=\"https:\/\/actu.fr\/hauts-de-france\/lille_59350\/bon-plan-les-musees-gratuits-a-lille-le-premier-dimanche-du-mois_60915664.html\" target=\"_blank\" rel=\"noopener\">Bon plan. Les mus\u00e9es gratuits \u00e0 Lille et dans sa m\u00e9tropole, le premier dimanche du mois<\/a>\n<p>Beaucoup le savent d\u00e9j\u00e0\u2009: les mus\u00e9es sont gratuits, le premier dimanche du mois. Voici les \u00e9tablissements concern\u00e9s dans la m\u00e9tropole lilloise.<\/p>\n<\/li>\n<li><a href=\"https:\/\/actu.fr\/hauts-de-france\/villeneuve-d-ascq_59009\/avis-aux-collectionneurs-une-enorme-bourse-de-cartes-pokemon-debarque-pres-de-lille_63745541.html\" target=\"_blank\" rel=\"noopener\">Avis aux collectionneurs\u2009: une \u00e9norme bourse de cartes Pok\u00e9mon d\u00e9barque pr\u00e8s de Lille<\/a>\n<p>Cartes rares, \u00e9changes et goodies\u2009: une bourse Pok\u00e9mon s\u2019installe au Grand Playground \u00e0 Villeneuve-d\u2019Ascq samedi 31\u00a0janvier. Un rendez-vous immanquable pour les fans.<\/p>\n<\/li>\n<li><a href=\"https:\/\/actu.fr\/hauts-de-france\/lille_59350\/lille-le-loko-le-nouveau-comedy-club-new-yorkais-qui-va-vous-faire-hurler-de-rire_63574652.html\" target=\"_blank\" rel=\"noopener\">Le LOKO, le nouveau comedy club new yorkais qui va vous faire hurler de rire<\/a>\n<p>Nouveau comedy club fond\u00e9 par l\u2019humoriste lillois Habib, le LOKO mise sur une ambiance intimiste et une sc\u00e8ne d\u00e9di\u00e9e au stand-up. Retrouvez le programme de ce samedi <a href=\"https:\/\/www.leloko.fr\/events\/mois\/\" target=\"_blank\" rel=\"noopener\">par ici<\/a>.<\/p>\n<\/li>\n<li><a href=\"https:\/\/actu.fr\/hauts-de-france\/lille_59350\/durant-trois-jours-ce-grand-salon-a-lille-promet-de-vous-faire-voyager_63753838.html\" target=\"_blank\" rel=\"noopener\">Durant trois jours, ce grand salon \u00e0 Lille promet de vous faire voyager<\/a>\n<p>Envie de voyager\u2009? Du vendredi 30\u00a0janvier au dimanche 1er\u00a0f\u00e9vrier 2026, ce grand salon organis\u00e9 \u00e0 Lille Grand Palais promet de vous transporter vers de belles destinations.<\/p>\n<\/li>\n<li><a href=\"https:\/\/actu.fr\/hauts-de-france\/lille_59350\/lille-createurs-locaux-dj-set-et-food-le-mother-organise-son-tout-premier-marche-nocturne_63745412.html\" target=\"_blank\" rel=\"noopener\">Cr\u00e9ateurs locaux, DJ set et food\u2009: le Mother organise son tout premier march\u00e9 nocturne<\/a>\n<p>\u00c0 Lille, le restaurant-bar Mother innove en lan\u00e7ant son tout premier march\u00e9 nocturne m\u00ealant cr\u00e9ateurs locaux, DJ set et restauration, samedi 31\u00a0janvier 2026<\/p>\n<\/li>\n<li><a href=\"https:\/\/actu.fr\/hauts-de-france\/lille_59350\/lille-le-palais-des-beaux-arts-devoile-les-petits-secrets-des-geants-dans-une-expo_63270143.html\" target=\"_blank\" rel=\"noopener\">Le Palais des Beaux-Arts d\u00e9voile les petits secrets des g\u00e9ants dans une expo<\/a>\n<p>Jusqu\u2019au 5\u00a0janvier 2026, le Palais des Beaux-Arts de Lille d\u00e9voile les petits secrets des g\u00e9ants. Avec en point d\u2019orgue un film d\u2019animation du dessinateur nordiste Fran\u00e7ois Boucq.<\/p>\n<\/li>\n<li><a href=\"https:\/\/actu.fr\/hauts-de-france\/roubaix_59512\/la-piscine-histoire-d-un-musee-tres-atypique-dedie-a-l-art-et-a-l-industrie_63452339.html\" target=\"_blank\" rel=\"noopener\">\u00ab\u2009La Piscine\u2009\u00bb\u2009: histoire d\u2019un mus\u00e9e tr\u00e8s atypique d\u00e9di\u00e9 \u00e0 l\u2019art et \u00e0 l\u2019industrie<\/a>\n<p>\u00c0 Roubaix, dans le Nord, se trouve un mus\u00e9e d\u00e9di\u00e9 \u00e0 l\u2019art et \u00e0 l\u2019industrie. Mais sa particularit\u00e9 se trouve surtout dans le lieu o\u00f9 il a \u00e9lu domicile. On vous explique.<\/p>\n<\/li>\n<li><a href=\"https:\/\/actu.fr\/hauts-de-france\/phalempin_59462\/a-20-minutes-de-lille-cette-foret-est-un-petit-joyau-de-verdure_60086929.html\" target=\"_blank\" rel=\"noopener\">\u00c0 20\u00a0minutes de Lille, cette for\u00eat est un petit joyau de verdure<\/a>\n<p>A quelques kilom\u00e8tres seulement de Lille (Nord), profitez d\u2019une belle balade dans une for\u00eat am\u00e9nag\u00e9e. De quoi s\u2019offrir un bon bol d\u2019air au c\u0153ur de la nature.<\/p>\n<\/li>\n<li><a href=\"https:\/\/actu.fr\/hauts-de-france\/lille_59350\/l-univers-un-cinema-unique-en-son-genre-a-lille_36327538.html\" target=\"_blank\" rel=\"noopener\">Une f\u00eate du collectif avec une projection-atelier dans ce cin\u00e9ma hors du commun de Lille<\/a>\n<p>Ce samedi 31\u00a0janvier, le cin\u00e9ma l\u2019Univers \u00e0 Lille organise un temps festif, avec pour ouvrir la journ\u00e9e une s\u00e9ance avec projection et atelier autour d\u2019Ensemble c\u2019est mieux. Des animations sont pr\u00e9vues d\u00e8s 10\u2009h (heure de la projection) et jusqu\u2019\u00e0 20\u2009h. Plus d\u2019infos <a href=\"https:\/\/www.facebook.com\/events\/1571189640668002?acontext=%7B%22event_action_history%22%3A%5B%7B%22surface%22%3A%22search%22%7D%2C%7B%22mechanism%22%3A%22attachment%22%2C%22surface%22%3A%22newsfeed%22%7D%5D%2C%22ref_notif_type%22%3Anull%7D\" target=\"_blank\" rel=\"noopener\">sur la page Facebook de l\u2019\u00e9v\u00e9nement<\/a>.<\/p>\n<\/li>\n<li><a href=\"https:\/\/www.facebook.com\/events\/884374513961591\/\" target=\"_blank\" rel=\"noopener\">\u00ab\u2009Macumba forever\u2009\u00bb avec l\u2019ancien DJ r\u00e9sident de la bo\u00eete de nuit \u00e0 Saint-So<\/a><br \/>Une soir\u00e9e festive gratuite est organis\u00e9e ce samedi 31\u00a0janvier au Bistrot de Saint-So, pour cl\u00f4turer le mois en beaut\u00e9. DJ Gauthier, ancien DJ r\u00e9sident du Macumba d\u2019Englos, se chargera de mettre l\u2019ambiance pour cette f\u00eate, logiquement baptis\u00e9e \u00ab\u2009Macumba forever\u2009\u00bb. Rendez-vous d\u00e8s 21\u2009h et jusqu\u2019\u00e0 2\u2009h du matin\u2009!<\/li>\n<li><a href=\"https:\/\/actu.fr\/hauts-de-france\/tourcoing_59599\/tourcoing-plongez-dans-lunivers-de-ce-jeu-video-mondialement-connu-dans-une-exposition_63610536.html\" target=\"_blank\" rel=\"noopener\">Tourcoing. Plongez dans l\u2019univers de ce jeu vid\u00e9o mondialement connu dans une exposition<\/a>\n<p>Red\u00e9couvrir la ville de Bagdad \u00e0 travers son histoire et\u2026 \u00e0 la mani\u00e8re d\u2019Assassin\u2019s Creed\u2009! C\u2019est ce qui vous est propos\u00e9 jusqu\u2019\u00e0 d\u00e9but f\u00e9vrier\u00a02026 \u00e0 l\u2019IMA de Tourcoing (Nord).<\/p>\n<\/li>\n<li><a href=\"https:\/\/actu.fr\/hauts-de-france\/villeneuve-d-ascq_59009\/cetait-comment-avant-ce-musee-vous-montre-comment-on-vivait-dans-le-nord-au-debut-du-xxe-siecle_62957039.html\" target=\"_blank\" rel=\"noopener\">Spectacle et ateliers gratuits dimanche au Mus\u00e9e du terroir<\/a>\n<p>Dimanche 1er\u00a0f\u00e9vrier de 14\u2009h\u200930 \u00e0 17\u2009h\u200930, le Mus\u00e9e du Terroir propose un spectacle et des ateliers gratuits\u00e0 l\u2019huile de coude et pour tous les \u00e2ges\u2009! Pour s\u2019immerger dans une \u00e9poque pas si lointaine o\u00f9 tous les appareils fonctionnaient sans \u00e9lectricit\u00e9. Au programme\u2009: contes et orgue de barbarie, atelier menuiserie au vilebrequin, atelier torr\u00e9faction et mouture de caf\u00e9 \u00e0 l\u2019ancienne\u2026 Tout le programme est disponible <a href=\"https:\/\/www.facebook.com\/events\/1505551884061557?acontext=%7B%22event_action_history%22%3A%5B%7B%22surface%22%3A%22group%22%7D%2C%7B%22mechanism%22%3A%22attachment%22%2C%22surface%22%3A%22newsfeed%22%7D%5D%2C%22ref_notif_type%22%3Anull%7D\" target=\"_blank\" rel=\"noopener\">sur l\u2019\u00e9v\u00e9nement Facebook cr\u00e9\u00e9 par le mus\u00e9e<\/a>.<\/p>\n<\/li>\n<li><a href=\"https:\/\/actu.fr\/hauts-de-france\/lille_59350\/du-grand-repertoire-aux-creations-tres-actuelles-le-theatre-du-nord-debute-une-saison-tres-inspiree-a-lille_63317764.html\" target=\"_blank\" rel=\"noopener\">Salade, tomate, oignons, au Th\u00e9\u00e2tre du Nord<\/a>\n<p>La pi\u00e8ce de Jean-Christophe Folly cl\u00f4ture ses repr\u00e9sentations au Th\u00e9\u00e2tre du Nord de Lille ce samedi \u00e0 18\u2009h. Une ultime chance d\u2019y voir sur les planches \u00ab\u2009un homme, une femme, un ami\u2009: trois voix, mais un m\u00eame r\u00e9cit. Celui d\u2019une qu\u00eate d\u2019identit\u00e9, entre h\u00e9ritages flous et solitude partag\u00e9e. Seul en sc\u00e8ne, Jean-Christophe Folly donne corps \u00e0 ces trois personnages mouvants, entre humour et \u00e9motion, pour\u00a0raconter ce que c\u2019est que grandir\u00a0\u2018ici\u2019\u00a0quand on ne sait pas vraiment d\u2019o\u00f9 l\u2019on vient\u2009\u00bb, d\u00e9crit le th\u00e9\u00e2tre. Infos et fr\u00e9servations <a href=\"https:\/\/www.theatredunord.fr\/salade-tomate-oignons\" target=\"_blank\" rel=\"noopener\">par ici<\/a>.<\/p>\n<\/li>\n<li><a href=\"https:\/\/www.zenithdelille.com\/evenement\/15-000-voix-pour-les-legendes-du-rock\/\" target=\"_blank\" rel=\"noopener\">15\u2009000\u00a0voix pour les L\u00e9gendes du Rock\u2009: la tourn\u00e9e s\u2019arr\u00eate \u00e0 Lille ce samedi<\/a>\n<p>Il reste quelques places \u00e0 quelques heures de l\u2019\u00e9v\u00e9nement\u2009! Voices Harmony chante les l\u00e9gendes du rock au Z\u00e9nith de Lille, samedi \u00e0 20\u2009h. Queen, The Rolling Stones, AC\/DC et bien d\u2019autres grands noms voient leurs titres r\u00e9interpr\u00e9t\u00e9s dans un show spectaculaire\u2009!<\/p>\n<\/li>\n<p>Personnalisez votre actualit\u00e9 en ajoutant vos villes et m\u00e9dias en favori avec <a href=\"https:\/\/moncompte.actu.fr\" title=\"D\u00e9couvez Mon Actu\" rel=\"nofollow noopener\" data-trk=\"{&quot;cta&quot;:{&quot;action&quot;:&quot;https:\\\/\\\/moncompte.actu.fr&quot;,&quot;category&quot;:&quot;mon compte&quot;,&quot;from&quot;:&quot;article footer&quot;,&quot;name&quot;:&quot;Mon actu&quot;,&quot;type&quot;:&quot;cta&quot;}}\" target=\"_blank\">Mon Actu<\/a>.<\/p>\n","protected":false},"excerpt":{"rendered":"Comme chaque semaine, la r\u00e9daction a rep\u00e9r\u00e9 quelques \u00e9v\u00e9nements et autres sorties dont profiter \u00e0 Lille (Nord) et&hellip;\n","protected":false},"author":2,"featured_media":697713,"comment_status":"","ping_status":"","sticky":false,"template":"","format":"standard","meta":{"footnotes":""},"categories":[2815],"tags":[1111,11,1777,674,1011,27,811,1307,1652,12,25],"class_list":{"0":"post-697712","1":"post","2":"type-post","3":"status-publish","4":"format-standard","5":"has-post-thumbnail","7":"category-lille","8":"tag-actu","9":"tag-actualites","10":"tag-eu","11":"tag-europe","12":"tag-fr","13":"tag-france","14":"tag-hauts-de-france","15":"tag-lille","16":"tag-loisirs-culture","17":"tag-news","18":"tag-republique-francaise"},"share_on_mastodon":{"url":"https:\/\/pubeurope.com\/@fr\/115979381963635044","error":""},"_links":{"self":[{"href":"https:\/\/www.europesays.com\/fr\/wp-json\/wp\/v2\/posts\/697712","targetHints":{"allow":["GET"]}}],"collection":[{"href":"https:\/\/www.europesays.com\/fr\/wp-json\/wp\/v2\/posts"}],"about":[{"href":"https:\/\/www.europesays.com\/fr\/wp-json\/wp\/v2\/types\/post"}],"author":[{"embeddable":true,"href":"https:\/\/www.europesays.com\/fr\/wp-json\/wp\/v2\/users\/2"}],"replies":[{"embeddable":true,"href":"https:\/\/www.europesays.com\/fr\/wp-json\/wp\/v2\/comments?post=697712"}],"version-history":[{"count":0,"href":"https:\/\/www.europesays.com\/fr\/wp-json\/wp\/v2\/posts\/697712\/revisions"}],"wp:featuredmedia":[{"embeddable":true,"href":"https:\/\/www.europesays.com\/fr\/wp-json\/wp\/v2\/media\/697713"}],"wp:attachment":[{"href":"https:\/\/www.europesays.com\/fr\/wp-json\/wp\/v2\/media?parent=697712"}],"wp:term":[{"taxonomy":"category","embeddable":true,"href":"https:\/\/www.europesays.com\/fr\/wp-json\/wp\/v2\/categories?post=697712"},{"taxonomy":"post_tag","embeddable":true,"href":"https:\/\/www.europesays.com\/fr\/wp-json\/wp\/v2\/tags?post=697712"}],"curies":[{"name":"wp","href":"https:\/\/api.w.org\/{rel}","templated":true}]}}