{"id":697718,"date":"2026-01-29T16:44:10","date_gmt":"2026-01-29T16:44:10","guid":{"rendered":"https:\/\/www.europesays.com\/fr\/697718\/"},"modified":"2026-01-29T16:44:10","modified_gmt":"2026-01-29T16:44:10","slug":"laeroport-marseille-provence-organise-un-forum-de-lemploi","status":"publish","type":"post","link":"https:\/\/www.europesays.com\/fr\/697718\/","title":{"rendered":"L&rsquo;a\u00e9roport Marseille Provence organise un Forum de l\u2019Emploi"},"content":{"rendered":"<p>\t\t\t\t\t Le 12 f\u00e9vrier prochain, l\u2019<a class=\"liens\" href=\"https:\/\/www.tourmag.com\/tags\/aeroport+marseille\/\" target=\"_blank\" rel=\"noopener\">A\u00e9roport Marseille Provence<\/a> ouvre ses portes aux candidats \u00e0 l\u2019occasion de son <b>Forum de l\u2019Emploi<\/b>. <\/p>\n<p>Organis\u00e9 en partenariat avec <b>France Travail<\/b>, l\u2019\u00e9v\u00e9nement r\u00e9unira une vingtaine d\u2019entreprises implant\u00e9es sur la plateforme a\u00e9roportuaire, avec pr\u00e8s de 100 postes \u00e0 pourvoir dans des m\u00e9tiers vari\u00e9s.&#13;\t\t\t\t\t <\/p>\n<p>L\u2019objectif de ce rendez-vous est double : r\u00e9pondre aux besoins de <b>recrutement li\u00e9s aux pics d\u2019activit\u00e9 estivaux<\/b>, tout en identifiant des profils susceptibles d\u2019int\u00e9grer durablement les \u00e9quipes. &#13;\t\t\t\t\t <\/p>\n<p>L\u2019an dernier, plus de <b>700 candidats<\/b> avaient particip\u00e9 \u00e0 l\u2019\u00e9v\u00e9nement pour d\u00e9poser leur candidature.&#13;\t\t\t\t\t <\/p>\n<p>Le Forum de l\u2019Emploi se tiendra de <b>9h \u00e0 15h30<\/b> au Terminal 1 de l\u2019A\u00e9roport Marseille Provence. Les candidats sont invit\u00e9s \u00e0 <a class=\"liens\" href=\"https:\/\/www.marseille.aeroport.fr\/forum-emploi?utm_source=google&amp;utm_medium=cpc&amp;utm_campaign=2026-ek-amp_forum_de_l_emploi&amp;utm_content=search&amp;gad_source=1\" target=\"_blank\" rel=\"noopener\">s\u2019inscrire en ligne<\/a> sur le site de l\u2019a\u00e9roport. Pour faciliter l\u2019acc\u00e8s, le parking sera offert aux participants, m\u00eame si les organisateurs recommandent de <b>privil\u00e9gier les transports en commun<\/b> depuis les centres-villes. Des solutions de restauration seront \u00e9galement disponibles sur place.\n\t\t\t\t <\/p>\n","protected":false},"excerpt":{"rendered":"Le 12 f\u00e9vrier prochain, l\u2019A\u00e9roport Marseille Provence ouvre ses portes aux candidats \u00e0 l\u2019occasion de son Forum de&hellip;\n","protected":false},"author":2,"featured_media":697719,"comment_status":"","ping_status":"","sticky":false,"template":"","format":"standard","meta":{"footnotes":""},"categories":[2814],"tags":[1111,11,79259,1777,674,5556,1011,27,884,12,882,25],"class_list":{"0":"post-697718","1":"post","2":"type-post","3":"status-publish","4":"format-standard","5":"has-post-thumbnail","7":"category-marseille","8":"tag-actu","9":"tag-actualites","10":"tag-aeroport-marseille","11":"tag-eu","12":"tag-europe","13":"tag-forum","14":"tag-fr","15":"tag-france","16":"tag-marseille","17":"tag-news","18":"tag-provence-alpes-cote-dazur","19":"tag-republique-francaise"},"share_on_mastodon":{"url":"https:\/\/pubeurope.com\/@fr\/115979397656267227","error":""},"_links":{"self":[{"href":"https:\/\/www.europesays.com\/fr\/wp-json\/wp\/v2\/posts\/697718","targetHints":{"allow":["GET"]}}],"collection":[{"href":"https:\/\/www.europesays.com\/fr\/wp-json\/wp\/v2\/posts"}],"about":[{"href":"https:\/\/www.europesays.com\/fr\/wp-json\/wp\/v2\/types\/post"}],"author":[{"embeddable":true,"href":"https:\/\/www.europesays.com\/fr\/wp-json\/wp\/v2\/users\/2"}],"replies":[{"embeddable":true,"href":"https:\/\/www.europesays.com\/fr\/wp-json\/wp\/v2\/comments?post=697718"}],"version-history":[{"count":0,"href":"https:\/\/www.europesays.com\/fr\/wp-json\/wp\/v2\/posts\/697718\/revisions"}],"wp:featuredmedia":[{"embeddable":true,"href":"https:\/\/www.europesays.com\/fr\/wp-json\/wp\/v2\/media\/697719"}],"wp:attachment":[{"href":"https:\/\/www.europesays.com\/fr\/wp-json\/wp\/v2\/media?parent=697718"}],"wp:term":[{"taxonomy":"category","embeddable":true,"href":"https:\/\/www.europesays.com\/fr\/wp-json\/wp\/v2\/categories?post=697718"},{"taxonomy":"post_tag","embeddable":true,"href":"https:\/\/www.europesays.com\/fr\/wp-json\/wp\/v2\/tags?post=697718"}],"curies":[{"name":"wp","href":"https:\/\/api.w.org\/{rel}","templated":true}]}}