{"id":697720,"date":"2026-01-29T16:45:10","date_gmt":"2026-01-29T16:45:10","guid":{"rendered":"https:\/\/www.europesays.com\/fr\/697720\/"},"modified":"2026-01-29T16:45:10","modified_gmt":"2026-01-29T16:45:10","slug":"sncf-le-trafic-des-trains-tres-perturbe-entre-roanne-et-lyon","status":"publish","type":"post","link":"https:\/\/www.europesays.com\/fr\/697720\/","title":{"rendered":"SNCF : le trafic des trains tr\u00e8s perturb\u00e9 entre Roanne et Lyon"},"content":{"rendered":"<p>Depuis environ 17h ce jeudi, le trafic ferroviaire est tr\u00e8s perturb\u00e9 entre Roanne et Lyon. La faute \u00e0 une panne de signalisation.<\/p>\n<p>Les voyageurs de la ligne <b>Roanne-Lyon<\/b> vont devoir faire preuve d&rsquo;un peu de patience. Jeudi 29 janvier, depuis 17h environ, <b>une panne de signalisation<\/b> perturbe fortement la circulation des trains entre les deux villes.<\/p>\n<p>Plusieurs trains enregistre d\u00e9j\u00e0 quelques minutes de retard au d\u00e9part de Roanne.<\/p>\n<p>La SNCF indique que cette panne devrait causer \u00e9galement des retards dans le sens Lyon-Roanne.<\/p>\n<p>Plus d&rsquo;informations \u00e0 venir&#8230;<\/p>\n<p><img loading=\"lazy\" decoding=\"async\" src=\"https:\/\/www.europesays.com\/fr\/wp-content\/uploads\/2026\/01\/1769705110_765_img.png\" width=\"350\" height=\"200\" border=\"0\" title=\"Accident sur l'A72 dans la Loire, une femme l\u00c3\u00a9g\u00c3\u00a8rement bless\u00c3\u00a9e\"\/><\/p>\n<p>\u25baFaits divers<\/p>\n<p style=\"font-size: 22px;\"><b>Loire : accident sur l&rsquo;A72 entre un camion et une voiture, une femme bless\u00e9e<\/b><\/p>\n<p>Un accident s&rsquo;est produit, ce jeudi apr\u00e8s-midi,&#8230;<\/p>\n<p><\/p>\n","protected":false},"excerpt":{"rendered":"Depuis environ 17h ce jeudi, le trafic ferroviaire est tr\u00e8s perturb\u00e9 entre Roanne et Lyon. La faute \u00e0&hellip;\n","protected":false},"author":2,"featured_media":697721,"comment_status":"","ping_status":"","sticky":false,"template":"","format":"standard","meta":{"footnotes":""},"categories":[1889],"tags":[1111,11,2430,1777,674,1011,27,2428,12,25,9838,2215,6472,5811],"class_list":{"0":"post-697720","1":"post","2":"type-post","3":"status-publish","4":"format-standard","5":"has-post-thumbnail","7":"category-lyon","8":"tag-actu","9":"tag-actualites","10":"tag-auvergne-rhone-alpes","11":"tag-eu","12":"tag-europe","13":"tag-fr","14":"tag-france","15":"tag-lyon","16":"tag-news","17":"tag-republique-francaise","18":"tag-roanne","19":"tag-sncf","20":"tag-ter","21":"tag-trains"},"share_on_mastodon":{"url":"https:\/\/pubeurope.com\/@fr\/115979401652928124","error":""},"_links":{"self":[{"href":"https:\/\/www.europesays.com\/fr\/wp-json\/wp\/v2\/posts\/697720","targetHints":{"allow":["GET"]}}],"collection":[{"href":"https:\/\/www.europesays.com\/fr\/wp-json\/wp\/v2\/posts"}],"about":[{"href":"https:\/\/www.europesays.com\/fr\/wp-json\/wp\/v2\/types\/post"}],"author":[{"embeddable":true,"href":"https:\/\/www.europesays.com\/fr\/wp-json\/wp\/v2\/users\/2"}],"replies":[{"embeddable":true,"href":"https:\/\/www.europesays.com\/fr\/wp-json\/wp\/v2\/comments?post=697720"}],"version-history":[{"count":0,"href":"https:\/\/www.europesays.com\/fr\/wp-json\/wp\/v2\/posts\/697720\/revisions"}],"wp:featuredmedia":[{"embeddable":true,"href":"https:\/\/www.europesays.com\/fr\/wp-json\/wp\/v2\/media\/697721"}],"wp:attachment":[{"href":"https:\/\/www.europesays.com\/fr\/wp-json\/wp\/v2\/media?parent=697720"}],"wp:term":[{"taxonomy":"category","embeddable":true,"href":"https:\/\/www.europesays.com\/fr\/wp-json\/wp\/v2\/categories?post=697720"},{"taxonomy":"post_tag","embeddable":true,"href":"https:\/\/www.europesays.com\/fr\/wp-json\/wp\/v2\/tags?post=697720"}],"curies":[{"name":"wp","href":"https:\/\/api.w.org\/{rel}","templated":true}]}}