{"id":697725,"date":"2026-01-29T16:49:13","date_gmt":"2026-01-29T16:49:13","guid":{"rendered":"https:\/\/www.europesays.com\/fr\/697725\/"},"modified":"2026-01-29T16:49:13","modified_gmt":"2026-01-29T16:49:13","slug":"cette-creation-unique-de-bugatti-a-au-moins-10-millions-deuros-sexpose-a-paris-au-premier-ultimate-supercar-garage","status":"publish","type":"post","link":"https:\/\/www.europesays.com\/fr\/697725\/","title":{"rendered":"Cette cr\u00e9ation unique de Bugatti \u00e0 (au moins) 10 millions d&rsquo;euros s&rsquo;expose \u00e0 Paris au premier \u00ab\u00a0Ultimate Supercar Garage\u00a0\u00bb"},"content":{"rendered":"<p>La Bugatti \u00ab\u00a0F.K.P. Hommage\u00a0\u00bb, nouvelle cr\u00e9ation unique de la marque de luxe du groupe Volkwagen que nous avons pu d\u00e9couvrir en exclusivit\u00e9, est un des bijoux de l&rsquo;Ultimate Supercar Garage, la nouvelle exposition qui ouvre ce vendredi en marge du salon R\u00e9tromobile.<\/p>\n<p>Aston Martin, Bugatti, Ferrari, Bentley, Lamborghini ou encore Pagani&#8230; des marques qui font r\u00eaver et qui sont r\u00e9unies \u00e0 l&rsquo;occasion de l&rsquo;Ultimate Supercar Garage, un \u00e9venement qui ouvre ses portes au grand public \u00e0 partir de ce vendredi 30 janvier et jusqu&rsquo;au dimanche 1er f\u00e9vrier \u00e0 Paris.<\/p>\n<p>Un billet suppl\u00e9mentaire \u00e0 pr\u00e9voir<\/p>\n<p>Attention, si ce nouveau rendez-vous se tient en m\u00eame temps que R\u00e9tromobile, dans le Hall 4 de Paris Porte de Versailles, il faut pr\u00e9voir l&rsquo;achat d&rsquo;un billet suppl\u00e9mentaire en ligne, \u00e0 17 euros, ou prendre le billet qui permet d&rsquo;acc\u00e9der aux deux \u00e9venements, \u00e0 38 euros.<\/p>\n<p>Un mod\u00e8le d&rsquo;exception sign\u00e9 Bugatti<\/p>\n<p>Parmi les mod\u00e8les \u00e0 voir, la derni\u00e8re cr\u00e9ation unique de Bugatti, la \u00ab\u00a0F.K.P. Hommage\u00a0\u00bb se montre pour la premi\u00e8re fois au public. Un mod\u00e8le que nous avions pu d\u00e9couvrir en excusivit\u00e9 avant cet \u00e9venement, \u00e0 retrouver dans <a href=\"https:\/\/www.bfmtv.com\/economie\/replay-emissions\/en-route-pour-demain\/video-a-la-decouverte-d-une-bugatti-unique-au-monde-la-f-k-p-hommage-ou-la-veyron-moderne_VN-202601220552.html\" title=\"A la d\u00e9couverte d\u2019une Bugatti unique au monde, la \u201cF.K.P. Hommage\u201d ou la Veyron moderne\" class=\"internal_link\" target=\"_blank\" rel=\"noopener\">un num\u00e9ro sp\u00e9cial de notre \u00e9mission En Route pour Demain<\/a>.<\/p>\n<p><img decoding=\"async\" loading=\"lazy\" width=\"1654\" height=\"930\" src=\"https:\/\/www.europesays.com\/fr\/wp-content\/uploads\/2026\/01\/Bugatti-F-K-P-Hommage-2225819.jpg\"  alt=\"La Bugatti &quot;F.K.P. Hommage&quot; est \u00e0 d\u00e9couvrir dans un num\u00e9ro d\u00e9di\u00e9 de notre \u00e9mission En Route pour Demain.\" title=\"La Bugatti &quot;F.K.P. Hommage&quot; est \u00e0 d\u00e9couvrir dans un num\u00e9ro d\u00e9di\u00e9 de notre \u00e9mission En Route pour Demain.\"\/>La Bugatti \u00ab\u00a0F.K.P. Hommage\u00a0\u00bb est \u00e0 d\u00e9couvrir dans un num\u00e9ro d\u00e9di\u00e9 de notre \u00e9mission En Route pour Demain. \u00a9 EM<\/p>\n<p>Il s&rsquo;agit du deuxi\u00e8me mod\u00e8le du programme \u00ab\u00a0Solitaire\u00a0\u00bb de Bugatti: des cr\u00e9ations uniques pour ses clients les plus prestigieux. Cette \u201cF.K.P. Hommage\u201d c\u00e9l\u00e8bre les 20 ans de la Bugatti Veyron lanc\u00e9e en 2005 sous l\u2019impulsion d\u2019un certain Ferdinand Karl Pi\u00ebch (F.K.P. pour les intimes), \u00e0 l&rsquo;\u00e9poque PDG du groupe Volkswagen. Ce mod\u00e8le reprend le dessin modernis\u00e9 de la Veyron, avec les performances de son successeur la Chiron et son W16 de 1.600 chevaux lui permettant de d\u00e9passer les 400 km\/h. Un bijou dans une marque d\u00e9j\u00e0 tr\u00e8s exclusive, entre sport et grand luxe automobile. Si le prix n&rsquo;a pas \u00e9t\u00e9 communiqu\u00e9, il d\u00e9passerait les 10 millions d&rsquo;euros.<\/p>\n<p><img decoding=\"async\" loading=\"lazy\" width=\"1658\" height=\"925\" src=\"https:\/\/www.europesays.com\/fr\/wp-content\/uploads\/2026\/01\/Bugatti-F-K-P-Hommage-2225846.jpg\"  alt=\"La Bugatti &quot;F.K.P. Hommage&quot;.\" title=\"La Bugatti &quot;F.K.P. Hommage&quot;.\"\/>La Bugatti \u00ab\u00a0F.K.P. Hommage\u00a0\u00bb. \u00a9 EMUn plateau prestigieux<\/p>\n<p>De nombreuses marques ont r\u00e9pondu pr\u00e9sents pour cette premi\u00e8re \u00e9dition. Alfa Romeo pr\u00e9sentera ses 33 Stradale et une \u00e9dition limit\u00e9e de sa Giulia, la Quadrifoglio Luna Rossa. Maserati expose deux mod\u00e8les: les MCXtrema et GT2 Stradale.<\/p>\n<p>Pour rester du c\u00f4t\u00e9 de l&rsquo;Italie, Lamborghini ram\u00e8ne son Urus SE, une Revuelto, sa derni\u00e8re Temerario ainsi que la Fenomeno. Pagani sera aussi pr\u00e9sent avec une Utopia.<\/p>\n<p>Bentley pr\u00e9sente pour la premi\u00e8re fois en France la Continental GT Supersports. Aston Martin montre de son c\u00f4t\u00e9 ses Valkyrie LM et Valhalla. Lotus compl\u00e8te cette pr\u00e9sence britannique avec sa derni\u00e8re hypercar \u00e9lectrique.<\/p>\n<p>Des mod\u00e8les qui sont plut\u00f4t habitu\u00e9s aux concours d&rsquo;\u00e9l\u00e9gance et qui peuvent donc donner l&rsquo;occasion de r\u00eaver un peu, apr\u00e8s un tour incoutournable du c\u00f4t\u00e9 <a href=\"https:\/\/www.bfmtv.com\/auto\/plus-de-1-000-modeles-supercars-garage-train-bugatti-retromobile-2026-ouvre-ses-portes-ce-mercredi-a-paris_AN-202601280336.html\" title=\"Plus de 1.000 mod\u00e8les, &quot;Supercars Garage&quot;, train Bugatti... R\u00e9tromobile 2026 ouvre ses portes ce mercredi \u00e0 Paris\" class=\"internal_link\" target=\"_blank\" rel=\"noopener\">des voitures anciennes de R\u00e9tromobile<\/a>.<\/p>\n","protected":false},"excerpt":{"rendered":"La Bugatti \u00ab\u00a0F.K.P. Hommage\u00a0\u00bb, nouvelle cr\u00e9ation unique de la marque de luxe du groupe Volkwagen que nous avons&hellip;\n","protected":false},"author":2,"featured_media":697726,"comment_status":"","ping_status":"","sticky":false,"template":"","format":"standard","meta":{"footnotes":""},"categories":[1888],"tags":[1111,1928,11,1927,1777,674,1011,27,12,1926,626,1925,25],"class_list":{"0":"post-697725","1":"post","2":"type-post","3":"status-publish","4":"format-standard","5":"has-post-thumbnail","7":"category-paris","8":"tag-actu","9":"tag-actu-paris","10":"tag-actualites","11":"tag-actualites-paris","12":"tag-eu","13":"tag-europe","14":"tag-fr","15":"tag-france","16":"tag-news","17":"tag-news-paris","18":"tag-paris","19":"tag-paris-news","20":"tag-republique-francaise"},"share_on_mastodon":{"url":"https:\/\/pubeurope.com\/@fr\/115979417500309547","error":""},"_links":{"self":[{"href":"https:\/\/www.europesays.com\/fr\/wp-json\/wp\/v2\/posts\/697725","targetHints":{"allow":["GET"]}}],"collection":[{"href":"https:\/\/www.europesays.com\/fr\/wp-json\/wp\/v2\/posts"}],"about":[{"href":"https:\/\/www.europesays.com\/fr\/wp-json\/wp\/v2\/types\/post"}],"author":[{"embeddable":true,"href":"https:\/\/www.europesays.com\/fr\/wp-json\/wp\/v2\/users\/2"}],"replies":[{"embeddable":true,"href":"https:\/\/www.europesays.com\/fr\/wp-json\/wp\/v2\/comments?post=697725"}],"version-history":[{"count":0,"href":"https:\/\/www.europesays.com\/fr\/wp-json\/wp\/v2\/posts\/697725\/revisions"}],"wp:featuredmedia":[{"embeddable":true,"href":"https:\/\/www.europesays.com\/fr\/wp-json\/wp\/v2\/media\/697726"}],"wp:attachment":[{"href":"https:\/\/www.europesays.com\/fr\/wp-json\/wp\/v2\/media?parent=697725"}],"wp:term":[{"taxonomy":"category","embeddable":true,"href":"https:\/\/www.europesays.com\/fr\/wp-json\/wp\/v2\/categories?post=697725"},{"taxonomy":"post_tag","embeddable":true,"href":"https:\/\/www.europesays.com\/fr\/wp-json\/wp\/v2\/tags?post=697725"}],"curies":[{"name":"wp","href":"https:\/\/api.w.org\/{rel}","templated":true}]}}