{"id":697727,"date":"2026-01-29T16:50:12","date_gmt":"2026-01-29T16:50:12","guid":{"rendered":"https:\/\/www.europesays.com\/fr\/697727\/"},"modified":"2026-01-29T16:50:12","modified_gmt":"2026-01-29T16:50:12","slug":"alexandra-de-hanovre-partage-les-coulisses-de-sa-fashion-week-a-paris","status":"publish","type":"post","link":"https:\/\/www.europesays.com\/fr\/697727\/","title":{"rendered":"Alexandra de Hanovre partage les coulisses de sa Fashion Week \u00e0 Paris"},"content":{"rendered":"<p class=\"mb-4 text-lg md:leading-8 break-words\">Une tenue Tod\u2019s compos\u00e9e d\u2019un blouson port\u00e9 au-dessus d\u2019une tenue couleur sable, <a href=\"https:\/\/www.pointdevue.fr\/grand-angle\/biographies\/alexandra-de-hanovre\" rel=\"nofollow noopener\" target=\"_blank\" data-ylk=\"slk:Alexandra de Hanovre;elm:context_link;itc:0;sec:content-canvas\" class=\"link \">Alexandra de Hanovre<\/a> pose devant le logo de Schiaparelli. Ce lundi 26 janvier, la mythique Maison cr\u00e9\u00e9e par Elsa Schiaparelli pr\u00e9sente sa collection haute couture printemps-\u00e9t\u00e9 2026 dans la grande galerie du Petit Palais, \u00e0 Paris. Sur les marches, Carla Bruni, <a href=\"https:\/\/www.pointdevue.fr\/society\/actus\/sophie-marceau-et-sa-fille-juliette-une-apparition-rare-et-remarquee-au-defile-schiaparelli\" rel=\"nofollow noopener\" target=\"_blank\" data-ylk=\"slk:Sophie Marceau et sa fille Juliette Lemley;elm:context_link;itc:0;sec:content-canvas\" class=\"link \">Sophie Marceau et sa fille Juliette Lemley<\/a>, Le\u00efla Bekhti, Demi Moore\u2026 se succ\u00e8dent. Parmi les invit\u00e9s, la fille de la princesse <a href=\"https:\/\/www.pointdevue.fr\/grand-angle\/biographies\/caroline-de-monaco\" rel=\"nofollow noopener\" target=\"_blank\" data-ylk=\"slk:Caroline de Hanovre;elm:context_link;itc:0;sec:content-canvas\" class=\"link \">Caroline de Hanovre<\/a> tombe dans les bras d\u2019une amie, avant de s\u2019installer. Le lendemain, <strong>elle a rendez-vous chez Chanel pour le tout premier d\u00e9fil\u00e9 haute couture pens\u00e9 par\u00a0Matthieu Blazy<\/strong> o\u00f9 <a href=\"https:\/\/www.pointdevue.fr\/royal\/monaco\/charlotte-casiraghi-retrouve-carole-bouquet-son-ex-belle-mere-a-la-fashion-week\" rel=\"nofollow noopener\" target=\"_blank\" data-ylk=\"slk:elle retrouve sa demi-s\u0153ur;elm:context_link;itc:0;sec:content-canvas\" class=\"link \">elle retrouve sa demi-s\u0153ur<\/a>, <a href=\"https:\/\/www.pointdevue.fr\/grand-angle\/biographies\/charlotte-casiraghi\" rel=\"nofollow noopener\" target=\"_blank\" data-ylk=\"slk:Charlotte Casiraghi;elm:context_link;itc:0;sec:content-canvas\" class=\"link \">Charlotte Casiraghi<\/a>, \u00e9g\u00e9rie de la marque.<\/p>\n<p><img alt=\"Alexandra de Hanovre arrive au d\u00e9fil\u00e9 Schiaparelli dans la grande galerie du Petit Palais \u00e0 Paris ce lundi 26 janvier 2026.\" loading=\"lazy\" width=\"810\" height=\"1218\" decoding=\"async\" data-nimg=\"1\" class=\"rounded-lg\" style=\"color:transparent\" src=\"https:\/\/www.europesays.com\/fr\/wp-content\/uploads\/2026\/01\/52d264ec1a39a735feb71ac02537332e.jpeg\"\/><\/p>\n<p><strong>Alexandra de Hanovre arrive au d\u00e9fil\u00e9 Schiaparelli dans la grande galerie du Petit Palais \u00e0 Paris ce lundi 26 janvier 2026.<\/strong> \u00a9 Lucia Sabatelli \/ Bestimage<\/p>\n<p class=\"mb-4 text-lg md:leading-8 break-words\">Sous la Nef du Grand Palais est install\u00e9 un d\u00e9cor enchant\u00e9. Fascin\u00e9e par cette clairi\u00e8re de champignons, Alexandra de Hanovre immortalise l\u2019instant et <strong>publie quelques souvenirs sur son compte Instagram<\/strong> ce mercredi 28 janvier. La premi\u00e8re photo la d\u00e9voile v\u00eatue de noir, un sac Chanel \u00e0 la main, sous le v\u00e9g\u00e9tal star de ce d\u00e9fil\u00e9. Un autre clich\u00e9 met en lumi\u00e8re sa paire d\u2019escarpins sur le tapis rose. Apr\u00e8s son rendez-vous mode, la princesse de 26 ans <strong>profite de Paris avec sa chienne, Elo\u00efse von Lexington<\/strong> qui fait elle aussi partie du voyage. Sur les genoux de sa ma\u00eetresse, elle l\u2019observe prendre le th\u00e9, coiff\u00e9e d\u2019un dr\u00f4le de bonnet. Ces quatre moments captur\u00e9s plaisent notamment \u00e0 <a href=\"https:\/\/www.pointdevue.fr\/royal\/monaco\/qui-est-christine-de-massy-la-petite-cousine-de-jacques-et-de-gabriella-de-monaco\" rel=\"nofollow noopener\" target=\"_blank\" data-ylk=\"slk:Christine de Massy, la petite-cousine de Jacques et Gabriella de Monaco;elm:context_link;itc:0;sec:content-canvas\" class=\"link \">Christine de Massy, la petite-cousine de Jacques et Gabriella de Monaco<\/a>. \u00ab\u00a0Jolie\u00a0\u00bb, lui dit-elle. De nouvelles histoires \u00e0 partager.<\/p>\n<p class=\"mb-4 text-lg md:leading-8 break-words\">Lire aussi &gt;&gt; <a href=\"https:\/\/www.pointdevue.fr\/royal\/monaco\/on-la-lu-la-felure-de-charlotte-casiraghi-5-choses-a-retenir\" rel=\"nofollow noopener\" target=\"_blank\" data-ylk=\"slk:On l\u2019a lu : La F\u00ealure de Charlotte Casiraghi, 5 choses \u00e0 retenir;elm:context_link;itc:0;sec:content-canvas\" class=\"link \">On l\u2019a lu : La F\u00ealure de Charlotte Casiraghi, 5 choses \u00e0 retenir<\/a><\/p>\n","protected":false},"excerpt":{"rendered":"Une tenue Tod\u2019s compos\u00e9e d\u2019un blouson port\u00e9 au-dessus d\u2019une tenue couleur sable, Alexandra de Hanovre pose devant le&hellip;\n","protected":false},"author":2,"featured_media":697728,"comment_status":"","ping_status":"","sticky":false,"template":"","format":"standard","meta":{"footnotes":""},"categories":[1888],"tags":[1111,1928,11,1927,28360,12667,40065,1890,4549,79260,1777,674,1011,27,79261,12,1926,626,1925,29081,25,906],"class_list":{"0":"post-697727","1":"post","2":"type-post","3":"status-publish","4":"format-standard","5":"has-post-thumbnail","7":"category-paris","8":"tag-actu","9":"tag-actu-paris","10":"tag-actualites","11":"tag-actualites-paris","12":"tag-alexandra-de-hanovre","13":"tag-carla-bruni","14":"tag-caroline-de-hanovre","15":"tag-chanel","16":"tag-charlotte-casiraghi","17":"tag-elsa-schiaparelli","18":"tag-eu","19":"tag-europe","20":"tag-fr","21":"tag-france","22":"tag-juliette-lemley","23":"tag-news","24":"tag-news-paris","25":"tag-paris","26":"tag-paris-news","27":"tag-petit-palais","28":"tag-republique-francaise","29":"tag-sophie-marceau"},"share_on_mastodon":{"url":"https:\/\/pubeurope.com\/@fr\/115979421728778150","error":""},"_links":{"self":[{"href":"https:\/\/www.europesays.com\/fr\/wp-json\/wp\/v2\/posts\/697727","targetHints":{"allow":["GET"]}}],"collection":[{"href":"https:\/\/www.europesays.com\/fr\/wp-json\/wp\/v2\/posts"}],"about":[{"href":"https:\/\/www.europesays.com\/fr\/wp-json\/wp\/v2\/types\/post"}],"author":[{"embeddable":true,"href":"https:\/\/www.europesays.com\/fr\/wp-json\/wp\/v2\/users\/2"}],"replies":[{"embeddable":true,"href":"https:\/\/www.europesays.com\/fr\/wp-json\/wp\/v2\/comments?post=697727"}],"version-history":[{"count":0,"href":"https:\/\/www.europesays.com\/fr\/wp-json\/wp\/v2\/posts\/697727\/revisions"}],"wp:featuredmedia":[{"embeddable":true,"href":"https:\/\/www.europesays.com\/fr\/wp-json\/wp\/v2\/media\/697728"}],"wp:attachment":[{"href":"https:\/\/www.europesays.com\/fr\/wp-json\/wp\/v2\/media?parent=697727"}],"wp:term":[{"taxonomy":"category","embeddable":true,"href":"https:\/\/www.europesays.com\/fr\/wp-json\/wp\/v2\/categories?post=697727"},{"taxonomy":"post_tag","embeddable":true,"href":"https:\/\/www.europesays.com\/fr\/wp-json\/wp\/v2\/tags?post=697727"}],"curies":[{"name":"wp","href":"https:\/\/api.w.org\/{rel}","templated":true}]}}