{"id":697731,"date":"2026-01-29T16:52:13","date_gmt":"2026-01-29T16:52:13","guid":{"rendered":"https:\/\/www.europesays.com\/fr\/697731\/"},"modified":"2026-01-29T16:52:13","modified_gmt":"2026-01-29T16:52:13","slug":"qui-est-ali-akbar-decore-de-lordre-national-du-merite","status":"publish","type":"post","link":"https:\/\/www.europesays.com\/fr\/697731\/","title":{"rendered":"qui est Ali Akbar, d\u00e9cor\u00e9 de l&rsquo;ordre national du M\u00e9rite\u00a0?"},"content":{"rendered":"<p>\u00ab \u00c7a y est, je suis chevalier ! J&rsquo;ai r\u00e9ussi\u00a0!\u00a0\u00bb C&rsquo;est \u00ab\u00a0tr\u00e8s \u00e9mu\u00a0\u00bb mais n\u00e9anmoins rieur qu&rsquo;Ali Akbar, 70 ans, a re\u00e7u mercredi des mains d&rsquo;<a href=\"https:\/\/www.ledauphine.com\/p\/emmanuel-macron\" target=\"_blank\" rel=\"noopener\">Emmanuel Macron<\/a> sa m\u00e9daille de chevalier dans l&rsquo;ordre national du M\u00e9rite. Le pr\u00e9sident de la R\u00e9publique a ainsi d\u00e9cor\u00e9 le dernier vendeur de journaux \u00e0 la cri\u00e9e de Paris &#8211; et m\u00eame de France, voire d&rsquo;Europe, selon la <a href=\"https:\/\/www.bbc.com\/news\/articles\/cdx0vvpeq9wo\" target=\"_blank\" rel=\"nofollow noopener\">BBC<\/a> qui lui a consacr\u00e9 un portrait.\u00a0Emmanuel Macron\u00a0l&rsquo;a\u00a0pr\u00e9sent\u00e9 comme un \u00ab\u00a0magnifique exemple\u00a0\u00bb d&rsquo;int\u00e9gration, \u00ab\u00a0qui rend notre pays plus fort et plus fier \u00bb. \u00ab Vous \u00eates l&rsquo;accent du 6e arrondissement. La voix de la presse fran\u00e7aise \u00bb, lui a encore dit le chef de l\u2019\u00c9tat dans la salle des f\u00eates de l\u2019\u00c9lys\u00e9e, saluant cette figure incontournable du c\u00e9l\u00e8bre quartier de Saint-Germain-des-Pr\u00e9s.<\/p>\n<p>N\u00e9 \u00e0 Rawalpindi (Pakistan) dans un milieu modeste, o\u00f9 il affronte \u00ab la pauvret\u00e9, le travail impos\u00e9, les violences \u00bb. Il quitte l\u2019\u00e9cole \u00e0 12 ans, mais continue \u00e0 apprendre \u00e0 lire seul, et travailler. C&rsquo;est \u00e0 ses 18 ans qu&rsquo;il quitte le pays pour l&rsquo;Europe, passant par Kaboul (Afghanistan), Ath\u00e8nes (Gr\u00e8ce) ou encore Amsterdam (Pays-Bas). En 1972, le paquebot sur lequel il travaille fait escale \u00e0 Rouen. Ali Akbar s&rsquo;installe peu apr\u00e8s \u00e0 Paris, o\u00f9 il obtient une carte de s\u00e9jour dans les ann\u00e9es 1980. \u00ab Le sol fran\u00e7ais \u00bb lui a donn\u00e9 \u00ab l&rsquo;espoir d&rsquo;une vie meilleure \u00bb, a martel\u00e9 Emmanuel Macron dans son discours. \u00ab\u00a0C&rsquo;est un magnifique exemple dans un moment o\u00f9 nous entendons si souvent les vents mauvais. [&#8230;] il y a aussi beaucoup d&rsquo;histoires comme Ali qui s&rsquo;\u00e9crivent, de femmes et d&rsquo;hommes qui ont fui la mis\u00e8re pour choisir un pays de libert\u00e9 et qui y ont construit une vie qui rend notre pays plus fort et plus fier \u00bb, a encore insist\u00e9 le pr\u00e9sident.<\/p>\n<p>Ce contenu est bloqu\u00e9 car vous n&rsquo;avez pas accept\u00e9 les cookies et autres traceurs.<\/p>\n<p>En cliquant sur \u00ab J\u2019accepte \u00bb, les cookies et autres traceurs seront d\u00e9pos\u00e9s et vous pourrez visualiser les contenus  (<a href=\"\" class=\"consentModule_policy\" target=\"_blank\" title=\"Consulter la politique de protection des donn\u00e9es du fournisseur\">plus d&rsquo;informations<\/a>).<\/p>\n<p>En cliquant sur \u00ab J\u2019accepte tous les cookies \u00bb, vous autorisez des d\u00e9p\u00f4ts de cookies et autres traceurs pour le stockage de vos donn\u00e9es sur nos sites et applications \u00e0 des fins de personnalisation et de ciblage publicitaire.<\/p>\n<p class=\"consentModule_secondaryText\">Vous gardez la possibilit\u00e9 de retirer votre consentement \u00e0 tout moment en consultant notre <a href=\"https:\/\/www.ledauphine.com\/protection-des-donnees\" target=\"_blank\" title=\"Consulter notre politique de protection des donn\u00e9es\" rel=\"noopener\">politique de protection des donn\u00e9es<\/a>. <br \/>&#13;<br \/>\n            <a href=\"https:\/\/www.ledauphine.com\/societe\/2026\/01\/29\/javascript:Didomi.notice.show()\" class=\"consentModule_cmp\" target=\"_blank\" rel=\"noopener\">G\u00e9rer mes choix<\/a>&#13;\n        <\/p>\n<p>&#13;<br \/>\n                        J&rsquo;accepte&#13;<br \/>\n            J&rsquo;accepte tous les cookies&#13;\n        <\/p>\n<p>\t<img class=\"placeholder-svg\" loading=\"lazy\" decoding=\"async\" src=\"https:\/\/cdn-files.prsmedia.fr\/files\/REDAC\/images\/svg\/placeholders\/twitter-X.svg\" alt=\"Twitter PlaceHolder\"\/><\/p>\n<p>  Il a rencontr\u00e9 Clinton, Birkin, Mitterrand&#8230;<\/p>\n<p>\u00c0\u00a0ses d\u00e9buts de crieur, dans les ann\u00e9es 1970, il rencontre un certain Georges Bernier &#8211; alias le professeur Choron, figure des journaux Hara-Kiri et Charlie Hebdo. Celui-ci lui propose de vendre ses journaux satiriques. Ali Akbar choisit alors&#8230; le quartier de Sciences-Po Paris. Il raconte avoir alors crois\u00e9 de nombreux \u00e9tudiants devenus depuis ministres ou d\u00e9put\u00e9s&#8230; et m\u00eame le pr\u00e9sident de la R\u00e9pubique actuel.<\/p>\n<p>Mais aussi bien d&rsquo;autres, selon le <a href=\"https:\/\/www.nytimes.com\/2025\/07\/18\/world\/europe\/france-newspaper-hawker.html\" target=\"_blank\" rel=\"nofollow noopener\">New York Times<\/a>, qui lui a consacr\u00e9 un long article\u00a0:\u00a0de <a href=\"https:\/\/www.ledauphine.com\/p\/francois-mitterrand\" target=\"_blank\" rel=\"noopener\">Fran\u00e7ois Mitterrand<\/a> \u00e0 <a href=\"https:\/\/www.ledauphine.com\/p\/bill-clinton\" target=\"_blank\" rel=\"noopener\">Bill Clinton<\/a> &#8211; qui lui confiait que le Pakistan \u00e9tait \u00ab dangereux \u00bb &#8211; en passant par <a href=\"https:\/\/www.ledauphine.com\/p\/jane-birkin\" target=\"_blank\" rel=\"noopener\">Jane Birkin<\/a>\u00a0ou encore\u00a0<a href=\"https:\/\/www.ledauphine.com\/p\/elton-john\" target=\"_blank\" rel=\"noopener\">Elton John<\/a>, qui lui offrit un th\u00e9 au lait \u00e0 la brasserie Lipp. Toujours optimiste, Ali affiche tout de m\u00eame une certaine nostalgie\u00a0: \u00ab\u00a0Avant, il y avait des \u00e9diteurs et des \u00e9crivains partout, ainsi que des acteurs et des musiciens. L\u2019endroit avait une \u00e2me. Mais maintenant, ce n\u2019est plus qu\u2019une ville touristique \u00bb, d\u00e9plore-t-il.\u00a0\u00ab L\u2019\u00e2me est partie \u00bb, conclut-il&#8230; mais en riant, toujours.<\/p>\n<p>Ce contenu est bloqu\u00e9 car vous n&rsquo;avez pas accept\u00e9 les cookies et autres traceurs.<\/p>\n<p>En cliquant sur \u00ab J\u2019accepte \u00bb, les cookies et autres traceurs seront d\u00e9pos\u00e9s et vous pourrez visualiser les contenus  (<a href=\"\" class=\"consentModule_policy\" target=\"_blank\" title=\"Consulter la politique de protection des donn\u00e9es du fournisseur\">plus d&rsquo;informations<\/a>).<\/p>\n<p>En cliquant sur \u00ab J\u2019accepte tous les cookies \u00bb, vous autorisez des d\u00e9p\u00f4ts de cookies et autres traceurs pour le stockage de vos donn\u00e9es sur nos sites et applications \u00e0 des fins de personnalisation et de ciblage publicitaire.<\/p>\n<p class=\"consentModule_secondaryText\">Vous gardez la possibilit\u00e9 de retirer votre consentement \u00e0 tout moment en consultant notre <a href=\"https:\/\/www.ledauphine.com\/protection-des-donnees\" target=\"_blank\" title=\"Consulter notre politique de protection des donn\u00e9es\" rel=\"noopener\">politique de protection des donn\u00e9es<\/a>. <br \/>&#13;<br \/>\n            <a href=\"https:\/\/www.ledauphine.com\/societe\/2026\/01\/29\/javascript:Didomi.notice.show()\" class=\"consentModule_cmp\" target=\"_blank\" rel=\"noopener\">G\u00e9rer mes choix<\/a>&#13;\n        <\/p>\n<p>&#13;<br \/>\n                        J&rsquo;accepte&#13;<br \/>\n            J&rsquo;accepte tous les cookies&#13;\n        <\/p>\n<p>  \u00ab\u00a0\u00c7a y est !\u00a0\u00bb<\/p>\n<p>D&rsquo;un mariage arrang\u00e9 avec une Pakistanaise en 1980,\u00a0Ali\u00a0 Akbar a eu cinq gar\u00e7ons, dont un autiste et un autre souffrant de plusieurs handicaps. Un sixi\u00e8me enfant est mort \u00e0 la naissance. C&rsquo;est sa vie \u00ab\u00a0pas facile\u00a0\u00bb qui lui a donn\u00e9 \u00ab\u00a0pour mission de toujours faire rire les gens\u00a0\u00bb. Il a aussi publi\u00e9 trois livres, dont\u00a0Je fais rire le monde&#8230; mais le monde me fait pleurer.\u00a0Aujourd&rsquo;hui, cet homme svelte au visage fin distribue surtout Le Monde dans ces rues de la rive gauche de Paris, d\u00e9clamant son c\u00e9l\u00e8bre \u00ab\u00a0\u00e7a y est\u00a0!\u00a0\u00bb avant de scander\u00a0des titres parodiques. Une fa\u00e7on pour lui de se moquer des \u00e9v\u00e9nements qui rythment la marche du monde, toujours avec le sourire.\u00a0\u00ab Vous avez port\u00e9, si je puis dire, le monde \u00e0 bout de bras et la France dans votre c\u0153ur \u00bb, glisse\u00a0le pr\u00e9sident dans un clin d&rsquo;oeil au quotidien du soir. Le fran\u00e7ais est \u00ab\u00a0devenu votre langue, vous apprenez \u00e0 jouer avec, faisant v\u00f4tre, par l\u00e0, une forme d&rsquo;irr\u00e9v\u00e9rence tricolore\u00a0\u00bb, constate le pr\u00e9sident.<\/p>\n<p>La capitale\u00a0ne comptait d\u00e9j\u00e0 plus qu&rsquo;une quarantaine de vendeurs de journaux \u00e0 la cri\u00e9e\u00a0lorsqu&rsquo;Ali Akbar a d\u00e9but\u00e9. Install\u00e9s \u00e0 des endroits strat\u00e9giques &#8211; bouches de m\u00e9tro, croisements passants&#8230; Lui avait choisi de se d\u00e9marquer, en d\u00e9ambulant \u00e0 travers les rues. Avant d&rsquo;innover encore, dans les ann\u00e9es 1980, avec ses titres parodiques racoleurs.\u00a0Ali Akbar dit avoir d\u00e9j\u00e0 en t\u00eate la fausse manchette du journal qu&rsquo;il criera ces prochains jours, dans les rues du Quartier latin\u00a0: \u00ab \u00c7a y est, je suis chevalier\u00a0! J&rsquo;ai r\u00e9ussi\u00a0!\u00a0\u00bb La cha\u00eene Pakistan TV lui a \u00e9galement consacr\u00e9 un sujet ce jeudi.<\/p>\n<p>Ce contenu est bloqu\u00e9 car vous n&rsquo;avez pas accept\u00e9 les cookies et autres traceurs.<\/p>\n<p>En cliquant sur \u00ab J\u2019accepte \u00bb, les cookies et autres traceurs seront d\u00e9pos\u00e9s et vous pourrez visualiser les contenus  (<a href=\"\" class=\"consentModule_policy\" target=\"_blank\" title=\"Consulter la politique de protection des donn\u00e9es du fournisseur\">plus d&rsquo;informations<\/a>).<\/p>\n<p>En cliquant sur \u00ab J\u2019accepte tous les cookies \u00bb, vous autorisez des d\u00e9p\u00f4ts de cookies et autres traceurs pour le stockage de vos donn\u00e9es sur nos sites et applications \u00e0 des fins de personnalisation et de ciblage publicitaire.<\/p>\n<p class=\"consentModule_secondaryText\">Vous gardez la possibilit\u00e9 de retirer votre consentement \u00e0 tout moment en consultant notre <a href=\"https:\/\/www.ledauphine.com\/protection-des-donnees\" target=\"_blank\" title=\"Consulter notre politique de protection des donn\u00e9es\" rel=\"noopener\">politique de protection des donn\u00e9es<\/a>. <br \/>&#13;<br \/>\n            <a href=\"https:\/\/www.ledauphine.com\/societe\/2026\/01\/29\/javascript:Didomi.notice.show()\" class=\"consentModule_cmp\" target=\"_blank\" rel=\"noopener\">G\u00e9rer mes choix<\/a>&#13;\n        <\/p>\n<p>&#13;<br \/>\n                        J&rsquo;accepte&#13;<br \/>\n            J&rsquo;accepte tous les cookies&#13;\n        <\/p>\n<p>\t<img class=\"placeholder-svg\" loading=\"lazy\" decoding=\"async\" src=\"https:\/\/cdn-files.prsmedia.fr\/files\/REDAC\/images\/svg\/placeholders\/twitter-X.svg\" alt=\"Twitter PlaceHolder\"\/><\/p>\n<p>Aujourd&rsquo;hui pensionn\u00e9 \u00e0 hauteur de 1 000 euros de retraite mensuelle, le crieur continue \u00e0 travailler chaque jour, de 15 heures \u00e0 22 heures. Il parvient \u00e0 \u00e9couler\u00a030 \u00e0 40 journaux par jour \u00e0 l&rsquo;heure du tout-num\u00e9rique &#8211; bien moins que les 150 \u00e0 200 de ses d\u00e9buts.\u00a0\u00ab Avant, les gens se pressaient autour de moi pour avoir le journal. Maintenant, je dois d\u00e9marcher les clients pour essayer de leur en vendre un. Les gens veulent juste consulter leur t\u00e9l\u00e9phone \u00bb, se souvient-il. \u00ab\u00a0Mais je suis une personne joyeuse. Et je suis libre. Personne ne me donne d&rsquo;ordres\u00a0\u00bb, conc\u00e8de celui qui conserve environ la moiti\u00e9 du prix de vente&#8230; mais n&rsquo;est pas rembours\u00e9 des invendus.<\/p>\n<p>  Son dossier \u00ab enlis\u00e9\u00a0\u00bb, il n&rsquo;est toujours pas fran\u00e7ais<\/p>\n<p>Interrog\u00e9 sur son avenir, Ali Akbar conserve tout son humour\u00a0: \u00ab\u00a0J&rsquo;ai demand\u00e9 de me trouver une place ici\u00a0! \u00bb, s&rsquo;amuse-t-il, depuis les salons de l&rsquo;\u00c9lys\u00e9e. Avant de se reprendre\u00a0: \u00ab\u00a0Non, je vais continuer \u00e0 vendre les journaux \u00bb, et \u00ab amuser les gens avec mes blagues \u00bb, conclut-il. Tout juste esp\u00e8re-t-il &#8211; enfin &#8211; obtenir la nationalit\u00e9 fran\u00e7aise gr\u00e2ce \u00e0 sa m\u00e9daille, son dossier \u00e9tant toujours \u00ab\u00a0enlis\u00e9 dans les m\u00e9andres de l&rsquo;administration fran\u00e7aise\u00a0\u00bb, selon le New York Times.<\/p>\n","protected":false},"excerpt":{"rendered":"\u00ab \u00c7a y est, je suis chevalier ! J&rsquo;ai r\u00e9ussi\u00a0!\u00a0\u00bb C&rsquo;est \u00ab\u00a0tr\u00e8s \u00e9mu\u00a0\u00bb mais n\u00e9anmoins rieur qu&rsquo;Ali Akbar,&hellip;\n","protected":false},"author":2,"featured_media":697732,"comment_status":"","ping_status":"","sticky":false,"template":"","format":"standard","meta":{"footnotes":""},"categories":[1888],"tags":[11,1777,674,107,1011,27,329,12,626,25,104],"class_list":{"0":"post-697731","1":"post","2":"type-post","3":"status-publish","4":"format-standard","5":"has-post-thumbnail","7":"category-paris","8":"tag-actualites","9":"tag-eu","10":"tag-europe","11":"tag-fil-info","12":"tag-fr","13":"tag-france","14":"tag-france-monde","15":"tag-news","16":"tag-paris","17":"tag-republique-francaise","18":"tag-societe"},"share_on_mastodon":{"url":"https:\/\/pubeurope.com\/@fr\/115979429103909172","error":""},"_links":{"self":[{"href":"https:\/\/www.europesays.com\/fr\/wp-json\/wp\/v2\/posts\/697731","targetHints":{"allow":["GET"]}}],"collection":[{"href":"https:\/\/www.europesays.com\/fr\/wp-json\/wp\/v2\/posts"}],"about":[{"href":"https:\/\/www.europesays.com\/fr\/wp-json\/wp\/v2\/types\/post"}],"author":[{"embeddable":true,"href":"https:\/\/www.europesays.com\/fr\/wp-json\/wp\/v2\/users\/2"}],"replies":[{"embeddable":true,"href":"https:\/\/www.europesays.com\/fr\/wp-json\/wp\/v2\/comments?post=697731"}],"version-history":[{"count":0,"href":"https:\/\/www.europesays.com\/fr\/wp-json\/wp\/v2\/posts\/697731\/revisions"}],"wp:featuredmedia":[{"embeddable":true,"href":"https:\/\/www.europesays.com\/fr\/wp-json\/wp\/v2\/media\/697732"}],"wp:attachment":[{"href":"https:\/\/www.europesays.com\/fr\/wp-json\/wp\/v2\/media?parent=697731"}],"wp:term":[{"taxonomy":"category","embeddable":true,"href":"https:\/\/www.europesays.com\/fr\/wp-json\/wp\/v2\/categories?post=697731"},{"taxonomy":"post_tag","embeddable":true,"href":"https:\/\/www.europesays.com\/fr\/wp-json\/wp\/v2\/tags?post=697731"}],"curies":[{"name":"wp","href":"https:\/\/api.w.org\/{rel}","templated":true}]}}