{"id":697740,"date":"2026-01-29T16:57:15","date_gmt":"2026-01-29T16:57:15","guid":{"rendered":"https:\/\/www.europesays.com\/fr\/697740\/"},"modified":"2026-01-29T16:57:15","modified_gmt":"2026-01-29T16:57:15","slug":"allemagne-lafd-veut-frapper-les-eglises-protestantes-et-catholique-au-portefeuille","status":"publish","type":"post","link":"https:\/\/www.europesays.com\/fr\/697740\/","title":{"rendered":"Allemagne : l&rsquo;AfD veut frapper les Eglises protestantes et catholique au portefeuille"},"content":{"rendered":"<p>Depuis la mise au premier plan de sa ligne anti-immigration, voil\u00e0 une dizaine d\u2019ann\u00e9es, l\u2019AfD s\u2019oppose r\u00e9guli\u00e8rement aux Eglises protestantes et catholique. Ces institutions religieuses, qui rejettent toute compatibilit\u00e9 du discours du parti d\u2019extr\u00eame droite avec les valeurs chr\u00e9tiennes, ont appel\u00e9 \u00e0 un boycott dans les urnes. Elles ont m\u00eame \u00e9cart\u00e9 les militants de certaines fonctions en leur sein.<\/p>\n","protected":false},"excerpt":{"rendered":"Depuis la mise au premier plan de sa ligne anti-immigration, voil\u00e0 une dizaine d\u2019ann\u00e9es, l\u2019AfD s\u2019oppose r\u00e9guli\u00e8rement aux&hellip;\n","protected":false},"author":2,"featured_media":697741,"comment_status":"","ping_status":"","sticky":false,"template":"","format":"standard","meta":{"footnotes":""},"categories":[1587],"tags":[11,672,1804,1805,1803,1777,674,1801,12,1802],"class_list":{"0":"post-697740","1":"post","2":"type-post","3":"status-publish","4":"format-standard","5":"has-post-thumbnail","7":"category-allemagne","8":"tag-actualites","9":"tag-allemagne","10":"tag-bundesrepublik-deutschland","11":"tag-de","12":"tag-deutschland","13":"tag-eu","14":"tag-europe","15":"tag-germany","16":"tag-news","17":"tag-republique-federale-dallemagne"},"share_on_mastodon":{"url":"https:\/\/pubeurope.com\/@fr\/115979448684500268","error":""},"_links":{"self":[{"href":"https:\/\/www.europesays.com\/fr\/wp-json\/wp\/v2\/posts\/697740","targetHints":{"allow":["GET"]}}],"collection":[{"href":"https:\/\/www.europesays.com\/fr\/wp-json\/wp\/v2\/posts"}],"about":[{"href":"https:\/\/www.europesays.com\/fr\/wp-json\/wp\/v2\/types\/post"}],"author":[{"embeddable":true,"href":"https:\/\/www.europesays.com\/fr\/wp-json\/wp\/v2\/users\/2"}],"replies":[{"embeddable":true,"href":"https:\/\/www.europesays.com\/fr\/wp-json\/wp\/v2\/comments?post=697740"}],"version-history":[{"count":0,"href":"https:\/\/www.europesays.com\/fr\/wp-json\/wp\/v2\/posts\/697740\/revisions"}],"wp:featuredmedia":[{"embeddable":true,"href":"https:\/\/www.europesays.com\/fr\/wp-json\/wp\/v2\/media\/697741"}],"wp:attachment":[{"href":"https:\/\/www.europesays.com\/fr\/wp-json\/wp\/v2\/media?parent=697740"}],"wp:term":[{"taxonomy":"category","embeddable":true,"href":"https:\/\/www.europesays.com\/fr\/wp-json\/wp\/v2\/categories?post=697740"},{"taxonomy":"post_tag","embeddable":true,"href":"https:\/\/www.europesays.com\/fr\/wp-json\/wp\/v2\/tags?post=697740"}],"curies":[{"name":"wp","href":"https:\/\/api.w.org\/{rel}","templated":true}]}}