{"id":697742,"date":"2026-01-29T16:58:14","date_gmt":"2026-01-29T16:58:14","guid":{"rendered":"https:\/\/www.europesays.com\/fr\/697742\/"},"modified":"2026-01-29T16:58:14","modified_gmt":"2026-01-29T16:58:14","slug":"la-ccarb-sassocie-au-river-cruise-europe","status":"publish","type":"post","link":"https:\/\/www.europesays.com\/fr\/697742\/","title":{"rendered":"la CCARB s\u2019associe au River Cruise Europe"},"content":{"rendered":"<p>En s\u2019associant \u00e0 l\u2019office de tourisme de Breisach, ville h\u00f4te du rendez-vous annuel de l\u2019association River Cruise Europe, pr\u00e9vu en juin\u00a02026, la Communaut\u00e9 de communes Alsace Rhin Brisach (CCARB) esp\u00e8re bien attraper de gros poissons dans ses filets.<\/p>\n<p>Planifi\u00e9 du 8 au 10\u00a0juin, le rendez-vous devrait r\u00e9unir une centaine de professionnels autour d\u2019un programme \u00e9tabli en commun par les \u00ab\u00a0deux Brisach\u00a0\u00bb. \u00ab\u00a0Notre objectif, en devenant coorganisateur et cofinanceur de cette op\u00e9ration, est de capter les professionnels mais aussi leur client\u00e8le\u00a0\u00bb, explique Thierry Sautivet, vice-pr\u00e9sident de la CCARB en charge du tourisme, \u00e0 ses coll\u00e8gues r\u00e9unis&#8230;<\/p>\n","protected":false},"excerpt":{"rendered":"En s\u2019associant \u00e0 l\u2019office de tourisme de Breisach, ville h\u00f4te du rendez-vous annuel de l\u2019association River Cruise Europe,&hellip;\n","protected":false},"author":2,"featured_media":697743,"comment_status":"","ping_status":"","sticky":false,"template":"","format":"standard","meta":{"footnotes":""},"categories":[1586],"tags":[11,33,2413,1777,674,107,1011,27,12,316,25,7837,602,2803,79268],"class_list":{"0":"post-697742","1":"post","2":"type-post","3":"status-publish","4":"format-standard","5":"has-post-thumbnail","7":"category-europe","8":"tag-actualites","9":"tag-economie","10":"tag-edition-colmar-guebwiller","11":"tag-eu","12":"tag-europe","13":"tag-fil-info","14":"tag-fr","15":"tag-france","16":"tag-news","17":"tag-politique","18":"tag-republique-francaise","19":"tag-secteur-de-neuf-brisach","20":"tag-tourisme","21":"tag-transport","22":"tag-volgelsheim"},"share_on_mastodon":{"url":"https:\/\/pubeurope.com\/@fr\/115979452654388509","error":""},"_links":{"self":[{"href":"https:\/\/www.europesays.com\/fr\/wp-json\/wp\/v2\/posts\/697742","targetHints":{"allow":["GET"]}}],"collection":[{"href":"https:\/\/www.europesays.com\/fr\/wp-json\/wp\/v2\/posts"}],"about":[{"href":"https:\/\/www.europesays.com\/fr\/wp-json\/wp\/v2\/types\/post"}],"author":[{"embeddable":true,"href":"https:\/\/www.europesays.com\/fr\/wp-json\/wp\/v2\/users\/2"}],"replies":[{"embeddable":true,"href":"https:\/\/www.europesays.com\/fr\/wp-json\/wp\/v2\/comments?post=697742"}],"version-history":[{"count":0,"href":"https:\/\/www.europesays.com\/fr\/wp-json\/wp\/v2\/posts\/697742\/revisions"}],"wp:featuredmedia":[{"embeddable":true,"href":"https:\/\/www.europesays.com\/fr\/wp-json\/wp\/v2\/media\/697743"}],"wp:attachment":[{"href":"https:\/\/www.europesays.com\/fr\/wp-json\/wp\/v2\/media?parent=697742"}],"wp:term":[{"taxonomy":"category","embeddable":true,"href":"https:\/\/www.europesays.com\/fr\/wp-json\/wp\/v2\/categories?post=697742"},{"taxonomy":"post_tag","embeddable":true,"href":"https:\/\/www.europesays.com\/fr\/wp-json\/wp\/v2\/tags?post=697742"}],"curies":[{"name":"wp","href":"https:\/\/api.w.org\/{rel}","templated":true}]}}