{"id":697751,"date":"2026-01-29T17:05:14","date_gmt":"2026-01-29T17:05:14","guid":{"rendered":"https:\/\/www.europesays.com\/fr\/697751\/"},"modified":"2026-01-29T17:05:14","modified_gmt":"2026-01-29T17:05:14","slug":"une-journaliste-lannonce-gael-drean-est-largement-sous-cote","status":"publish","type":"post","link":"https:\/\/www.europesays.com\/fr\/697751\/","title":{"rendered":"Une journaliste l\u2019annonce : \u00ab Ga\u00ebl Dr\u00e9an est largement sous-c\u00f4t\u00e9 \u00bb"},"content":{"rendered":"<p>Retenu dans le groupe France par le s\u00e9lectionneur Fabien Galthi\u00e9 pour pr\u00e9parer le choc face \u00e0 l\u2019Irlande, comptant pour la premi\u00e8re journ\u00e9e du Tournoi des Six-Nations, l\u2019ailier Toulonnais Ga\u00ebl Dr\u00e9an esp\u00e8re pouvoir f\u00eater sa premi\u00e8re s\u00e9lection avec les Bleus.<\/p>\n<p>Malheureusement, ce-dernier pourrait devoir patienter encore quelques semaines.<\/p>\n<p>En effet, sauf surprise, il ne devrait pas \u00eatre utilis\u00e9 contre l\u2019Irlande, le jeudi 5 f\u00e9vrier prochain.<\/p>\n<p>Cependant, il a \u00e9t\u00e9 conserv\u00e9 parmi les 28 joueurs prot\u00e9g\u00e9s, en cette fin de semaine. Il s\u2019agit clairement d\u2019un signal positif pour les \u00e9ch\u00e9ances \u00e0 venir.<\/p>\n<p>Selon Manon, une journaliste du <a href=\"https:\/\/www.rugbyrama.fr\/2026\/01\/29\/6-nations-2026-gael-drean-henry-pollock-nicolas-depoortere-nos-predictions-tres-osees-pour-le-6-nations-13193291.php\" target=\"_blank\" rel=\"noopener\">Midi Olympique<\/a>, Ga\u00ebl Dr\u00e9an est tr\u00e8s largement sous-c\u00f4t\u00e9 et garde toutes ses chances de terminer le Tournoi dans la peau d\u2019un titulaire, contre l\u2019Italie.<\/p>\n<p><strong>A lire ci-dessous :<\/strong><\/p>\n<p>\u00ab\u00a0Sur orbite avec Toulon, Ga\u00ebl Dr\u00e9an a tap\u00e9 dans l\u2019\u0153il du s\u00e9lectionneur. Et m\u00eame si la concurrence est rude sur l\u2019aile, il ne fait aucun doute que le Breton a toutes les qualit\u00e9s pour jouer \u00e0 c\u00f4t\u00e9 d\u2019un joueur comme Louis Bielle-Biarrey. Son profil de jeu se rapproche d\u2019ailleurs \u00e9norm\u00e9ment de celui du Bordelais avec des pointes de vitesse et des petits par-dessus qui font trembler les d\u00e9fenses. <\/p>\n<p>Alors, si Fabien Galthi\u00e9 lui donne sa chance lors de ce Tournoi et que Ga\u00ebl Dr\u00e9an saisit pleinement cette occasion en faisant ce qu\u2019il a l\u2019habitude de faire en Top 14, difficile d\u2019imaginer comment il pourrait sortir des plans. Selon moi, Ga\u00ebl Dr\u00e9an est largement sous-c\u00f4t\u00e9 et a une carte \u00e0 jouer dans ce Tournoi 2026. Reste \u00e0 voir si le s\u00e9lectionneur des Bleus osera, vraiment, chambouler sa hi\u00e9rarchie.\u00a0\u00bb<\/p>\n<p><strong>Affaire \u00e0 suivre\u2026<\/strong><\/p>\n","protected":false},"excerpt":{"rendered":"Retenu dans le groupe France par le s\u00e9lectionneur Fabien Galthi\u00e9 pour pr\u00e9parer le choc face \u00e0 l\u2019Irlande, comptant&hellip;\n","protected":false},"author":2,"featured_media":697752,"comment_status":"","ping_status":"","sticky":false,"template":"","format":"standard","meta":{"footnotes":""},"categories":[1416],"tags":[1011,27,479,1468,60],"class_list":{"0":"post-697751","1":"post","2":"type-post","3":"status-publish","4":"format-standard","5":"has-post-thumbnail","7":"category-rugby","8":"tag-fr","9":"tag-france","10":"tag-rugby","11":"tag-rugby-football","12":"tag-sports"},"share_on_mastodon":{"url":"https:\/\/pubeurope.com\/@fr\/115979480179847866","error":""},"_links":{"self":[{"href":"https:\/\/www.europesays.com\/fr\/wp-json\/wp\/v2\/posts\/697751","targetHints":{"allow":["GET"]}}],"collection":[{"href":"https:\/\/www.europesays.com\/fr\/wp-json\/wp\/v2\/posts"}],"about":[{"href":"https:\/\/www.europesays.com\/fr\/wp-json\/wp\/v2\/types\/post"}],"author":[{"embeddable":true,"href":"https:\/\/www.europesays.com\/fr\/wp-json\/wp\/v2\/users\/2"}],"replies":[{"embeddable":true,"href":"https:\/\/www.europesays.com\/fr\/wp-json\/wp\/v2\/comments?post=697751"}],"version-history":[{"count":0,"href":"https:\/\/www.europesays.com\/fr\/wp-json\/wp\/v2\/posts\/697751\/revisions"}],"wp:featuredmedia":[{"embeddable":true,"href":"https:\/\/www.europesays.com\/fr\/wp-json\/wp\/v2\/media\/697752"}],"wp:attachment":[{"href":"https:\/\/www.europesays.com\/fr\/wp-json\/wp\/v2\/media?parent=697751"}],"wp:term":[{"taxonomy":"category","embeddable":true,"href":"https:\/\/www.europesays.com\/fr\/wp-json\/wp\/v2\/categories?post=697751"},{"taxonomy":"post_tag","embeddable":true,"href":"https:\/\/www.europesays.com\/fr\/wp-json\/wp\/v2\/tags?post=697751"}],"curies":[{"name":"wp","href":"https:\/\/api.w.org\/{rel}","templated":true}]}}