{"id":697753,"date":"2026-01-29T17:06:14","date_gmt":"2026-01-29T17:06:14","guid":{"rendered":"https:\/\/www.europesays.com\/fr\/697753\/"},"modified":"2026-01-29T17:06:14","modified_gmt":"2026-01-29T17:06:14","slug":"kostyuk-et-osaka-declarent-forfait-pour-le-wta-1000-de-doha-tennistemple","status":"publish","type":"post","link":"https:\/\/www.europesays.com\/fr\/697753\/","title":{"rendered":"Kostyuk et Osaka d\u00e9clarent forfait pour le WTA 1000 de Doha \u2022 TennisTemple"},"content":{"rendered":"\n<p>Apr\u00e8s son \u00e9limination en quart de finale contre Alexander Zverev, Learner Tien a \u00e9t\u00e9 interrog\u00e9 sur la politique de Donald Trump et la police f\u00e9d\u00e9rale de l&rsquo;immigration, l&rsquo;ICE.<\/p>\n<p>Journaliste : \u00ab Compte tenu de ce qui se passe avec Trump et l&rsquo;ICE, quelle est l&rsquo;importance de votre h\u00e9ritage pour vous ? Et quelle est l&rsquo;importance des immigrants dans le sport am\u00e9ricain aujourd&rsquo;hui ?<\/p>\n<p>Tien : \u00ab D\u00e9sol\u00e9, mais&#8230;<\/p>\n<p> <a href=\"https:\/\/fr.tennistemple.com\/LaChaineTT\/post\/210918694\/apres-son-elimination-en-quart-de-finale-contre-alexander-zv\/\" class=\"expand\" target=\"_blank\" rel=\"noopener\">Lire en entier<\/a> <\/p>\n","protected":false},"excerpt":{"rendered":"Apr\u00e8s son \u00e9limination en quart de finale contre Alexander Zverev, Learner Tien a \u00e9t\u00e9 interrog\u00e9 sur la politique&hellip;\n","protected":false},"author":2,"featured_media":697754,"comment_status":"","ping_status":"","sticky":false,"template":"","format":"standard","meta":{"footnotes":""},"categories":[1415],"tags":[1011,27,60,1467],"class_list":{"0":"post-697753","1":"post","2":"type-post","3":"status-publish","4":"format-standard","5":"has-post-thumbnail","7":"category-tennis","8":"tag-fr","9":"tag-france","10":"tag-sports","11":"tag-tennis"},"share_on_mastodon":{"url":"https:\/\/pubeurope.com\/@fr\/115979484059005608","error":""},"_links":{"self":[{"href":"https:\/\/www.europesays.com\/fr\/wp-json\/wp\/v2\/posts\/697753","targetHints":{"allow":["GET"]}}],"collection":[{"href":"https:\/\/www.europesays.com\/fr\/wp-json\/wp\/v2\/posts"}],"about":[{"href":"https:\/\/www.europesays.com\/fr\/wp-json\/wp\/v2\/types\/post"}],"author":[{"embeddable":true,"href":"https:\/\/www.europesays.com\/fr\/wp-json\/wp\/v2\/users\/2"}],"replies":[{"embeddable":true,"href":"https:\/\/www.europesays.com\/fr\/wp-json\/wp\/v2\/comments?post=697753"}],"version-history":[{"count":0,"href":"https:\/\/www.europesays.com\/fr\/wp-json\/wp\/v2\/posts\/697753\/revisions"}],"wp:featuredmedia":[{"embeddable":true,"href":"https:\/\/www.europesays.com\/fr\/wp-json\/wp\/v2\/media\/697754"}],"wp:attachment":[{"href":"https:\/\/www.europesays.com\/fr\/wp-json\/wp\/v2\/media?parent=697753"}],"wp:term":[{"taxonomy":"category","embeddable":true,"href":"https:\/\/www.europesays.com\/fr\/wp-json\/wp\/v2\/categories?post=697753"},{"taxonomy":"post_tag","embeddable":true,"href":"https:\/\/www.europesays.com\/fr\/wp-json\/wp\/v2\/tags?post=697753"}],"curies":[{"name":"wp","href":"https:\/\/api.w.org\/{rel}","templated":true}]}}