{"id":697757,"date":"2026-01-29T17:11:11","date_gmt":"2026-01-29T17:11:11","guid":{"rendered":"https:\/\/www.europesays.com\/fr\/697757\/"},"modified":"2026-01-29T17:11:11","modified_gmt":"2026-01-29T17:11:11","slug":"5-me-pour-le-buteur-du-maroc-lenorme-deal","status":"publish","type":"post","link":"https:\/\/www.europesays.com\/fr\/697757\/","title":{"rendered":"5 ME pour le buteur du Maroc, l&rsquo;\u00e9norme deal"},"content":{"rendered":"<p><b>D\u00e9sireux de renforcer son effectif pour \u00e9viter une dramatique rel\u00e9gation en Ligue 2, le FC Nantes pourrait frapper un \u00e9norme coup dans les derniers instants du <a href=\"https:\/\/www.foot01.com\/mercato\" title=\"Mercato\" target=\"_blank\" rel=\"noopener\">mercato<\/a> en activant la piste Ayoub El Kaabi.<\/b>Les dirigeants du FC Nantes sont tr\u00e8s actifs sur le march\u00e9 des transferts. Il faut dire que le classement des Canaris, actuellement 16es de <a href=\"https:\/\/www.foot01.com\/ligue1\" title=\"Ligue 1\" target=\"_blank\" rel=\"noopener\">Ligue 1<\/a>, n\u2019inspire pas vraiment \u00e0 l\u2019optimisme et oblige Waldemar Kita \u00e0 faire bouger les choses pour renforcer son \u00e9quipe. Cabella, Machado ou encore Guilbert et bient\u00f4t Kaba ont rejoint le pensionnaire de La Beaujoire. Ahmed Kantari peut \u00eatre satisfait du travail d\u00e9j\u00e0 effectu\u00e9 par sa direction sur ce march\u00e9 des transferts, car il est rare de voir un club bouger autant en plein mois de janvier.<\/p>\n<p>L\u2019entra\u00eeneur du FC Nantes esp\u00e8re n\u00e9anmoins voir d\u00e9barquer un attaquant d\u2019ici le 2 f\u00e9vrier prochain. Le profil d\u2019un ailier droit a souvent \u00e9t\u00e9 \u00e9voqu\u00e9 mais contre toute attente, c\u2019est finalement un pur num\u00e9ro neuf qui pourrait poser ses valises en Loire-Atlantique. Le FC Nantes ne s\u2019interdit pas de frapper un \u00e9norme coup puisque selon le m\u00e9dia marocain DM Sport, les dirigeants nantais sont tr\u00e8s chauds pour faire venir Ayoub El Kaabi, le buteur titulaire du Maroc \u00e0 la derni\u00e8re Coupe d\u2019Afrique des Nations.<\/p>\n<p>\u00ab Auteur d&rsquo;une CAN 2025 remarqu\u00e9e, le serial buteur de l&rsquo;Olympiakos affole les compteurs et les recruteurs. Le FC Nantes et le SCO Angers sont sur les rangs pour attirer l&rsquo;international marocain d\u00e8s cet hiver, jug\u00e9 tr\u00e8s bon march\u00e9 au vu du rapport prix\/rendement \u00bb explique le m\u00e9dia sur X avant de conclure. \u00ab L&rsquo;op\u00e9ration pourrait se n\u00e9gocier autour de 5 millions d&rsquo;euros. Pour info, le joueur souhaite rester \u00e0 l&rsquo;Olympiakos et ne veut pas prendre le risque de chambouler sa situation \u00e0 quelques mois de la Coupe du monde \u00bb \u00e9crivent nos confr\u00e8res marocains.<\/p>\n<p>Nantes r\u00eave d&rsquo;Ayoub El Kaabi<\/p>\n<p>Autant dire qu\u2019\u00e0 un tel prix, Nantes n\u2019h\u00e9sitera pas \u00e0 foncer sur le buteur marocain de l\u2019Olympiakos. Malgr\u00e9 la concurrence d\u2019Angers, qui s\u2019int\u00e9resse \u00e0 El Kaabi pour compenser un potentiel d\u00e9part de Sidiki Ch\u00e9rif, Nantes semble avoir une longueur d\u2019avance et pourrait se renforcer de mani\u00e8re consid\u00e9rable avec un tel buteur. Reste \u00e0 voir si de son c\u00f4t\u00e9, le joueur de 32 ans sera tent\u00e9 par une aventure \u00e0 Nantes alors que des offres plus attractives sportivement et financi\u00e8rement pourraient lui \u00eatre transmises apr\u00e8s sa CAN aboutie avec le Maroc.<\/p>\n","protected":false},"excerpt":{"rendered":"D\u00e9sireux de renforcer son effectif pour \u00e9viter une dramatique rel\u00e9gation en Ligue 2, le FC Nantes pourrait frapper&hellip;\n","protected":false},"author":2,"featured_media":697758,"comment_status":"","ping_status":"","sticky":false,"template":"","format":"standard","meta":{"footnotes":""},"categories":[1410],"tags":[462,63,1011,27,66,1434,60],"class_list":{"0":"post-697757","1":"post","2":"type-post","3":"status-publish","4":"format-standard","5":"has-post-thumbnail","7":"category-football","8":"tag-fc-nantes","9":"tag-football","10":"tag-fr","11":"tag-france","12":"tag-ligue-1","13":"tag-mercato","14":"tag-sports"},"share_on_mastodon":{"url":"https:\/\/pubeurope.com\/@fr\/115979503853655609","error":""},"_links":{"self":[{"href":"https:\/\/www.europesays.com\/fr\/wp-json\/wp\/v2\/posts\/697757","targetHints":{"allow":["GET"]}}],"collection":[{"href":"https:\/\/www.europesays.com\/fr\/wp-json\/wp\/v2\/posts"}],"about":[{"href":"https:\/\/www.europesays.com\/fr\/wp-json\/wp\/v2\/types\/post"}],"author":[{"embeddable":true,"href":"https:\/\/www.europesays.com\/fr\/wp-json\/wp\/v2\/users\/2"}],"replies":[{"embeddable":true,"href":"https:\/\/www.europesays.com\/fr\/wp-json\/wp\/v2\/comments?post=697757"}],"version-history":[{"count":0,"href":"https:\/\/www.europesays.com\/fr\/wp-json\/wp\/v2\/posts\/697757\/revisions"}],"wp:featuredmedia":[{"embeddable":true,"href":"https:\/\/www.europesays.com\/fr\/wp-json\/wp\/v2\/media\/697758"}],"wp:attachment":[{"href":"https:\/\/www.europesays.com\/fr\/wp-json\/wp\/v2\/media?parent=697757"}],"wp:term":[{"taxonomy":"category","embeddable":true,"href":"https:\/\/www.europesays.com\/fr\/wp-json\/wp\/v2\/categories?post=697757"},{"taxonomy":"post_tag","embeddable":true,"href":"https:\/\/www.europesays.com\/fr\/wp-json\/wp\/v2\/tags?post=697757"}],"curies":[{"name":"wp","href":"https:\/\/api.w.org\/{rel}","templated":true}]}}