{"id":697759,"date":"2026-01-29T17:12:13","date_gmt":"2026-01-29T17:12:13","guid":{"rendered":"https:\/\/www.europesays.com\/fr\/697759\/"},"modified":"2026-01-29T17:12:13","modified_gmt":"2026-01-29T17:12:13","slug":"deva-cassel-ouvre-le-defile-elie-saab-et-fait-renaitre-le-glamour-des-annees-70","status":"publish","type":"post","link":"https:\/\/www.europesays.com\/fr\/697759\/","title":{"rendered":"Deva Cassel ouvre le d\u00e9fil\u00e9 Elie Saab et fait rena\u00eetre le glamour des ann\u00e9es 70"},"content":{"rendered":"<p>Ce mercredi 28 janvier, le couturier Elie Saab a d\u00e9voil\u00e9 au Palais de Chaillot sa collection haute couture printemps-\u00e9t\u00e9 2026, une ode \u00e0 la jet-set des ann\u00e9es 70, faisant la part belle \u00e0 l\u2019h\u00e9donisme et au savoir-faire d&rsquo;exception de la haute couture. <\/p>\n<p dir=\"ltr\">Alors que l&rsquo;effervescence de la semaine de la mode parisienne touche \u00e0 son \u00e9pilogue, apr\u00e8s une succession de <a href=\"https:\/\/www.parismatch.com\/vivre\/mode\" target=\"_blank\" rel=\"noopener\">d\u00e9fil\u00e9s masculins puis haute couture<\/a>, les \u201cbeautiful people\u201d, journalistes avertis et acheteurs internationaux se sont donn\u00e9 rendez-vous place du Trocad\u00e9ro, au majestueux Palais de Chaillot, pour assister \u00e0 la pr\u00e9sentation de la collection haute couture printemps-\u00e9t\u00e9 2026 du cr\u00e9ateur libanais Elie Saab.<\/p>\n<p dir=\"ltr\">\u00c0 12h30, \u00e0 l\u2019heure suspendue du d\u00e9jeuner, ce sont d\u2019abord <a href=\"https:\/\/www.parismatch.com\/People\/clotilde-courau-en-froufrous-noirs-cindy-bruna-spectaculaire-en-fourrure-les-stars-sur-leur-31-au-palais-de-chaillot-263694\" target=\"_blank\" rel=\"noopener\">quelques glitterati qui ont r\u00e9ussi \u00e0 dissiper la grisaille de cette journ\u00e9e hivernale.<\/a> Parmi eux, <a href=\"https:\/\/www.parismatch.com\/bio\/clotilde-courau\" target=\"_blank\" rel=\"noopener\">Clotilde Courau<\/a>, resplendissante dans un ensemble noir, Hande Er\u00e7el, l\u2019actrice turque ph\u00e9nom\u00e8ne sur les r\u00e9seaux sociaux, la mannequin et jeune mari\u00e9e <a href=\"https:\/\/www.parismatch.com\/bio\/cindy-bruna\" target=\"_blank\" rel=\"noopener\">Cindy Bruna<\/a>, ou encore la mannequin et actrice Amy Jackson, compagne d\u2019Ed Westwick, alias Chuck Bass dans Gossip Girl.<\/p>\n<p>    La suite apr\u00e8s cette publicit\u00e9<\/p>\n<p dir=\"ltr\">Mais la v\u00e9ritable star du show, c\u2019\u00e9tait Deva\u00a0! Oui <a href=\"https:\/\/www.parismatch.com\/bio\/deva-cassel\" target=\"_blank\" rel=\"noopener\">Deva Cassel, la fille de Monica Belluci et Vincent Cassel<\/a>. La jeune muse qui porte sur son visage l\u2019aura saisissante de ses deux parents attire elle aussi les plus grandes maisons. Fid\u00e8le protagoniste de l\u2019histoire Elie Saab, elle a encore une fois eu le privil\u00e8ge d\u2019ouvrir le show : une cons\u00e9cration dans l\u2019univers impitoyable du mannequinat.<\/p>\n<p>    La suite apr\u00e8s cette publicit\u00e9<\/p>\n<p>    <img decoding=\"async\" src=\"https:\/\/www.europesays.com\/fr\/wp-content\/uploads\/2026\/01\/elie-saab-haute-couture-ss26-images_elie-saab-hc-ss26_look-4.jpg\" alt=\"Semaine de la Haute Couture : Elie Saab fait rena\u00eetre le glamour des ann\u00e9es 70\" loading=\"lazy\"\/><\/p>\n<p>\n      Semaine de la Haute Couture : Elie Saab fait rena\u00eetre le glamour des ann\u00e9es 70<\/p>\n<p>                Gorunway.com<br \/>\n                      \/<br \/>\n                                \u00a9 Filippo Fior <\/p>\n<p>L\u2019\u00e2ge d\u2019or des nuits seventies<\/p>\n<p>    <img decoding=\"async\" src=\"https:\/\/www.europesays.com\/fr\/wp-content\/uploads\/2026\/01\/celine-4-copie.jpg\" alt=\"Semaine de la Haute Couture : Elie Saab fait rena\u00eetre le glamour des ann\u00e9es 70\" loading=\"lazy\"\/><\/p>\n<p>\n      Semaine de la Haute Couture : Elie Saab fait rena\u00eetre le glamour des ann\u00e9es 70<\/p>\n<p>                Gorunway.com<br \/>\n                      \/<br \/>\n                                \u00a9 Filippo Fior <\/p>\n<p dir=\"ltr\">Ce n\u2019est pas la jet-set contemporaine qui a connu son heure de gloire hier, mais bien celle mythique, des ann\u00e9es 70. Une \u00e9poque libre et flamboyante dont la maison r\u00e9sume l\u2019esprit en ces termes\u00a0: \u00ab\u00a0Ces silhouettes incarnent l\u2019essence d\u2019une femme \u00e0 l\u2019\u00e2me sauvage et indompt\u00e9e, qui ensorcelle artistes et aventuriers partout o\u00f9 elle passe\u00a0\u00bb.<\/p>\n<p>    <img decoding=\"async\" src=\"https:\/\/www.europesays.com\/fr\/wp-content\/uploads\/2026\/01\/elie-saab-haute-couture-ss26-images_elie-saab-hc-ss26_look-7.jpg\" alt=\"Semaine de la Haute Couture : Elie Saab fait rena\u00eetre le glamour des ann\u00e9es 70\" loading=\"lazy\"\/><\/p>\n<p>\n      Semaine de la Haute Couture : Elie Saab fait rena\u00eetre le glamour des ann\u00e9es 70<\/p>\n<p>                Gorunway.com<br \/>\n                      \/<br \/>\n                                \u00a9 Filippo Fior<\/p>\n<p dir=\"ltr\">Sur le podium, cette vision se mat\u00e9rialise \u00e0 travers des cascades de perles et de cristaux, des drap\u00e9s vaporeux qui semblent soulever la femme Elie Saab dans un \u00e9lan a\u00e9rien d\u00e9clenchant, au passage, une pluie de flashs de smartphones dans les all\u00e9es du d\u00e9fil\u00e9.\u00a0<\/p>\n<p>    La suite apr\u00e8s cette publicit\u00e9<\/p>\n<p>    La suite apr\u00e8s cette publicit\u00e9<\/p>\n<p>    <img decoding=\"async\" src=\"https:\/\/www.europesays.com\/fr\/wp-content\/uploads\/2026\/01\/elie-saab-haute-couture-ss26-images_elie-saab-hc-ss26_look-3.jpg\" alt=\"Semaine de la Haute Couture : Elie Saab fait rena\u00eetre le glamour des ann\u00e9es 70\" loading=\"lazy\"\/><\/p>\n<p>\n      Semaine de la Haute Couture : Elie Saab fait rena\u00eetre le glamour des ann\u00e9es 70<\/p>\n<p>                Gorunway.com<br \/>\n                      \/<br \/>\n                                \u00a9 Filippo Fior <\/p>\n<p dir=\"ltr\">D\u00e8s l\u2019ouverture, un d\u00e9tail retient particuli\u00e8rement l\u2019attention\u00a0: l\u2019imprim\u00e9 peau de cerf, pressenti par les initi\u00e9s comme le futur roi des motifs animaliers, pr\u00eat \u00e0 supplanter z\u00e8bre, vache, l\u00e9opard ou python en 2026. \u00ab\u00a0Une collection qui marie l\u2019exigence de la haute couture \u00e0 une \u00e2me h\u00e9doniste\u00a0\u00bb, conclut la maison. La femme Elie Saab a une longue vie devant elle.<\/p>\n","protected":false},"excerpt":{"rendered":"Ce mercredi 28 janvier, le couturier Elie Saab a d\u00e9voil\u00e9 au Palais de Chaillot sa collection haute couture&hellip;\n","protected":false},"author":2,"featured_media":697760,"comment_status":"","ping_status":"","sticky":false,"template":"","format":"standard","meta":{"footnotes":""},"categories":[1359],"tags":[58,59,1011,27,973],"class_list":{"0":"post-697759","1":"post","2":"type-post","3":"status-publish","4":"format-standard","5":"has-post-thumbnail","7":"category-people","8":"tag-divertissement","9":"tag-entertainment","10":"tag-fr","11":"tag-france","12":"tag-people"},"share_on_mastodon":{"url":"https:\/\/pubeurope.com\/@fr\/115979507894092783","error":""},"_links":{"self":[{"href":"https:\/\/www.europesays.com\/fr\/wp-json\/wp\/v2\/posts\/697759","targetHints":{"allow":["GET"]}}],"collection":[{"href":"https:\/\/www.europesays.com\/fr\/wp-json\/wp\/v2\/posts"}],"about":[{"href":"https:\/\/www.europesays.com\/fr\/wp-json\/wp\/v2\/types\/post"}],"author":[{"embeddable":true,"href":"https:\/\/www.europesays.com\/fr\/wp-json\/wp\/v2\/users\/2"}],"replies":[{"embeddable":true,"href":"https:\/\/www.europesays.com\/fr\/wp-json\/wp\/v2\/comments?post=697759"}],"version-history":[{"count":0,"href":"https:\/\/www.europesays.com\/fr\/wp-json\/wp\/v2\/posts\/697759\/revisions"}],"wp:featuredmedia":[{"embeddable":true,"href":"https:\/\/www.europesays.com\/fr\/wp-json\/wp\/v2\/media\/697760"}],"wp:attachment":[{"href":"https:\/\/www.europesays.com\/fr\/wp-json\/wp\/v2\/media?parent=697759"}],"wp:term":[{"taxonomy":"category","embeddable":true,"href":"https:\/\/www.europesays.com\/fr\/wp-json\/wp\/v2\/categories?post=697759"},{"taxonomy":"post_tag","embeddable":true,"href":"https:\/\/www.europesays.com\/fr\/wp-json\/wp\/v2\/tags?post=697759"}],"curies":[{"name":"wp","href":"https:\/\/api.w.org\/{rel}","templated":true}]}}