{"id":697794,"date":"2026-01-29T17:31:18","date_gmt":"2026-01-29T17:31:18","guid":{"rendered":"https:\/\/www.europesays.com\/fr\/697794\/"},"modified":"2026-01-29T17:31:18","modified_gmt":"2026-01-29T17:31:18","slug":"sur-quelle-chaine-a-quelle-heure-et-avec-quelles-compositions-22","status":"publish","type":"post","link":"https:\/\/www.europesays.com\/fr\/697794\/","title":{"rendered":"sur quelle cha\u00eene, \u00e0 quelle heure et avec quelles compositions ?"},"content":{"rendered":"<p style=\"text-align: justify;\"><strong>D\u00e9couvrez l\u2019heure, la cha\u00eene TV et les compositions pour Pau-Toulon en Top 14. Toutes les infos essentielles pour suivre le match.<\/strong><\/p>\n<p style=\"text-align: justify;\">Le match de la 16\u00e8me journ\u00e9e de la phase r\u00e9guli\u00e8re du Top 14 entre la <a href=\"https:\/\/dicodusport.fr\/blog\/transferts-section-paloise-2026-arrivees-departs-et-prolongations\/\" target=\"_blank\" rel=\"noopener\"><strong>Section Paloise<\/strong><\/a> et le <a href=\"https:\/\/dicodusport.fr\/blog\/transferts-rc-toulon-2026-recrues-departs-et-prolongations\/\" target=\"_blank\" rel=\"noopener\"><b>RC Toulon <\/b><\/a>aura lieu ce dimanche 1 f\u00e9vrier 2026 \u00e0 21h05, au stade du Hameau de Pau.<\/p>\n<p>Contexte et enjeux du match Pau \u2013 Toulon<\/p>\n<p style=\"text-align: justify;\">Apr\u00e8s un superbe d\u00e9but de saison en Top 14, la <strong>Section Paloise<\/strong> est retomb\u00e9e sur terre samedi dernier. Les B\u00e9arnais se sont lourdement inclin\u00e9s sur la pelouse du Stade Toulousain, mais restent deuxi\u00e8mes au classement. N\u00e9anmoins, les outsiders ont les dents longues, et alors que plusieurs joueurs sont mobilis\u00e9s avec le XV de France, il va falloir assurer le coup ce dimanche soir.<\/p>\n<p><a href=\"https:\/\/dicodusport.fr\/blog\/toulouse-en-demonstration-face-a-pau-le-leader-du-top-14-donne-une-lecon-a-son-dauphin\/\" class=\"vlp-link\" title=\"Toulouse en d\u00e9monstration face \u00e0 Pau : le leader du Top 14 donne une le\u00e7on \u00e0 son dauphin\" target=\"_blank\" rel=\"noopener\"><img loading=\"lazy\" decoding=\"async\" style=\"max-width: 792px;\" width=\"792\" height=\"445\" class=\"attachment-800x445 size-800x445 perfmatters-lazy\" alt=\"Toulouse en d\u00e9monstration face \u00e0 Pau : le leader du Top 14 donne une le\u00e7on \u00e0 son dauphin\" src=\"https:\/\/www.europesays.com\/fr\/wp-content\/uploads\/2026\/01\/Toulouse-en-demonstration-face-a-Pau-le-leader-du-Top-14-donne-une-lecon-a-son-dauphin.png\"  data-\/><\/p>\n<p>Toulouse en d\u00e9monstration face \u00e0 Pau : le leader du Top 14 donne une le\u00e7on \u00e0 son dauphin<\/p>\n<p>TOP 14 2025\/2026 &#8211; Toulouse a confort\u00e9 sa place de leader en \u00e9crasant son dauphin, Pau, \u00e0 Ernest-Wallon (59-22).<\/p>\n<p>Lire l&rsquo;article<\/p>\n<p>dicodusport.fr<\/p>\n<p style=\"text-align: justify;\">Car <strong>Toulon<\/strong> pourrait bien d\u00e9barquer avec des ambitions. Pour une raison simple : en cas de victoire, les Varois pourraient rejoindre, voire d\u00e9passer les Palois au classement. Toujours solide \u00e0 Mayol, comme la semaine derni\u00e8re contre Montpellier, le RCT est n\u00e9anmoins \u00e0 la recherche d\u2019une victoire r\u00e9f\u00e9rence \u00e0 l\u2019ext\u00e9rieur. Mais cette saison, Toulon a parfois galvaud\u00e9 des d\u00e9placements chez des concurrents directs : qu\u2019en sera-t-il ce dimanche soir ?<\/p>\n<p><a href=\"https:\/\/dicodusport.fr\/blog\/toulon-reste-invaincu-a-mayol-en-top-14-le-rct-remporte-un-rude-combat-face-a-montpellier\/\" class=\"vlp-link\" title=\"Toulon reste invaincu \u00e0 Mayol en Top 14 : le RCT remporte un rude combat face \u00e0 Montpellier\" target=\"_blank\" rel=\"noopener\"><img loading=\"lazy\" decoding=\"async\" style=\"max-width: 792px;\" width=\"792\" height=\"445\" class=\"attachment-800x445 size-800x445 perfmatters-lazy\" alt=\"Toulon reste invaincu \u00e0 Mayol en Top 14 : le RCT remporte un rude combat face \u00e0 Montpellier\" src=\"https:\/\/www.europesays.com\/fr\/wp-content\/uploads\/2026\/01\/Toulon-reste-invaincu-a-Mayol-en-Top-14-le-RCT-remporte-un-rude-combat-face-a-Montpellier.png\"  data-\/><\/p>\n<p>Toulon reste invaincu \u00e0 Mayol en Top 14 : le RCT remporte un rude combat face \u00e0 Montpellier<\/p>\n<p>TOP 14 2025\/2026 &#8211; Invaincu \u00e0 domicile depuis mai dernier, Toulon a prolong\u00e9 sa s\u00e9rie en venant \u00e0 bout de Montpellier ce dimanche, 30-27.<\/p>\n<p>Lire l&rsquo;article<\/p>\n<p>dicodusport.fr<\/p>\n<p style=\"text-align: justify;\">Au match aller, Toulon avait remport\u00e9 la rencontre sans coup f\u00e9rir, <a href=\"https:\/\/dicodusport.fr\/blog\/top-14-2025-2026-j5-le-stade-francais-enfonce-perpignan-clermont-marque-lhistoire-le-resume-du-multirugby\/\" target=\"_blank\" rel=\"noopener\"><strong>33-17<\/strong><\/a>. Mais chez les bookmakers, la Section est logiquement favorite de ce match de cl\u00f4ture de la 16\u00e8me journ\u00e9e de Top 14.<\/p>\n<p>Pau \u2013 Toulon : \u00c0 quelle heure et sur quelle cha\u00eene TV suivre le match ?<\/p>\n<p style=\"text-align: justify;\">Le match <b>Pau \u2013 Montpellier <\/b>est \u00e0 suivre ce <b><strong>dimanche 1 f\u00e9vrier 2026 \u00e0 21h05<\/strong>,<\/b> sur <b>Canal+.<\/b><\/p>\n<p>Les compositions probables de Pau \u2013 Toulon<br \/>\nLa composition de Pau<\/p>\n<p style=\"text-align: justify;\"><strong>XV de d\u00e9part<\/strong> : 15. Maddocks\u2005; 14.Grandidier-Nkanang, 13. Gailleton, 12. Decron, 11.Arfeuil\u2005; 10. Desperes, 9. Robson\u2005; 7.Credoz, 8. Isa, 6.Whitelock (cap.)\u2005; 5.Capelli, 4.Jolmes\u2005; 3. Laclayat, 2.Montoya, 1.Kaulashvili ou Bibi-Biziwu.<\/p>\n<p>\n<a href=\"https:\/\/dicodusport.fr\/blog\/offres\/abonnements-sans-pub\/\" target=\"_blank\" rel=\"noopener\"><img loading=\"lazy\" decoding=\"async\" class=\"alignnone size-full wp-image-501284 perfmatters-lazy\" alt=\"\" width=\"1200\" height=\"200\" src=\"https:\/\/www.europesays.com\/fr\/wp-content\/uploads\/2025\/04\/Abonnements-sans-pubs-Dicodusport.png\"\/><\/a><\/p>\n<p style=\"text-align: justify;\"><strong>Les rempla\u00e7ants<\/strong> : 16. Delhommel, 17. Seneca ou Bibi-Biziwu, 18.Maximin, 19.Hewat, 20.Souverbie, 21.Mondinat, 22. Valentino ou Butlin, 23.Tokolahi.<\/p>\n<p>La composition de Toulon<\/p>\n<p style=\"text-align: justify;\"><strong>XV de d\u00e9part<\/strong> : 15. Jaminet\u2005; 14. Tuicuvu, 13. Sinzelle ou Brex, 12. Cowie, 11. Villi\u00e8re\u2005; 10. Albornoz, 9. Le Bail ou White\u2005; 7. Abadie, 8. Mercer, 6. Ludlam\u2005; 5. Alainu\u2019uese, 4. Ribbans (cap.)\u2005; 3. Sinckler, 2. Damond, 1. Brennan ou Priso.<\/p>\n<p style=\"text-align: justify;\"><strong>Les rempla\u00e7ants<\/strong> : 16. Lucchesi, 17. Brennan ou Ametlla ou Priso, 18.Javakhia, 19. Kpoku, 20. White ou Le Bail ou Fert\u00e9, 21. Garcia, 22. Domon ou Fert\u00e9 ou Sinzelle, 23. Gigashvili.<\/p>\n<p>\n<a href=\"https:\/\/dicodusport.fr\/blog\/offres\/abonnements-sans-pub\/\" target=\"_blank\" rel=\"noopener\"><img loading=\"lazy\" decoding=\"async\" class=\"alignnone size-full wp-image-501296 perfmatters-lazy\" alt=\"\" width=\"400\" height=\"400\" src=\"https:\/\/www.europesays.com\/fr\/wp-content\/uploads\/2025\/04\/Abonnements-sans-pubs-Dicodusport-mobile.png\"\/><\/a><\/p>\n<p>Les cotes de Pau \u2013 Toulon<\/p>\n<tr style=\"height: 16px;\">\n<td style=\"background-color: #404040; text-align: left; border-color: #ededed; width: 500px;\" colspan=\"3\">Dimanche 28 d\u00e9cembre 2025 16h00<\/td>\n<\/tr>\n<tr style=\"height: 24px;\">\n<td style=\"background-color: #ffffff; border-color: #ededed; vertical-align: middle; text-align: center; width: 266px;\"><b>Pau<br \/><\/b><a href=\"https:\/\/www.winamax.fr\/paris-sportifs\/match\/62109298?banid=33423\" class=\"su-button su-button-style-flat su-button-wide\" style=\"color:#fff;background-color:#000;border-color:#000000;border-radius:5px\" target=\"_blank\" rel=\"noopener noreferrer\"> 1.40<\/a><\/td>\n<td style=\"background-color: #ffffff; border-color: #ededed; vertical-align: middle; text-align: center; width: 266px;\"><strong>Match nul<\/strong><br \/><a href=\"https:\/\/www.winamax.fr\/paris-sportifs\/match\/62109298?banid=33423\" class=\"su-button su-button-style-flat su-button-wide\" style=\"color:#fff;background-color:#000;border-color:#000000;border-radius:5px\" target=\"_blank\" rel=\"noopener noreferrer\"> 19<\/a><\/td>\n<td style=\"background-color: #ffffff; border-color: #ededed; vertical-align: middle; text-align: center; width: 266px;\"><b>Toulon<\/b><br \/><a href=\"https:\/\/www.winamax.fr\/paris-sportifs\/match\/62109298?banid=33423\" class=\"su-button su-button-style-flat su-button-wide\" style=\"color:#fff;background-color:#000;border-color:#000000;border-radius:5px\" target=\"_blank\" rel=\"noopener noreferrer\"> 2.75<\/a><\/td>\n<\/tr>\n<p style=\"text-align: justify;\">Tentez votre chance en profitant de votre <a href=\"https:\/\/www.winamax.fr\/registration\/landing\/affiliation_Bonus100?banid=33423\" target=\"_blank\" rel=\"noopener\">1er d\u00e9p\u00f4t doubl\u00e9 jusqu\u2019\u00e0 100 \u20ac<\/a> direct en paris gratuits sur Winamax !<\/p>\n","protected":false},"excerpt":{"rendered":"D\u00e9couvrez l\u2019heure, la cha\u00eene TV et les compositions pour Pau-Toulon en Top 14. Toutes les infos essentielles pour&hellip;\n","protected":false},"author":2,"featured_media":697795,"comment_status":"","ping_status":"","sticky":false,"template":"","format":"standard","meta":{"footnotes":""},"categories":[9619],"tags":[1111,11,2113,1777,674,1011,27,12,882,8177,25,12098,478,2310],"class_list":{"0":"post-697794","1":"post","2":"type-post","3":"status-publish","4":"format-standard","5":"has-post-thumbnail","7":"category-toulon","8":"tag-actu","9":"tag-actualites","10":"tag-breve","11":"tag-eu","12":"tag-europe","13":"tag-fr","14":"tag-france","15":"tag-news","16":"tag-provence-alpes-cote-dazur","17":"tag-rc-toulon","18":"tag-republique-francaise","19":"tag-section-paloise","20":"tag-top-14","21":"tag-toulon"},"share_on_mastodon":{"url":"https:\/\/pubeurope.com\/@fr\/115979582729487745","error":""},"_links":{"self":[{"href":"https:\/\/www.europesays.com\/fr\/wp-json\/wp\/v2\/posts\/697794","targetHints":{"allow":["GET"]}}],"collection":[{"href":"https:\/\/www.europesays.com\/fr\/wp-json\/wp\/v2\/posts"}],"about":[{"href":"https:\/\/www.europesays.com\/fr\/wp-json\/wp\/v2\/types\/post"}],"author":[{"embeddable":true,"href":"https:\/\/www.europesays.com\/fr\/wp-json\/wp\/v2\/users\/2"}],"replies":[{"embeddable":true,"href":"https:\/\/www.europesays.com\/fr\/wp-json\/wp\/v2\/comments?post=697794"}],"version-history":[{"count":0,"href":"https:\/\/www.europesays.com\/fr\/wp-json\/wp\/v2\/posts\/697794\/revisions"}],"wp:featuredmedia":[{"embeddable":true,"href":"https:\/\/www.europesays.com\/fr\/wp-json\/wp\/v2\/media\/697795"}],"wp:attachment":[{"href":"https:\/\/www.europesays.com\/fr\/wp-json\/wp\/v2\/media?parent=697794"}],"wp:term":[{"taxonomy":"category","embeddable":true,"href":"https:\/\/www.europesays.com\/fr\/wp-json\/wp\/v2\/categories?post=697794"},{"taxonomy":"post_tag","embeddable":true,"href":"https:\/\/www.europesays.com\/fr\/wp-json\/wp\/v2\/tags?post=697794"}],"curies":[{"name":"wp","href":"https:\/\/api.w.org\/{rel}","templated":true}]}}