{"id":697827,"date":"2026-01-29T17:48:10","date_gmt":"2026-01-29T17:48:10","guid":{"rendered":"https:\/\/www.europesays.com\/fr\/697827\/"},"modified":"2026-01-29T17:48:10","modified_gmt":"2026-01-29T17:48:10","slug":"archea-fait-le-point-sur-ses-activites-et-sur-son-impact","status":"publish","type":"post","link":"https:\/\/www.europesays.com\/fr\/697827\/","title":{"rendered":"Archea fait le point sur ses activit\u00e9s et sur son impact"},"content":{"rendered":"<p>Le sp\u00e9cialiste de l\u2019am\u00e9nagement int\u00e9rieur d\u2019origine toulousaine <a href=\"https:\/\/www.touleco-tarn.fr\/%E2%80%8BArchea-double-sa-surface-de-production-et-ouvre-un-showroom,39408\" class=\"spip_out\" rel=\"external noopener\" target=\"_blank\">Archea<\/a> annonce avoir termin\u00e9 l\u2019ann\u00e9e 2025 sur un bilan positif avec une progression revendiqu\u00e9e de son chiffre d\u2019affaires de 3\u00a0% (l\u2019entreprise a enregistr\u00e9 pr\u00e8s de 300.000 euros de r\u00e9sultat net sur son exercice 2023, NDLR) et la r\u00e9novation compl\u00e8te de plusieurs magasins, dont celui de Toulouse. L\u2019enseigne anticipe une croissance identique pour 2026.<\/p>\n<p>Archea affirme par ailleurs \u00ab\u00a0placer la responsabilit\u00e9 \u00e9cologique au c\u0153ur de sa d\u00e9marche industrielle\u00a0\u00bb. En ce d\u00e9but d\u2019ann\u00e9e, l\u2019enseigne annonce l\u2019obtention de la certification <a href=\"https:\/\/www.pefc-france.org\/\" class=\"spip_out\" rel=\"external noopener\" target=\"_blank\">PEFC<\/a>, qui garantit \u00ab\u00a0des pratiques plus \u00e9cologiques et sociales dans l\u2019utilisation du bois\u00a0\u00bb pour ses unit\u00e9s de production situ\u00e9es dans le Tarn. Sur le plan \u00e9nerg\u00e9tique, l\u2019unit\u00e9 de production de Saint-Sulpice-la-Pointe serait \u00e0 100\u00a0% aliment\u00e9e par de l\u2019\u00e9lectricit\u00e9 verte, produite localement dans le Tarn. Pour \u00ab\u00a0aller plus loin \u00e9cologiquement\u00a0\u00bb, Archea pr\u00e9voit en 2026, \u00ab\u00a0de faire \u00e9voluer sa flotte de transport, en direction de ses showrooms, en int\u00e9grant des v\u00e9hicules roulant au biocarburant\u00a0\u00bb.<\/p>\n","protected":false},"excerpt":{"rendered":"Le sp\u00e9cialiste de l\u2019am\u00e9nagement int\u00e9rieur d\u2019origine toulousaine Archea annonce avoir termin\u00e9 l\u2019ann\u00e9e 2025 sur un bilan positif avec&hellip;\n","protected":false},"author":2,"featured_media":373637,"comment_status":"","ping_status":"","sticky":false,"template":"","format":"standard","meta":{"footnotes":""},"categories":[2816],"tags":[1111,11,7023,79270,8324,1777,674,1011,27,12,2680,25,2312,16155],"class_list":{"0":"post-697827","1":"post","2":"type-post","3":"status-publish","4":"format-standard","5":"has-post-thumbnail","7":"category-toulouse","8":"tag-actu","9":"tag-actualites","10":"tag-ameublement","11":"tag-archea","12":"tag-conjoncture","13":"tag-eu","14":"tag-europe","15":"tag-fr","16":"tag-france","17":"tag-news","18":"tag-occitanie","19":"tag-republique-francaise","20":"tag-toulouse","21":"tag-transition-ecologique"},"share_on_mastodon":{"url":"https:\/\/pubeurope.com\/@fr\/115979649357057563","error":""},"_links":{"self":[{"href":"https:\/\/www.europesays.com\/fr\/wp-json\/wp\/v2\/posts\/697827","targetHints":{"allow":["GET"]}}],"collection":[{"href":"https:\/\/www.europesays.com\/fr\/wp-json\/wp\/v2\/posts"}],"about":[{"href":"https:\/\/www.europesays.com\/fr\/wp-json\/wp\/v2\/types\/post"}],"author":[{"embeddable":true,"href":"https:\/\/www.europesays.com\/fr\/wp-json\/wp\/v2\/users\/2"}],"replies":[{"embeddable":true,"href":"https:\/\/www.europesays.com\/fr\/wp-json\/wp\/v2\/comments?post=697827"}],"version-history":[{"count":0,"href":"https:\/\/www.europesays.com\/fr\/wp-json\/wp\/v2\/posts\/697827\/revisions"}],"wp:featuredmedia":[{"embeddable":true,"href":"https:\/\/www.europesays.com\/fr\/wp-json\/wp\/v2\/media\/373637"}],"wp:attachment":[{"href":"https:\/\/www.europesays.com\/fr\/wp-json\/wp\/v2\/media?parent=697827"}],"wp:term":[{"taxonomy":"category","embeddable":true,"href":"https:\/\/www.europesays.com\/fr\/wp-json\/wp\/v2\/categories?post=697827"},{"taxonomy":"post_tag","embeddable":true,"href":"https:\/\/www.europesays.com\/fr\/wp-json\/wp\/v2\/tags?post=697827"}],"curies":[{"name":"wp","href":"https:\/\/api.w.org\/{rel}","templated":true}]}}