{"id":697830,"date":"2026-01-29T17:50:09","date_gmt":"2026-01-29T17:50:09","guid":{"rendered":"https:\/\/www.europesays.com\/fr\/697830\/"},"modified":"2026-01-29T17:50:09","modified_gmt":"2026-01-29T17:50:09","slug":"cette-petite-ville-situee-a-30-minutes-de-lille-est-la-meilleure-dans-le-nord-selon-ce-classement","status":"publish","type":"post","link":"https:\/\/www.europesays.com\/fr\/697830\/","title":{"rendered":"Cette petite ville situ\u00e9e \u00e0 30 minutes de Lille est la meilleure dans le Nord selon ce classement"},"content":{"rendered":"<p>                    Par<br \/>\n        <strong><br \/>\n            <a href=\"https:\/\/actu.fr\/auteur\/raphael-mahlmann\" title=\"Consulter tous les articles de Rapha\u00ebl Mahlmann\" target=\"_blank\" rel=\"noopener\">Rapha\u00ebl Mahlmann<\/a><br \/>\n                    <\/strong><\/p>\n<p>        Publi\u00e9 le<\/p>\n<p>            29 janv. 2026 \u00e0 18h40        <\/p>\n<p>Quelle est la \u00ab\u00a0<a href=\"https:\/\/actu.fr\/hauts-de-france\/lille_59350\/selon-une-etude-lille-est-la-3e-meilleure-ville-de-france-ou-emmenager_62557634.html\" target=\"_blank\" rel=\"noopener\">meilleure ville\u00a0\u00bb<\/a> du Nord\u2009? Le site <a href=\"https:\/\/www.villedereve.fr\/vr500-palmares-des-villes-par-region\" target=\"_blank\" rel=\"noopener\">Villedereve.fr<\/a> a r\u00e9cemment publi\u00e9 son classement des <b>500 meilleures villes de France<\/b>, toutes tailles confondues. Une <b>petite ville du Nord<\/b>, situ\u00e9e \u00e0 30\u00a0minutes de<b> <a href=\"https:\/\/actu.fr\/hauts-de-france\/lille_59350\" target=\"_blank\" rel=\"noopener\">Lille<\/a><\/b>, s\u2019est particuli\u00e8rement distingu\u00e9e cette ann\u00e9e.<\/p>\n<p>Une petite ville du Nord parmi les meilleures de France<\/p>\n<p class=\" wall-content\">Chaque ann\u00e9e, Ville de r\u00eave publie son palmar\u00e8s des \u00ab\u00a0meilleures villes\u00a0\u00bb de France. En 2025, <b>13 villes des Hauts-de-France<\/b> se sont hiss\u00e9es dans le top\u00a0500, en prenant en compte les tailles de chacune d\u2019entre elles (grandes, moyennes et petites villes, villages et communes isol\u00e9es). Avec une note de 69,8\/100, <b>Lille <\/b>n\u2019arrive qu\u2019\u00e0 la<b> 6741e place<\/b>, mais se place \u00e0 la 60e place dans la cat\u00e9gorie \u00ab\u2009grandes et moyennes villes\u2009\u00bb, ce qui explique sa pr\u00e9sence dans ce top\u00a0500.<\/p>\n<p class=\" wall-content\"><b>Bailleul<\/b>, une petite ville des Flandres, est la commune du Nord affichant le score le plus \u00e9lev\u00e9. \u00c0 l\u2019\u00e9chelle des Hauts-de-France, elle se situe m\u00eame \u00e0 la deuxi\u00e8me place, juste derri\u00e8re Senlis (Oise), pr\u00e9sente dans top\u00a0100.<\/p>\n<p>Le classement dans les Hauts-de-France et dans le Nord<\/p>\n<p class=\" wall-content\">Voir le classement complet des communes dans la r\u00e9gion Hauts-de-France pr\u00e9sentes dans le top\u00a0500\u2009:<\/p>\n<p class=\" wall-content\"><b>\u2013 Aisne\u2009: <\/b>30244e place <b>Saint-Quentin <\/b>(58.44 \/ 100| 3603 places gagn\u00e9es)<\/p>\n<p class=\" wall-content\"><b>\u2013 Nord\u2009:<\/b><\/p>\n<ul class=\" wall-content\">\n<li>372e<b>\u00a0Bailleul<\/b> (78.72 \/ 100\u00a0| 103 places gagn\u00e9es)<\/li>\n<li>415e\u00a0<b>Marquette-lez-Lille <\/b>(78.44 \/ 100\u00a0| 1488 places gagn\u00e9es)<\/li>\n<li>567e<b>\u00a0Hazebrouck <\/b>(77.55 \/ 100\u00a0| 1672 places gagn\u00e9es)<\/li>\n<li>697e\u00a0<b>Villeneuve-d\u2019Ascq<\/b> (77.03 \/ 100\u00a0| 1582 places gagn\u00e9es)<\/li>\n<li>3432e\u00a0<b>Dunkerque <\/b>(72.34 \/ 100\u00a0| 92 places gagn\u00e9es)<\/li>\n<li>6741e <b>Lille <\/b>(69.8 \/ 100\u00a0| 9792 places gagn\u00e9es)<\/li>\n<li>31266e <b>Roubaix <\/b>(57.6 \/ 100\u00a0| 7889 places gagn\u00e9es)<\/li>\n<li>31975e <b>Tourcoing <\/b>(56.94 \/ 100\u00a0| 3279 places gagn\u00e9es)<\/li>\n<\/ul>\n<p class=\" wall-content\"><b>\u2013 Oise\u2009:<\/b><\/p>\n<ul class=\" wall-content\">\n<li>52e <b>Senlis <\/b>(83.21 \/ 100\u00a0| 80 places gagn\u00e9es)<\/li>\n<li>22904e <b>Beauvais <\/b>(62.33 \/ 100\u00a0| 4177 places perdues)<\/li>\n<\/ul>\n<p>Votre r\u00e9gion, votre actu !<\/p>\n<p>Recevez chaque jour les infos qui comptent pour vous.<\/p>\n<p>\t<a href=\"https:\/\/actu.fr\/newsletter\" class=\"ac-btn ac-btn--corner ac-btn--medium ac-btn--blue800\" target=\"_blank\" rel=\"noopener\">S&rsquo;incrire<\/a><\/p>\n<p class=\" wall-content\"><b>\u2013 Pas-de-Calais\u2009: <\/b>18206e Calais (64.35 \/ 100\u00a0| 1107 places perdues)<\/p>\n<p class=\" wall-content\"><b>\u2013 Somme\u2009: <\/b>3578e <b>Amiens<\/b> (72.18 \/ 100\u00a0| 2521 places gagn\u00e9es)<\/p>\n<p class=\" wall-content\">Et voici le classement dans le Nord, ne prenant en compte que les scores\u2009:<\/p>\n<p data-end=\"65\" class=\" wall-content\">\u2013 <b>Bailleul<\/b> (79\/100)<\/p>\n<p data-end=\"89\" class=\" wall-content\">\u2013 <b>Marquette-lez-Lille<\/b> (78\/100)<\/p>\n<p data-end=\"104\" class=\" wall-content\">\u2013<b> Hazebrouck <\/b>(78\/100)<\/p>\n<p data-end=\"124\" class=\" wall-content\">\u2013 <b>Marcq-en-Bar\u0153ul<\/b> (77\/100)<\/p>\n<p data-end=\"149\" class=\" wall-content\">\u2013 <b>Saint-Amand-les-Eaux<\/b> (77\/100)<\/p>\n<p data-end=\"168\" class=\" wall-content\">\u2013 <b>Erquinghem-Lys<\/b> (77\/100)<\/p>\n<p data-end=\"184\" class=\" wall-content\">\u2013 <b>Wambrechies<\/b> (77\/100)<\/p>\n<p data-end=\"208\" class=\" wall-content\">\u2013 <b>Coudekerque-Branche<\/b> (77\/100)<\/p>\n<p data-end=\"216\" class=\" wall-content\">\u2013 <b>Villeneuve-d\u2019Ascq<\/b> (77\/100)<\/p>\n<p>Comment sont \u00e9valu\u00e9es les villes\u2009?<\/p>\n<p class=\" wall-content\">Chaque ville est not\u00e9e de 0 \u00e0 100 dans<b> 20 th\u00e9matiques<\/b> (la qualit\u00e9 de vie, l\u2019accessibilit\u00e9 \u00e0 la nature, la s\u00e9curit\u00e9, la sant\u00e9\u2026). \u00ab Cette note est attribu\u00e9e en comparant les indicateurs de chaque ville avec ceux de toutes les autres communes d\u2019une part, et avec ceux des communes similaires (principalement en termes de population) d\u2019autre part. Il s\u2019agit donc d\u2019un classement comparatif\u2009\u00bb, explique Ville de r\u00eave.<\/p>\n<p class=\" wall-content\"><b>Les donn\u00e9es proviennent de sources multiples<\/b> comme les minist\u00e8res (\u00c9conomie, Culture, Int\u00e9rieur, \u00c9ducation nationale, \u00c9cologie\u2026), les administrations (DGFiP, DRIAS\u2026), les agences publiques (INSEE, INAO, G\u00e9orisques, ARS, ADEME, CAF, Observatoire des Finances\u2026) ou encore des organismes et entreprises publiques (SNCF, Laboratoire Central de Surveillance de la Qualit\u00e9 de l\u2019Air, M\u00e9t\u00e9o-France\u2026). \u00abLes sources des donn\u00e9es sont mentionn\u00e9es sur les pages de chaque ville, en cliquant sur la donn\u00e9e, ou sur la page de m\u00e9thodologie.\u2009\u00bb<\/p>\n<p class=\" wall-content\">Personnalisez votre actualit\u00e9 en ajoutant vos villes et m\u00e9dias en favori avec <a href=\"https:\/\/moncompte.actu.fr\" title=\"D\u00e9couvez Mon Actu\" rel=\"nofollow noopener\" data-trk=\"{&quot;cta&quot;:{&quot;action&quot;:&quot;https:\\\/\\\/moncompte.actu.fr&quot;,&quot;category&quot;:&quot;mon compte&quot;,&quot;from&quot;:&quot;article footer&quot;,&quot;name&quot;:&quot;Mon actu&quot;,&quot;type&quot;:&quot;cta&quot;}}\" target=\"_blank\">Mon Actu<\/a>.<\/p>\n","protected":false},"excerpt":{"rendered":"Par Rapha\u00ebl Mahlmann Publi\u00e9 le 29 janv. 2026 \u00e0 18h40 Quelle est la \u00ab\u00a0meilleure ville\u00a0\u00bb du Nord\u2009? Le&hellip;\n","protected":false},"author":2,"featured_media":697831,"comment_status":"","ping_status":"","sticky":false,"template":"","format":"standard","meta":{"footnotes":""},"categories":[2815],"tags":[1111,11,1777,674,1011,27,811,1307,12,25,104,602],"class_list":{"0":"post-697830","1":"post","2":"type-post","3":"status-publish","4":"format-standard","5":"has-post-thumbnail","7":"category-lille","8":"tag-actu","9":"tag-actualites","10":"tag-eu","11":"tag-europe","12":"tag-fr","13":"tag-france","14":"tag-hauts-de-france","15":"tag-lille","16":"tag-news","17":"tag-republique-francaise","18":"tag-societe","19":"tag-tourisme"},"share_on_mastodon":{"url":"https:\/\/pubeurope.com\/@fr\/115979657242603641","error":""},"_links":{"self":[{"href":"https:\/\/www.europesays.com\/fr\/wp-json\/wp\/v2\/posts\/697830","targetHints":{"allow":["GET"]}}],"collection":[{"href":"https:\/\/www.europesays.com\/fr\/wp-json\/wp\/v2\/posts"}],"about":[{"href":"https:\/\/www.europesays.com\/fr\/wp-json\/wp\/v2\/types\/post"}],"author":[{"embeddable":true,"href":"https:\/\/www.europesays.com\/fr\/wp-json\/wp\/v2\/users\/2"}],"replies":[{"embeddable":true,"href":"https:\/\/www.europesays.com\/fr\/wp-json\/wp\/v2\/comments?post=697830"}],"version-history":[{"count":0,"href":"https:\/\/www.europesays.com\/fr\/wp-json\/wp\/v2\/posts\/697830\/revisions"}],"wp:featuredmedia":[{"embeddable":true,"href":"https:\/\/www.europesays.com\/fr\/wp-json\/wp\/v2\/media\/697831"}],"wp:attachment":[{"href":"https:\/\/www.europesays.com\/fr\/wp-json\/wp\/v2\/media?parent=697830"}],"wp:term":[{"taxonomy":"category","embeddable":true,"href":"https:\/\/www.europesays.com\/fr\/wp-json\/wp\/v2\/categories?post=697830"},{"taxonomy":"post_tag","embeddable":true,"href":"https:\/\/www.europesays.com\/fr\/wp-json\/wp\/v2\/tags?post=697830"}],"curies":[{"name":"wp","href":"https:\/\/api.w.org\/{rel}","templated":true}]}}