{"id":697834,"date":"2026-01-29T17:52:11","date_gmt":"2026-01-29T17:52:11","guid":{"rendered":"https:\/\/www.europesays.com\/fr\/697834\/"},"modified":"2026-01-29T17:52:11","modified_gmt":"2026-01-29T17:52:11","slug":"dix-ans-de-prison-pour-karim-harrat-baron-presume-de-la-drogue","status":"publish","type":"post","link":"https:\/\/www.europesays.com\/fr\/697834\/","title":{"rendered":"Dix ans de prison pour Karim Harrat, baron pr\u00e9sum\u00e9 de la drogue"},"content":{"rendered":"<p class=\"rev-margin-0 rev-text-xs-normal\">Karim Harrat, 37 ans, a \u00e9t\u00e9 condamn\u00e9 jeudi \u00e0 10 ans de prison<\/p>\n<p class=\"rev-margin-0 rev-text-xs-bold\">Pillot &#8211; LP &#8211; REYJ &#8211; REY J\u00e9r\u00f4me<\/p>\n<p>Consid\u00e9r\u00e9 par le tribunal comme \u00ab\u00a0donneur d&rsquo;ordres principal d&rsquo;un \u00a0r\u00e9seau\u00a0\u00bb de stup\u00e9fiants, le Marseillais Karim Harrat, 37 ans, a \u00e9t\u00e9 condamn\u00e9 jeudi \u00e0 10 ans de prison avec une mesure de s\u00fbret\u00e9 aux deux tiers et \u00e0 une amende d\u2019un million d\u2019euros.<\/p>\n<p>Alors qu&rsquo;il contestait porter le surnom \u00ab\u00a0Rant\u00a0\u00bb, diminutif de Rantanplan, associ\u00e9 au t\u00e9l\u00e9phone\u00a0crypt\u00e9 qu&rsquo;utilisait le patron de ce vaste r\u00e9seau\u00a0pour communiquer avec ses lieutenants, le tribunal de Marseille a estim\u00e9 qu&rsquo;il \u00e9tait \u00ab\u00a0d\u00e9montr\u00e9, sans aucun doute possible, l&rsquo;attribution aux pr\u00e9venus des identifiants de la messagerie Sky ECC\u00a0\u00bb, r\u00e9put\u00e9e inviolable avant d&rsquo;\u00eatre d\u00e9crypt\u00e9e par les enqu\u00eateurs en 2021. Ce qui attestait de leur participation \u00e0 un trafic.<\/p>\n<p>Contrairement aux affirmations de ses avocats selon lesquels Karim Harrat se serait vu affubler de ce surnom par un ancien trafiquant repenti, ensuite propag\u00e9 par la presse, le pr\u00e9sident du tribunal a assur\u00e9 que \u00ab\u00a0loin de reposer sur la seule documentation polici\u00e8re ou la couverture m\u00e9diatique\u00a0\u00bb, le lien entre les surnoms de la messagerie et les pr\u00e9venus est fond\u00e9\u00a0sur \u00ab\u00a0un ensemble d&rsquo;\u00e9l\u00e9ments mat\u00e9riels pr\u00e9cis dont la conjonction et la concordance excluent tout hasard\u00a0\u00bb.<\/p>\n<p>Ainsi le t\u00e9l\u00e9phone de Rant contenait des informations sur la garde \u00e0 vue de la compagne\u00a0de Karim Harrat ou sur la reconnaissance de son fils en 2020 \u00e0 la mairie de Perpignan par un tiers se faisant passer pour lui.<\/p>\n<p>Les autres peines<\/p>\n<p>Karim Harrat, a pr\u00e9cis\u00e9 le pr\u00e9sident \u00e0 l&rsquo;\u00e9nonc\u00e9 du jugement, \u00ab\u00a0\u00e9tait le donneur d&rsquo;ordres principal\u00a0du r\u00e9seau, pilotant l&rsquo;organisation\u00a0depuis l&rsquo;\u00e9tranger, n&rsquo;h\u00e9sitant pas \u00e0 recourir aux menaces, voire \u00e0 la violence au moyen d&rsquo;interm\u00e9diaires\u00a0\u00bb.\u00a0Contr\u00f4lant plusieurs points de vente \u00e0 Marseille, il \u00e9tait \u00ab\u00a0\u00e9galement impliqu\u00e9 dans des fili\u00e8res d\u2019importation en tonnes\u00a0\u00bb.<\/p>\n<p>Des peines de\u00a0sept et huit ans d\u2019emprisonnement et des amendes de 50.000 et 100.000 euros ont \u00e9t\u00e9 prononc\u00e9es contre les deux principaux lieutenants de Karim Harrat, ayant assur\u00e9 des missions de stockage, de transport des stup\u00e9fiants ou des collectes de fonds.<\/p>\n<p>Le fournisseur ayant diffus\u00e9 la technologie Sky ECC sur la place marseillaise aupr\u00e8s de narcotrafiquants a \u00e9t\u00e9 condamn\u00e9 \u00e0 sept ans de prison et \u00e0 une amende 50.000 euros. Il avait comparu\u00a0libre mais, absent \u00e0 l&rsquo;\u00e9nonc\u00e9 du jugement, le tribunal a d\u00e9livr\u00e9 un mandat d&rsquo;arr\u00eat. Un cinqui\u00e8me pr\u00e9venu qui avait pris la fuite avant les interpellations, revendeur\u00a0grossiste \u00e0 Nice, est condamn\u00e9 \u00e0 dix ans de prison avec une mesure de s\u00fbret\u00e9 des deux tiers et 300.000 euros d&rsquo;amende.\u00a0<\/p>\n<p>Le pr\u00e9sident a soulign\u00e9 que le trafic de drogue est \u00ab\u00a0un ph\u00e9nom\u00e8ne \u00e0 l&rsquo;origine d&rsquo;innombrables atteintes aux biens et aux personnes qui fragilisent quotidiennement l\u2019Etat de droit, en particulier \u00e0 Marseille\u00a0\u00bb.<\/p>\n","protected":false},"excerpt":{"rendered":"Karim Harrat, 37 ans, a \u00e9t\u00e9 condamn\u00e9 jeudi \u00e0 10 ans de prison Pillot &#8211; LP &#8211; REYJ&hellip;\n","protected":false},"author":2,"featured_media":697835,"comment_status":"","ping_status":"","sticky":false,"template":"","format":"standard","meta":{"footnotes":""},"categories":[2814],"tags":[5734,1111,11,1764,1777,674,274,1011,27,79271,32431,761,884,12,471,806,882,79272,25],"class_list":{"0":"post-697834","1":"post","2":"type-post","3":"status-publish","4":"format-standard","5":"has-post-thumbnail","7":"category-marseille","8":"tag-5734","9":"tag-actu","10":"tag-actualites","11":"tag-ans","12":"tag-eu","13":"tag-europe","14":"tag-faits-divers-justice","15":"tag-fr","16":"tag-france","17":"tag-harrat","18":"tag-karim","19":"tag-marseillais","20":"tag-marseille","21":"tag-news","22":"tag-pour","23":"tag-prison","24":"tag-provence-alpes-cote-dazur","25":"tag-reconnu","26":"tag-republique-francaise"},"share_on_mastodon":{"url":"https:\/\/pubeurope.com\/@fr\/115979668968335442","error":""},"_links":{"self":[{"href":"https:\/\/www.europesays.com\/fr\/wp-json\/wp\/v2\/posts\/697834","targetHints":{"allow":["GET"]}}],"collection":[{"href":"https:\/\/www.europesays.com\/fr\/wp-json\/wp\/v2\/posts"}],"about":[{"href":"https:\/\/www.europesays.com\/fr\/wp-json\/wp\/v2\/types\/post"}],"author":[{"embeddable":true,"href":"https:\/\/www.europesays.com\/fr\/wp-json\/wp\/v2\/users\/2"}],"replies":[{"embeddable":true,"href":"https:\/\/www.europesays.com\/fr\/wp-json\/wp\/v2\/comments?post=697834"}],"version-history":[{"count":0,"href":"https:\/\/www.europesays.com\/fr\/wp-json\/wp\/v2\/posts\/697834\/revisions"}],"wp:featuredmedia":[{"embeddable":true,"href":"https:\/\/www.europesays.com\/fr\/wp-json\/wp\/v2\/media\/697835"}],"wp:attachment":[{"href":"https:\/\/www.europesays.com\/fr\/wp-json\/wp\/v2\/media?parent=697834"}],"wp:term":[{"taxonomy":"category","embeddable":true,"href":"https:\/\/www.europesays.com\/fr\/wp-json\/wp\/v2\/categories?post=697834"},{"taxonomy":"post_tag","embeddable":true,"href":"https:\/\/www.europesays.com\/fr\/wp-json\/wp\/v2\/tags?post=697834"}],"curies":[{"name":"wp","href":"https:\/\/api.w.org\/{rel}","templated":true}]}}