{"id":697836,"date":"2026-01-29T17:53:10","date_gmt":"2026-01-29T17:53:10","guid":{"rendered":"https:\/\/www.europesays.com\/fr\/697836\/"},"modified":"2026-01-29T17:53:10","modified_gmt":"2026-01-29T17:53:10","slug":"la-gastronomie-cet-autre-etendard-de-la-resistance-ukrainienne","status":"publish","type":"post","link":"https:\/\/www.europesays.com\/fr\/697836\/","title":{"rendered":"La gastronomie cet autre \u00e9tendard de la r\u00e9sistance ukrainienne"},"content":{"rendered":"<p>Chercheuse en culture gastronomique, r\u00e9dactrice et \u00e9ditrice culinaire, coautrice de l\u2019ouvrage <a href=\"https:\/\/www.editionsdelamartiniere.fr\/livres\/ukraine\/\" target=\"_blank\" rel=\"noopener\">Ukraine, cuisine et histoire<\/a> (\u00e9d. de la Martini\u00e8re), l\u2019Ukrainienne Olena Bra\u00eftchenko habite la capitale, Kyiv. Elle est ce week-end \u00e0 la Friche la Belle-de-Mai \u00e0 Marseille. Dans le cadre du festival Voyage en Ukraine, elle animera notamment un d\u00eener ukrainien aux Grandes tables concoct\u00e9 par trois chef(fe)s ukrainiens, Lola Landa, Nika Lozovska, Vitalii Nuzhnij. Pour La Provence, elle \u00e9voque la gastronomie de son pays en guerre, sa part de futilit\u00e9 comme d\u2019irr\u00e9ductible r\u00e9silience.<\/p>\n<p><strong>Parler gastronomie et vin d\u2019un pays en guerre depuis 4\u00a0ans, est-ce d\u00e9cal\u00e9 ou au contraire, est-il important de pr\u00e9server cet art de vivre\u00a0?<\/strong>&#13;\n<\/p>\n<p>J\u2019ai fait des \u00e9tudes d\u2019histoire, et je me souviens tr\u00e8s bien du jour o\u00f9 j\u2019ai lu le journal intime de l\u2019un des acteurs du paysage politique ukrainien pendant la Premi\u00e8re Guerre mondiale. Ses notes dataient de\u00a01917-1918. Et dans ce journal, je suis tomb\u00e9e sur le r\u00e9cit d\u2019une rencontre dans un restaurant. Je me souviens \u00e0 quel point ce d\u00e9tail m\u2019avait frapp\u00e9e. Je m\u2019\u00e9tais alors dit\u00a0: \u00ab\u00a0Est-ce vraiment possible d\u2019aller au restaurant quand la guerre fait rage\u00a0? Comment est-ce seulement&#8230;<\/p>\n","protected":false},"excerpt":{"rendered":"Chercheuse en culture gastronomique, r\u00e9dactrice et \u00e9ditrice culinaire, coautrice de l\u2019ouvrage Ukraine, cuisine et histoire (\u00e9d. de la&hellip;\n","protected":false},"author":2,"featured_media":697837,"comment_status":"","ping_status":"","sticky":false,"template":"","format":"standard","meta":{"footnotes":""},"categories":[2814],"tags":[5734,1111,11,1777,674,849,1011,27,18416,884,12,882,16,25,9855,220,586],"class_list":{"0":"post-697836","1":"post","2":"type-post","3":"status-publish","4":"format-standard","5":"has-post-thumbnail","7":"category-marseille","8":"tag-5734","9":"tag-actu","10":"tag-actualites","11":"tag-eu","12":"tag-europe","13":"tag-festival","14":"tag-fr","15":"tag-france","16":"tag-gout","17":"tag-marseille","18":"tag-news","19":"tag-provence-alpes-cote-dazur","20":"tag-region","21":"tag-republique-francaise","22":"tag-resistance","23":"tag-ukraine","24":"tag-voyage"},"share_on_mastodon":{"url":"https:\/\/pubeurope.com\/@fr\/115979669053051678","error":""},"_links":{"self":[{"href":"https:\/\/www.europesays.com\/fr\/wp-json\/wp\/v2\/posts\/697836","targetHints":{"allow":["GET"]}}],"collection":[{"href":"https:\/\/www.europesays.com\/fr\/wp-json\/wp\/v2\/posts"}],"about":[{"href":"https:\/\/www.europesays.com\/fr\/wp-json\/wp\/v2\/types\/post"}],"author":[{"embeddable":true,"href":"https:\/\/www.europesays.com\/fr\/wp-json\/wp\/v2\/users\/2"}],"replies":[{"embeddable":true,"href":"https:\/\/www.europesays.com\/fr\/wp-json\/wp\/v2\/comments?post=697836"}],"version-history":[{"count":0,"href":"https:\/\/www.europesays.com\/fr\/wp-json\/wp\/v2\/posts\/697836\/revisions"}],"wp:featuredmedia":[{"embeddable":true,"href":"https:\/\/www.europesays.com\/fr\/wp-json\/wp\/v2\/media\/697837"}],"wp:attachment":[{"href":"https:\/\/www.europesays.com\/fr\/wp-json\/wp\/v2\/media?parent=697836"}],"wp:term":[{"taxonomy":"category","embeddable":true,"href":"https:\/\/www.europesays.com\/fr\/wp-json\/wp\/v2\/categories?post=697836"},{"taxonomy":"post_tag","embeddable":true,"href":"https:\/\/www.europesays.com\/fr\/wp-json\/wp\/v2\/tags?post=697836"}],"curies":[{"name":"wp","href":"https:\/\/api.w.org\/{rel}","templated":true}]}}