{"id":697840,"date":"2026-01-29T17:56:20","date_gmt":"2026-01-29T17:56:20","guid":{"rendered":"https:\/\/www.europesays.com\/fr\/697840\/"},"modified":"2026-01-29T17:56:20","modified_gmt":"2026-01-29T17:56:20","slug":"doucet-et-bernard-unis-autour-des-projets-urbains","status":"publish","type":"post","link":"https:\/\/www.europesays.com\/fr\/697840\/","title":{"rendered":"Doucet et Bernard unis autour des projets urbains"},"content":{"rendered":"<p><a href=\"https:\/\/www.leprogres.fr\/p\/gregory-doucet\" target=\"_blank\" rel=\"noopener\">Gr\u00e9gory Doucet<\/a> et <a href=\"https:\/\/www.leprogres.fr\/p\/bruno-bernard\" target=\"_blank\" rel=\"noopener\">Bruno Bernard<\/a> n\u2019\u00e9taient pas encore apparus c\u00f4te \u00e0 c\u00f4te depuis le d\u00e9but de la campagne. Et forc\u00e9ment, cela alimentait les rumeurs de m\u00e9sentente, voire de rupture entre eux apr\u00e8s la mise \u00e0 l\u2019\u00e9cart du maire de Lyon des t\u00eates de liste \u00e9cologistes pour les \u00e9lections m\u00e9tropolitaines. Mais les deux hommes ont remis les pendules \u00e0 l\u2019heure, ce jeudi 29\u00a0janvier, \u00e0 l\u2019occasion d\u2019une conf\u00e9rence de presse commune d\u00e9di\u00e9e \u00e0 \u00ab\u00a0l\u2019am\u00e9lioration du quotidien\u00a0\u00bb des Lyonnais.<\/p>\n<p>\u00ab\u00a0Les relations entre la Ville et la M\u00e9tropole sont excellentes depuis 2020. Nous sommes en parfaite coh\u00e9rence sur les politiques que nous voulons porter pour le territoire, a assur\u00e9 le pr\u00e9sident de la M\u00e9tropole Bruno Bernard, avant de renvoyer le sujet de la discorde sur le duo qui les devance dans les sondages, <a href=\"https:\/\/www.leprogres.fr\/p\/jean-michel-aulas\" target=\"_blank\" rel=\"noopener\">Jean-Michel Aulas<\/a> et son alli\u00e9e LR <a href=\"https:\/\/www.leprogres.fr\/p\/veronique-sarselli\" target=\"_blank\" rel=\"noopener\">V\u00e9ronique Sarselli<\/a>. \u00ab\u00a0Contrairement \u00e0 nous, ils ne sont d\u2019accord sur pas grand-chose. Il y en a un qui promet des gratuit\u00e9s infinan\u00e7ables alors que l\u2019autre est contre. C\u2019est inqui\u00e9tant.\u00a0\u00bb<\/p>\n<p>Pass\u00e9e la mise au point, le duo \u00e9cologiste, \u00e9paul\u00e9 par la d\u00e9put\u00e9e PS <a href=\"https:\/\/www.leprogres.fr\/p\/sandrine-runel\" target=\"_blank\" rel=\"noopener\">Sandrine Runel<\/a> et la maire du 7 e arrondissement Fanny Dubot, a list\u00e9 une longue s\u00e9rie d\u2019am\u00e9nagements qu\u2019ils entendent mener s\u2019ils restent aux manettes six ann\u00e9es de plus. Beaucoup \u00e9taient d\u00e9j\u00e0 connus, comme <a href=\"https:\/\/www.leprogres.fr\/elections\/2025\/12\/16\/se-fera-ou-ne-se-fera-pas-le-projet-rive-droite-du-rhone-a-anime-le-dernier-conseil-de-la-metropole\" target=\"_blank\" rel=\"noopener\">le projet de la Rive droite du Rh\u00f4ne<\/a> , la r\u00e9habilitation du centre d\u2019\u00e9changes de Perrache, la cr\u00e9ation d\u2019une passerelle entre Gerland et La Mulati\u00e8re ou encore l\u2019id\u00e9e de piscine dans la darse de Confluence. Mais il y a tout de m\u00eame eu des annonces nouvelles en mati\u00e8re d\u2019urbanisme\u2026<\/p>\n<p>  420\u00a0M\u20ac pour les quartiers populaires<\/p>\n<p>Apr\u00e8s six ann\u00e9es \u00e0 \u00eatre r\u00e9guli\u00e8rement tax\u00e9 par ses opposants de n\u2019agir que pour l\u2019hypercentre, Gr\u00e9gory Doucet a notamment annonc\u00e9 vouloir faire de \u00ab\u00a0la justice territoriale\u00a0\u00bb la priorit\u00e9 du son prochain mandat. Cela s\u2019articulera autour d\u2019un grand plan en faveur des quartiers populaires de Lyon\u00a0: la Duch\u00e8re, Mermoz-Sud, \u00c9tats-Unis, Langlet-Santy, <a href=\"https:\/\/www.leprogres.fr\/p\/la-guillotiere\" target=\"_blank\" rel=\"noopener\">Guilloti\u00e8re<\/a>, la Cit\u00e9-jardin de Gerland.<\/p>\n<p>420\u00a0millions d\u2019euros d\u2019investissements (en s\u2019appuyant sur l\u2019Agence nationale pour la r\u00e9novation urbaine\u00a0; Anru) sont promis pour r\u00e9habiliter et construire des milliers de logements, mais aussi pour verdir ces quartiers. Le projet de parc de 4 hectares aux \u00c9tats-Unis, <a href=\"https:\/\/www.leprogres.fr\/societe\/2024\/10\/24\/quartier-des-etats-unis-bientot-un-parc-urbain-de-4-hectares-a-cote-de-la-place-du-marche\" target=\"_blank\" rel=\"noopener\">qui est envisag\u00e9 depuis 2024<\/a> , devrait ainsi \u00eatre concr\u00e9tis\u00e9. Susceptible d\u2019\u00eatre baptis\u00e9 Central Parc (le vrai de New-York fait 314 hectares\u00a0!), il va s\u2019ajouter aux cinq autres parcs d\u00e9j\u00e0 dans les tuyaux pour le prochain mandat\u00a0: <a href=\"https:\/\/www.leprogres.fr\/economie\/2024\/09\/23\/nouveau-parc-des-balancoires-ce-que-veulent-les-habitants\" target=\"_blank\" rel=\"noopener\">parcs des Balan\u00e7oires<\/a> , de la Confluence, de la Cit\u00e9-Jardin, des Balmes et Rive droite.<\/p>\n<p>  Embellissement des places<\/p>\n<p>Un grand plan d\u2019embellissement des places lyonnaises est \u00e9galement sur les rails. \u00ab\u00a0Dans chaque arrondissement, une ou plusieurs places vont \u00eatre r\u00e9am\u00e9nag\u00e9es, avec de l\u2019ombrage, des tables de pique-nique, des jeux pour enfants, afin qu\u2019elles deviennent des lieux o\u00f9 l\u2019on aime se retrouver, a pr\u00e9sent\u00e9 Fanny Dubot. On peut citer les places Croix Paquet, Carnot, Jean-Jaur\u00e8s\u2026\u00a0\u00bb<\/p>\n<p>Enfin, sans surprise, le duo \u00e9cologiste pr\u00e9voit de poursuivre la \u00ab\u00a0v\u00e9g\u00e9talisation massive\u00a0\u00bb de la ville\u00a0afin de lutter contre le r\u00e9chauffement climatique\u00a0: \u00ab\u00a0L\u2019ambition est que chaque rue puisse avoir \u00e0 terme de l\u2019ombre apport\u00e9e par des arbres et de la v\u00e9g\u00e9talisation basse pour rafra\u00eechir avec l\u2019\u00e9vapotranspiration.\u00a0\u00bb<\/p>\n","protected":false},"excerpt":{"rendered":"Gr\u00e9gory Doucet et Bruno Bernard n\u2019\u00e9taient pas encore apparus c\u00f4te \u00e0 c\u00f4te depuis le d\u00e9but de la campagne.&hellip;\n","protected":false},"author":2,"featured_media":697841,"comment_status":"","ping_status":"","sticky":false,"template":"","format":"standard","meta":{"footnotes":""},"categories":[1889],"tags":[1111,11,2430,4749,33,2757,36284,4188,436,1777,674,107,1011,27,3539,2428,2756,2800,12,316,25,2429],"class_list":{"0":"post-697840","1":"post","2":"type-post","3":"status-publish","4":"format-standard","5":"has-post-thumbnail","7":"category-lyon","8":"tag-actu","9":"tag-actualites","10":"tag-auvergne-rhone-alpes","11":"tag-btp-et-chantiers","12":"tag-economie","13":"tag-edition-lyon-villeurbanne","14":"tag-elections-metropolitaines","15":"tag-elections-municipales","16":"tag-environnement","17":"tag-eu","18":"tag-europe","19":"tag-fil-info","20":"tag-fr","21":"tag-france","22":"tag-les-ecologistes","23":"tag-lyon","24":"tag-lyon-bassin","25":"tag-metropole","26":"tag-news","27":"tag-politique","28":"tag-republique-francaise","29":"tag-rhone"},"share_on_mastodon":{"url":"https:\/\/pubeurope.com\/@fr\/115979680655057914","error":""},"_links":{"self":[{"href":"https:\/\/www.europesays.com\/fr\/wp-json\/wp\/v2\/posts\/697840","targetHints":{"allow":["GET"]}}],"collection":[{"href":"https:\/\/www.europesays.com\/fr\/wp-json\/wp\/v2\/posts"}],"about":[{"href":"https:\/\/www.europesays.com\/fr\/wp-json\/wp\/v2\/types\/post"}],"author":[{"embeddable":true,"href":"https:\/\/www.europesays.com\/fr\/wp-json\/wp\/v2\/users\/2"}],"replies":[{"embeddable":true,"href":"https:\/\/www.europesays.com\/fr\/wp-json\/wp\/v2\/comments?post=697840"}],"version-history":[{"count":0,"href":"https:\/\/www.europesays.com\/fr\/wp-json\/wp\/v2\/posts\/697840\/revisions"}],"wp:featuredmedia":[{"embeddable":true,"href":"https:\/\/www.europesays.com\/fr\/wp-json\/wp\/v2\/media\/697841"}],"wp:attachment":[{"href":"https:\/\/www.europesays.com\/fr\/wp-json\/wp\/v2\/media?parent=697840"}],"wp:term":[{"taxonomy":"category","embeddable":true,"href":"https:\/\/www.europesays.com\/fr\/wp-json\/wp\/v2\/categories?post=697840"},{"taxonomy":"post_tag","embeddable":true,"href":"https:\/\/www.europesays.com\/fr\/wp-json\/wp\/v2\/tags?post=697840"}],"curies":[{"name":"wp","href":"https:\/\/api.w.org\/{rel}","templated":true}]}}