{"id":697846,"date":"2026-01-29T18:00:16","date_gmt":"2026-01-29T18:00:16","guid":{"rendered":"https:\/\/www.europesays.com\/fr\/697846\/"},"modified":"2026-01-29T18:00:16","modified_gmt":"2026-01-29T18:00:16","slug":"sorties-a-paris-les-spectacles-de-theatre-a-ne-pas-manquer-ce-week-end-du-30-janvier-au-1er-fevrier-2026","status":"publish","type":"post","link":"https:\/\/www.europesays.com\/fr\/697846\/","title":{"rendered":"Sorties \u00e0 Paris : Les spectacles de th\u00e9\u00e2tre \u00e0 ne pas manquer ce week-end du 30 janvier au 1er f\u00e9vrier 2026 !"},"content":{"rendered":"<p class=\"mb-4 text-lg md:leading-8 break-words\"><strong>id\u00e9es de sorties &#8211; La sc\u00e8ne parisienne vous attend\u00a0! Du 30\u00a0janvier au 1er\u00a0f\u00e9vrier 2026, d\u00e9couvrez notre s\u00e9lection de pi\u00e8ces \u00e0 voir ce week-end pour une sortie culturelle r\u00e9ussie, sans vous ruiner.<\/strong><\/p>\n<p class=\"mb-4 text-lg md:leading-8 break-words\">Envie de vous \u00e9vader le temps d\u2019une pi\u00e8ce de th\u00e9\u00e2tre\u00a0? Ce week-end, direction les sc\u00e8nes parisiennes avec notre s\u00e9lection de sorties \u00e0 prix r\u00e9duits. Gr\u00e2ce \u00e0 <a href=\"https:\/\/www.ticketnunc.com\/?utm_source=20_minutes&amp;utm_medium=articles&amp;utm_campaign=article_20_minutes&amp;at_medium=RSS%20feed&amp;at_campaign=ynews&amp;utm_source=yahoo&amp;utm_medium=rss&amp;utm_campaign=news_feed&amp;utm_content=in_article_link\" rel=\"nofollow noopener\" target=\"_blank\" data-ylk=\"slk:TicketNunc;elm:context_link;itc:0;sec:content-canvas\" class=\"link \">TicketNunc<\/a>, profitez d\u2019offres de derni\u00e8re minute, disponibles entre 24 et 72 heures avant la repr\u00e9sentation.<\/p>\n<p class=\"mb-4 text-lg md:leading-8 break-words\">Ne manquez pas l\u2019occasion de d\u00e9couvrir Paris autrement, entre \u00e9motions, rires et belles d\u00e9couvertes artistiques. Voici notre s\u00e9lection de pi\u00e8ces \u00e0 ne pas manquer ce week-end, du 30\u00a0janvier au 1er\u00a0f\u00e9vrier 2026\u00a0:<\/p>\n<p>ON NE SE MENTIRA JAMAIS<img alt=\"[object Object]\" loading=\"lazy\" width=\"500\" height=\"787\" decoding=\"async\" data-nimg=\"1\" class=\"rounded-lg\" style=\"color:transparent\" src=\"https:\/\/www.europesays.com\/fr\/wp-content\/uploads\/2026\/01\/5d2e8cf06487e146f4fc36cbd132dbcf.jpeg\"\/><\/p>\n<p>[object Object]<\/p>\n<p class=\"mb-4 text-lg md:leading-8 break-words\">Serge et Marianne sont heureux. Mari\u00e9s depuis plusieurs ann\u00e9es, ils ont gard\u00e9 complicit\u00e9 et tendresse. Pourtant un accrochage automobile sans gravit\u00e9 va modifier le cours de leur existence. Ce petit grain de sable va enrayer l\u2019harmonie du couple et installer le doute. La suspicion est un poison lent et subtil aux effets d\u00e9vastateurs\u2026<\/p>\n<ul class=\"mb-4\">\n<li class=\"ml-4 list-disc\">\n<p class=\"mb-4 text-lg md:leading-8 break-words\">Th\u00e9\u00e2tre de Paris, 15 RUE BLANCHE, 75009 PARIS<\/p>\n<\/li>\n<\/ul>\n<p><a href=\"https:\/\/www.ticketnunc.com\/spectacles\/on-ne-se-mentira-jamais?utm_source=20_minutes&amp;utm_medium=articles&amp;utm_campaign=article_20_minutes\" rel=\"nofollow noopener\" target=\"_blank\" data-ylk=\"slk:Voir la pi\u00e8ce;elm:context_link;itc:0;sec:content-canvas\" class=\"link \">Voir la pi\u00e8ce<\/a>Nos lendemains<img alt=\"[object Object]\" loading=\"lazy\" width=\"500\" height=\"707\" decoding=\"async\" data-nimg=\"1\" class=\"rounded-lg\" style=\"color:transparent\" src=\"https:\/\/www.europesays.com\/fr\/wp-content\/uploads\/2026\/01\/1f7ecb36f8164271078ec54118c9430e.jpeg\"\/><\/p>\n<p>[object Object]<\/p>\n<p class=\"mb-4 text-lg md:leading-8 break-words\">1969\u00a0: le 1er homme marche sur la lune. Christian et Annie ont 15 ans et des r\u00eaves plein la t\u00eate. Lui veut piloter une navette spatiale et elle d\u00e9couvrir Woodstock. 1974, 1981, 1989, 2002, 2013\u2026 La fin du XX\u00e8me et le d\u00e9but du XXI\u00e8me si\u00e8cle s\u2019accompagnent d\u2019\u00e9v\u00e9nements marquants dont ils seront les t\u00e9moins privil\u00e9gi\u00e9s. Ins\u00e9parables, irr\u00e9conciliables, solidaires, engag\u00e9s ou inquiets, avec humour ou avec gravit\u00e9\u2026 la petite histoire de \u00a0\u00bb Tianou \u00a0\u00bb et \u00a0\u00bb Nini \u00a0\u00bb va s\u2019\u00e9crire en parall\u00e8le des grandes \u00e9volutions de l\u2019Histoire.<\/p>\n<ul class=\"mb-4\">\n<li class=\"ml-4 list-disc\">\n<p class=\"mb-4 text-lg md:leading-8 break-words\">Th\u00e9\u00e2tre Le Bout, 6 rue Frochot, 75009 Paris<\/p>\n<\/li>\n<\/ul>\n<p><a href=\"https:\/\/www.ticketnunc.com\/spectacles\/nos-lendemains?utm_source=20_minutes&amp;utm_medium=articles&amp;utm_campaign=article_20_minutes\" rel=\"nofollow noopener\" target=\"_blank\" data-ylk=\"slk:Voir la pi\u00e8ce;elm:context_link;itc:0;sec:content-canvas\" class=\"link \">Voir la pi\u00e8ce<\/a>Soir\u00e9e des astres<img alt=\"[object Object]\" loading=\"lazy\" width=\"500\" height=\"707\" decoding=\"async\" data-nimg=\"1\" class=\"rounded-lg\" style=\"color:transparent\" src=\"https:\/\/www.europesays.com\/fr\/wp-content\/uploads\/2026\/01\/064100512d0ae4c5311a552580df2fbc.jpeg\"\/><\/p>\n<p>[object Object]<\/p>\n<p class=\"mb-4 text-lg md:leading-8 break-words\">Le specta(&#8230;)<\/p>\n<p class=\"mb-4 text-lg md:leading-8 break-words\"><a href=\"https:\/\/www.20minutes.fr\/arts-stars\/loisirs\/4198666-20260129-sorties-paris-spectacles-theatre-manquer-week-end-30-janvier-1er-fevrier-2026?at_medium=RSS%20feed&amp;at_campaign=ynews&amp;utm_source=yahoo&amp;utm_medium=rss&amp;utm_campaign=news_feed&amp;utm_content=read_more_link&quot;\" rel=\"nofollow noopener\" target=\"_blank\" data-ylk=\"slk:Lire la suite sur 20minutes;elm:context_link;itc:0;sec:content-canvas\" class=\"link \">Lire la suite sur 20minutes<\/a><\/p>\n<p>\u00c0 lire aussi :<br \/><a href=\"https:\/\/www.20minutes.fr\/monde\/4109170-20240909-cinema-james-earl-jones-voix-dark-vador-roi-lion-mort-age-93-ans?at_medium=RSS%20feed&amp;at_campaign=ynews&amp;utm_source=yahoo&amp;utm_medium=rss&amp;utm_campaign=news_feed&amp;utm_content=related_content_link\" rel=\"nofollow noopener\" target=\"_blank\" data-ylk=\"slk:Cin\u00e9ma\u00a0: James Earl Jones, la voix de Dark Vador et du Roi Lion est mort \u00e0 l\u2019\u00e2ge de 93 ans;elm:context_link;itc:0;sec:content-canvas\" class=\"link \">Cin\u00e9ma\u00a0: James Earl Jones, la voix de Dark Vador et du Roi Lion est mort \u00e0 l\u2019\u00e2ge de 93 ans<\/a><br \/><a href=\"https:\/\/www.20minutes.fr\/loisirs\/4049117-20230816-apres-accident-europa-park-inquiet-idee-aller-parc-attractions?at_medium=RSS%20feed&amp;at_campaign=ynews&amp;utm_source=yahoo&amp;utm_medium=rss&amp;utm_campaign=news_feed&amp;utm_content=related_content_link\" rel=\"nofollow noopener\" target=\"_blank\" data-ylk=\"slk:Apr\u00e8s l\u2019accident \u00e0 Europa-Park, \u00eates-vous inquiet \u00e0 l\u2019id\u00e9e d\u2019aller dans un parc d\u2019attractions\u00a0?;elm:context_link;itc:0;sec:content-canvas\" class=\"link \">Apr\u00e8s l\u2019accident \u00e0 Europa-Park, \u00eates-vous inquiet \u00e0 l\u2019id\u00e9e d\u2019aller dans un parc d\u2019attractions\u00a0?<\/a><\/p>\n","protected":false},"excerpt":{"rendered":"id\u00e9es de sorties &#8211; La sc\u00e8ne parisienne vous attend\u00a0! Du 30\u00a0janvier au 1er\u00a0f\u00e9vrier 2026, d\u00e9couvrez notre s\u00e9lection de&hellip;\n","protected":false},"author":2,"featured_media":697847,"comment_status":"","ping_status":"","sticky":false,"template":"","format":"standard","meta":{"footnotes":""},"categories":[1888],"tags":[1111,1928,11,1927,1777,674,54175,1011,27,26316,25104,12,1926,626,1925,30016,25,79273,79274],"class_list":{"0":"post-697846","1":"post","2":"type-post","3":"status-publish","4":"format-standard","5":"has-post-thumbnail","7":"category-paris","8":"tag-actu","9":"tag-actu-paris","10":"tag-actualites","11":"tag-actualites-paris","12":"tag-eu","13":"tag-europe","14":"tag-fevrier","15":"tag-fr","16":"tag-france","17":"tag-idees-de-sorties","18":"tag-janvier","19":"tag-news","20":"tag-news-paris","21":"tag-paris","22":"tag-paris-news","23":"tag-piece-de-theatre","24":"tag-republique-francaise","25":"tag-theatre-de-paris","26":"tag-theatre-le-bout"},"share_on_mastodon":{"url":"https:\/\/pubeurope.com\/@fr\/115979696625834121","error":""},"_links":{"self":[{"href":"https:\/\/www.europesays.com\/fr\/wp-json\/wp\/v2\/posts\/697846","targetHints":{"allow":["GET"]}}],"collection":[{"href":"https:\/\/www.europesays.com\/fr\/wp-json\/wp\/v2\/posts"}],"about":[{"href":"https:\/\/www.europesays.com\/fr\/wp-json\/wp\/v2\/types\/post"}],"author":[{"embeddable":true,"href":"https:\/\/www.europesays.com\/fr\/wp-json\/wp\/v2\/users\/2"}],"replies":[{"embeddable":true,"href":"https:\/\/www.europesays.com\/fr\/wp-json\/wp\/v2\/comments?post=697846"}],"version-history":[{"count":0,"href":"https:\/\/www.europesays.com\/fr\/wp-json\/wp\/v2\/posts\/697846\/revisions"}],"wp:featuredmedia":[{"embeddable":true,"href":"https:\/\/www.europesays.com\/fr\/wp-json\/wp\/v2\/media\/697847"}],"wp:attachment":[{"href":"https:\/\/www.europesays.com\/fr\/wp-json\/wp\/v2\/media?parent=697846"}],"wp:term":[{"taxonomy":"category","embeddable":true,"href":"https:\/\/www.europesays.com\/fr\/wp-json\/wp\/v2\/categories?post=697846"},{"taxonomy":"post_tag","embeddable":true,"href":"https:\/\/www.europesays.com\/fr\/wp-json\/wp\/v2\/tags?post=697846"}],"curies":[{"name":"wp","href":"https:\/\/api.w.org\/{rel}","templated":true}]}}