{"id":697850,"date":"2026-01-29T18:02:10","date_gmt":"2026-01-29T18:02:10","guid":{"rendered":"https:\/\/www.europesays.com\/fr\/697850\/"},"modified":"2026-01-29T18:02:10","modified_gmt":"2026-01-29T18:02:10","slug":"un-chauffeur-vtc-dans-la-tourmente","status":"publish","type":"post","link":"https:\/\/www.europesays.com\/fr\/697850\/","title":{"rendered":"un chauffeur VTC dans la tourmente"},"content":{"rendered":"<p>                    Par<br \/>\n        <strong><br \/>\n            <a href=\"https:\/\/actu.fr\/auteur\/antoine-blanchet\" title=\"Consulter tous les articles de Antoine Blanchet\" target=\"_blank\" rel=\"noopener\">Antoine Blanchet<\/a><br \/>\n                    <\/strong><\/p>\n<p>        Publi\u00e9 le<\/p>\n<p>            29 janv. 2026 \u00e0 18h42        <\/p>\n<p>La photo ne sera pas diffus\u00e9e dans la salle d\u2019audience du tribunal ce jeudi 29 janvier 2026, mais elle vaut mille mots. Un couple de sexag\u00e9naires ligot\u00e9 dans son propre salon. Tout est sans dessus dessous. Les mains sont attach\u00e9es avec du Serflex. Les bouches sont b\u00e2illonn\u00e9es. Les yeux \u00e9carquill\u00e9s de terreur. L\u2019image a \u00e9t\u00e9 captur\u00e9e par une amie des deux victimes, venue par hasard alors que le couple venait de subir un <a href=\"https:\/\/actu.fr\/tag\/home-jacking\" target=\"_blank\" rel=\"noopener\">home-jacking<\/a> dans leur appartement \u00e0 <a href=\"https:\/\/actu.fr\/paris\/\" target=\"_blank\" rel=\"noopener\">Paris<\/a>.\u00a0<\/p>\n<p>\u00ab\u00a0On va te couper les doigts\u00a0\u00bb<\/p>\n<p class=\" wall-content\">L\u2019instant fig\u00e9 est l\u2019aboutissement de dizaines de minutes de violence. Le 24 janvier 2025, peu avant 10 heures, on frappe \u00e0 la porte du couple, dont le logement est situ\u00e9 porte d\u2019Asni\u00e8res dans le 17e arrondissement. La femme ouvre. Un jeune homme en livreur tient un colis. L\u2019illusion ne dure que quelques instants. Deux autres individus encagoul\u00e9s surgissent. Ils saisissent la sexag\u00e9naire \u00e0 la gorge. Son mari est menac\u00e9 avec un couteau. \u00ab\u00a0On va te couper les doigts\u00a0\u00bb, lui lance un des intrus. Ils veulent des<strong> montres Rolex<\/strong> qu\u2019il n\u2019a pas. Finalement, le trio repart avec de l\u2019argent liquide, une montre et des bijoux apr\u00e8s avoir fouill\u00e9 tout l\u2019appartement. Pr\u00e9judice financier : <strong>25 000 euros<\/strong>. Pr\u00e9judice psychologique : hypervigilance constante et <a href=\"https:\/\/actu.fr\/societe\/la-depression-une-des-maladies-les-plus-repandues-en-france-comment-arreter-les-antidepresseurs_63565072.html\" target=\"_blank\" rel=\"noopener\">\u00e9tat d\u00e9pressif<\/a>.\u00a0<\/p>\n<p class=\" wall-content\">Tr\u00e8s vite, les enqu\u00eateurs du premier district de police judiciaire sont mobilis\u00e9s pour retrouver les saucisonneurs. On exploite les cam\u00e9ras et la t\u00e9l\u00e9phonie. La piste permet de retracer le parcours des voleurs. Partis de <a href=\"https:\/\/actu.fr\/ile-de-france\/chevilly-larue_94021\" target=\"_blank\" rel=\"noopener\">Chevilly-Larue<\/a> dans le <a href=\"https:\/\/actu.fr\/ile-de-france\/val-de-marne_94\" target=\"_blank\" rel=\"noopener\">Val-de-Marne<\/a>, ils y retournent apr\u00e8s les faits\u2026 pour d\u00e9guster une galette des rois en toute l\u00e9g\u00e8ret\u00e9. Quelques semaines plus tard, deux d\u2019entre eux sont interpell\u00e9s. Ils n\u2019ont pas 18 ans.<\/p>\n<p class=\" wall-content\">\u00c0 la mi-janvier, ils ont \u00e9t\u00e9 condamn\u00e9s par le <a href=\"https:\/\/actu.fr\/tag\/tribunal-de-creteil\" target=\"_blank\" rel=\"noopener\">tribunal pour enfants de Cr\u00e9teil<\/a> \u00e0 <strong>12 mois de prison avec sursis.\u00a0<\/strong>\u00c0 cette audience, pas de motif clair, si ce n\u2019est qu\u2019ils auraient \u00e9t\u00e9 mandat\u00e9s par un commanditaire inconnu.\u00a0<\/p>\n<p>\u00ab\u00a0On m\u2019a contact\u00e9 sur les r\u00e9seaux sociaux\u00a0\u00bb<\/p>\n<p class=\" wall-content\">Entre les voleurs et leurs victimes, il y a Assan M.. Le jeune homme de 22 ans est tout seul dans le box de la 23e chambre du tribunal de Paris. C\u2019est lui qui a emmen\u00e9 et ramen\u00e9 le trio sur le lieu du home-jacking. Interpell\u00e9, il est d\u00e9j\u00e0 en d\u00e9tention provisoire dans une affaire de prox\u00e9n\u00e9tisme sur mineur. Il reconna\u00eet avoir pris le volant, mais sans savoir pour quelles raisons. \u00ab\u00a0Je me suis inscrit \u00e0 France Travail et j\u2019ai lou\u00e9 une voiture pour faire du VTC sur Bolt. C\u2019est l\u00e0 qu\u2019on m\u2019a contact\u00e9 sur les r\u00e9seaux sociaux pour que je fasse la course\u00a0\u00bb, palabre-t-il.\u00a0<\/p>\n<p class=\" wall-content\">Il parle aussi vite que sa voiture partie en trombe de l\u2019immeuble visit\u00e9. Ses mots s\u2019emm\u00ealent et se contredisent. De quoi faire bouillir la pr\u00e9sidente.<\/p>\n<p class=\" wall-content\">\u00ab\u00a0Vous vous moquez de qui ?\u00a0\u00bb, tacle-t-elle.\u00a0<\/p>\n<p>Votre r\u00e9gion, votre actu !<\/p>\n<p>Recevez chaque jour les infos qui comptent pour vous.<\/p>\n<p>\t<a href=\"https:\/\/actu.fr\/newsletter\" class=\"ac-btn ac-btn--corner ac-btn--medium ac-btn--blue800\" target=\"_blank\" rel=\"noopener\">S&rsquo;incrire<\/a><\/p>\n<p class=\" wall-content\">Elle ressort la dur\u00e9e totale du trajet qui pose question. Le pr\u00e9venu a pass\u00e9 plus de quatre heures avec le trio pour un paiement de 150 euros. Il affirme avoir simplement attendu qu\u2019on lui remette le prix de la course. \u00ab\u00a0Vous \u00eates tr\u00e8s comp\u00e9titif\u00a0\u00bb, raille la magistrate.\u00a0<\/p>\n<p>\u00ab\u00a0J\u2019ai \u00e9t\u00e9 abus\u00e9\u00a0\u00bb<\/p>\n<p class=\" wall-content\">Durant tout son interrogatoire devant les juges, Assan M. maintient ne pas avoir compris qu\u2019il s\u2019agissait d\u2019un home-jacking. \u00ab\u00a0Ils sont redescendus avec un caddie de course\u00a0\u00bb, se rem\u00e9more-t-il.\u00a0<\/p>\n<p class=\" wall-content\">\u00ab\u00a0Vous d\u00e9posez trois personnes devant une adresse. Ils redescendent cinq minutes apr\u00e8s avec un sac et vous ne vous dites rien ?\u00a0\u00bb, tente la pr\u00e9sidente.\u00a0<\/p>\n<p class=\" wall-content\">\u00ab\u00a0Dans le feu de l\u2019action, je ne me suis pas pos\u00e9 de question\u00a0\u00bb, r\u00e9pond l\u2019int\u00e9ress\u00e9.\u00a0<\/p>\n<p class=\" wall-content\">\u00ab\u00a0Il y a une victime pr\u00e9sente dans la salle. Vous n\u2019avez pas l\u2019impression de vous cacher derri\u00e8re votre petit doigt ?\u00a0\u00bb, le charge la procureure.\u00a0<\/p>\n<p class=\" wall-content\">\u00ab\u00a0J\u2019ai \u00e9t\u00e9 abus\u00e9\u00a0\u00bb\u00a0<\/p>\n<p>\u00ab\u00a0Il n\u2019y a pas de certitudes. Il n\u2019y a que des doutes\u00a0\u00bb<\/p>\n<p class=\" wall-content\">\u00c0 la fin de cet interrogatoire n\u00e9buleux, impossible de savoir si Assan M. avait connaissance des projets de ses passagers. Un \u00e9l\u00e9ment essentiel, car s\u2019il n\u2019\u00e9tait pas au courant de l\u2019infraction qu\u2019il a aid\u00e9 \u00e0 commettre, il ne peut \u00eatre condamn\u00e9 pour complicit\u00e9. C\u00f4t\u00e9 parquet, on a la certitude qu\u2019il ne pouvait pas l\u2019ignorer. \u00ab\u00a0Ce jour-l\u00e0, sa course n\u2019est pas d\u00e9clar\u00e9e, alors que toutes les autres le sont. On a des mineurs qui arrivent \u00e9quip\u00e9s. Sa position aujourd\u2019hui, elle a \u00e9t\u00e9 d\u2019une particuli\u00e8re l\u00e2chet\u00e9\u00a0\u00bb, fustige la magistrate. Elle demande <strong>quatre ans de prison<\/strong>, dont une ann\u00e9e avec sursis et un maintien en d\u00e9tention, ainsi que 5 000 euros d\u2019amende.\u00a0<\/p>\n<p class=\" wall-content\">Si le pr\u00e9venu n\u2019a pas brill\u00e9 par son \u00e9loquence, son avocate oui. Avec fougue, <strong>Me Alexandra Dufour vocif\u00e8re<\/strong>, argumente et d\u00e9montre pour obtenir la relaxe de son client. \u00ab\u00a0Que ce soit avant, pendant ou apr\u00e8s les faits, aucun des trois mineurs n\u2019a eu de contact t\u00e9l\u00e9phonique avec lui !\u00a0\u00bb, d\u00e9clare la p\u00e9naliste en brandissant les exploitations de bornage r\u00e9alis\u00e9es lors de l\u2019enqu\u00eate. La vid\u00e9osurveillance est aussi sollicit\u00e9e pour disculper : \u00ab\u00a0Pendant le home-jacking, on le voit faire un tour en voiture avant de revenir. Vous \u00eates un mauvais d\u00e9linquant monsieur, mais aussi un mauvais guetteur\u00a0\u00bb, lance l\u2019avocate en frappant la barre, les yeux fix\u00e9s sur le jeune pr\u00e9venu. \u00ab\u00a0Il n\u2019y a pas de certitudes. Il n\u2019y a que des doutes dans ce dossier\u00a0\u00bb, affirme-t-elle dans sa p\u00e9roraison.\u00a0<\/p>\n<p class=\" wall-content\">Le d\u00e9lib\u00e9r\u00e9 est attendu dans la soir\u00e9e.\u00a0<\/p>\n<p class=\" wall-content\">Personnalisez votre actualit\u00e9 en ajoutant vos villes et m\u00e9dias en favori avec <a href=\"https:\/\/moncompte.actu.fr\" title=\"D\u00e9couvez Mon Actu\" rel=\"nofollow noopener\" data-trk=\"{&quot;cta&quot;:{&quot;action&quot;:&quot;https:\\\/\\\/moncompte.actu.fr&quot;,&quot;category&quot;:&quot;mon compte&quot;,&quot;from&quot;:&quot;article footer&quot;,&quot;name&quot;:&quot;Mon actu&quot;,&quot;type&quot;:&quot;cta&quot;}}\" target=\"_blank\">Mon Actu<\/a>.<\/p>\n","protected":false},"excerpt":{"rendered":"Par Antoine Blanchet Publi\u00e9 le 29 janv. 2026 \u00e0 18h42 La photo ne sera pas diffus\u00e9e dans la&hellip;\n","protected":false},"author":2,"featured_media":697851,"comment_status":"","ping_status":"","sticky":false,"template":"","format":"standard","meta":{"footnotes":""},"categories":[1888],"tags":[11,1777,674,118,1011,27,9816,303,12,626,2694,25],"class_list":{"0":"post-697850","1":"post","2":"type-post","3":"status-publish","4":"format-standard","5":"has-post-thumbnail","7":"category-paris","8":"tag-actualites","9":"tag-eu","10":"tag-europe","11":"tag-faits-divers","12":"tag-fr","13":"tag-france","14":"tag-home-jacking","15":"tag-justice","16":"tag-news","17":"tag-paris","18":"tag-proces","19":"tag-republique-francaise"},"share_on_mastodon":{"url":"https:\/\/pubeurope.com\/@fr\/115979704271568281","error":""},"_links":{"self":[{"href":"https:\/\/www.europesays.com\/fr\/wp-json\/wp\/v2\/posts\/697850","targetHints":{"allow":["GET"]}}],"collection":[{"href":"https:\/\/www.europesays.com\/fr\/wp-json\/wp\/v2\/posts"}],"about":[{"href":"https:\/\/www.europesays.com\/fr\/wp-json\/wp\/v2\/types\/post"}],"author":[{"embeddable":true,"href":"https:\/\/www.europesays.com\/fr\/wp-json\/wp\/v2\/users\/2"}],"replies":[{"embeddable":true,"href":"https:\/\/www.europesays.com\/fr\/wp-json\/wp\/v2\/comments?post=697850"}],"version-history":[{"count":0,"href":"https:\/\/www.europesays.com\/fr\/wp-json\/wp\/v2\/posts\/697850\/revisions"}],"wp:featuredmedia":[{"embeddable":true,"href":"https:\/\/www.europesays.com\/fr\/wp-json\/wp\/v2\/media\/697851"}],"wp:attachment":[{"href":"https:\/\/www.europesays.com\/fr\/wp-json\/wp\/v2\/media?parent=697850"}],"wp:term":[{"taxonomy":"category","embeddable":true,"href":"https:\/\/www.europesays.com\/fr\/wp-json\/wp\/v2\/categories?post=697850"},{"taxonomy":"post_tag","embeddable":true,"href":"https:\/\/www.europesays.com\/fr\/wp-json\/wp\/v2\/tags?post=697850"}],"curies":[{"name":"wp","href":"https:\/\/api.w.org\/{rel}","templated":true}]}}