{"id":697852,"date":"2026-01-29T18:03:16","date_gmt":"2026-01-29T18:03:16","guid":{"rendered":"https:\/\/www.europesays.com\/fr\/697852\/"},"modified":"2026-01-29T18:03:16","modified_gmt":"2026-01-29T18:03:16","slug":"trump-affirme-que-poutine-a-promis-darreter-les-frappes-sur-kiev-pendant-une-semaine","status":"publish","type":"post","link":"https:\/\/www.europesays.com\/fr\/697852\/","title":{"rendered":"Trump affirme que Poutine a promis d&rsquo;arr\u00eater les frappes sur Kiev pendant une semaine"},"content":{"rendered":"<p class=\"sc-5f9c147f-13 fOVTSK\">Les n\u00e9gociations visant \u00e0 faire cesser pr\u00e8s de quatre ans de combats en Ukraine ont \u00abbeaucoup progress\u00e9\u00bb et il ne reste plus qu\u2019un point \u00e0 r\u00e9gler, a d\u00e9clar\u00e9 jeudi l\u2019\u00e9missaire am\u00e9ricain Steve Witkoff avant un d\u00e9placement \u00e0 Moscou.<\/p>\n<p><img loading=\"lazy\" decoding=\"async\" src=\"https:\/\/www.europesays.com\/fr\/wp-content\/uploads\/2026\/01\/1769709796_781_0df77564-70b5-4f7e-bacf-506c4cb2032c.avif.jpeg\" alt=\"Steve Witkoff a indiqu\u00e9 qu\u2019il se rendrait jeudi \u00e0 Moscou avec le gendre de Donald Trump, Jared Kushner.\" title=\"Steve Witkoff a indiqu\u00e9 qu\u2019il se rendrait jeudi \u00e0 Moscou avec le gendre de Donald Trump, Jared Kushner.\"  width=\"1024\" height=\"683\"\/>Steve Witkoff a indiqu\u00e9 qu\u2019il se rendrait jeudi \u00e0 Moscou avec le gendre de Donald Trump, Jared Kushner.AFP<\/p>\n<p class=\"sc-5f9c147f-13 fOVTSK\">\u00abJe pense qu\u2019il ne reste qu\u2019un point \u00e0 r\u00e9gler, nous avons discut\u00e9 plusieurs versions de ce point, et cela signifie qu\u2019il peut \u00eatre r\u00e9solu. Ainsi, si les deux parties veulent le r\u00e9soudre, nous allons le r\u00e9soudre\u00bb, a d\u00e9clar\u00e9 M. Witkoff, sans donner davantage de pr\u00e9cision, lors d\u2019un \u00e9v\u00e9nement organis\u00e9 par l\u2019Ukraine en marge du Forum \u00e9conomique de Davos.<\/p>\n<p class=\"sc-5f9c147f-13 fOVTSK\">Steve Witkoff a indiqu\u00e9 qu\u2019il se rendrait jeudi \u00e0 Moscou avec le gendre de Donald Trump, Jared Kushner, pour y rencontrer le pr\u00e9sident russe Vladimir Poutine, alors que les pourparlers indirects entre Kiev et Moscou se poursuivent pour trouver une issue diplomatique \u00e0 la guerre en Ukraine.<\/p>\n<p class=\"sc-5f9c147f-13 fOVTSK\">M. Witkoff avait affirm\u00e9 la veille \u00e0 l\u2019agence Bloomberg que la partie russe avait sollicit\u00e9 cette nouvelle rencontre.<\/p>\n<p class=\"sc-5f9c147f-13 fOVTSK\">Les n\u00e9gociateurs am\u00e9ricains se rendront ensuite \u00e0 Abou Dhabi, aux \u00c9mirats arabes unis, o\u00f9 les discussions se poursuivront en groupes de travail \u00abmilitaires \u00e0 militaires\u00bb, a pr\u00e9cis\u00e9 l\u2019\u00e9missaire am\u00e9ricain jeudi. Donald Trump doit en outre s\u2019entretenir avec le pr\u00e9sident ukrainien Volodymyr Zelensky jeudi \u00e0 Davos.<\/p>\n","protected":false},"excerpt":{"rendered":"Les n\u00e9gociations visant \u00e0 faire cesser pr\u00e8s de quatre ans de combats en Ukraine ont \u00abbeaucoup progress\u00e9\u00bb et&hellip;\n","protected":false},"author":2,"featured_media":697853,"comment_status":"","ping_status":"","sticky":false,"template":"","format":"standard","meta":{"footnotes":""},"categories":[1591],"tags":[11,1887,12,1885,1886,132],"class_list":{"0":"post-697852","1":"post","2":"type-post","3":"status-publish","4":"format-standard","5":"has-post-thumbnail","7":"category-russie","8":"tag-actualites","9":"tag-federation-de-russie","10":"tag-news","11":"tag-russia","12":"tag-russian-federation","13":"tag-russie"},"share_on_mastodon":{"url":"https:\/\/pubeurope.com\/@fr\/115979708280863321","error":""},"_links":{"self":[{"href":"https:\/\/www.europesays.com\/fr\/wp-json\/wp\/v2\/posts\/697852","targetHints":{"allow":["GET"]}}],"collection":[{"href":"https:\/\/www.europesays.com\/fr\/wp-json\/wp\/v2\/posts"}],"about":[{"href":"https:\/\/www.europesays.com\/fr\/wp-json\/wp\/v2\/types\/post"}],"author":[{"embeddable":true,"href":"https:\/\/www.europesays.com\/fr\/wp-json\/wp\/v2\/users\/2"}],"replies":[{"embeddable":true,"href":"https:\/\/www.europesays.com\/fr\/wp-json\/wp\/v2\/comments?post=697852"}],"version-history":[{"count":0,"href":"https:\/\/www.europesays.com\/fr\/wp-json\/wp\/v2\/posts\/697852\/revisions"}],"wp:featuredmedia":[{"embeddable":true,"href":"https:\/\/www.europesays.com\/fr\/wp-json\/wp\/v2\/media\/697853"}],"wp:attachment":[{"href":"https:\/\/www.europesays.com\/fr\/wp-json\/wp\/v2\/media?parent=697852"}],"wp:term":[{"taxonomy":"category","embeddable":true,"href":"https:\/\/www.europesays.com\/fr\/wp-json\/wp\/v2\/categories?post=697852"},{"taxonomy":"post_tag","embeddable":true,"href":"https:\/\/www.europesays.com\/fr\/wp-json\/wp\/v2\/tags?post=697852"}],"curies":[{"name":"wp","href":"https:\/\/api.w.org\/{rel}","templated":true}]}}