{"id":697854,"date":"2026-01-29T18:04:14","date_gmt":"2026-01-29T18:04:14","guid":{"rendered":"https:\/\/www.europesays.com\/fr\/697854\/"},"modified":"2026-01-29T18:04:14","modified_gmt":"2026-01-29T18:04:14","slug":"trump-assure-que-poutine-lui-a-promis-de-ne-pas-frapper-kiev-pendant-une-semaine","status":"publish","type":"post","link":"https:\/\/www.europesays.com\/fr\/697854\/","title":{"rendered":"Trump assure que Poutine lui a promis de ne pas frapper Kiev \u00abpendant une semaine\u00bb"},"content":{"rendered":"<p>\n    Le pr\u00e9sident am\u00e9ricain a d\u00e9clar\u00e9 pendant un conseil des ministres \u00e0 la Maison Blanche avoir fait cette demande en raison du froid \u00abexceptionnel\u00bb en Ukraine.<\/p>\n<p class=\"fig-paragraph\">Donald Trump a dit jeudi avoir demand\u00e9 \u00abpersonnellement\u00bb \u00e0\u00a0<a href=\"https:\/\/video.lefigaro.fr\/figaro\/international\/donald-trump-fait-accrocher-une-photo-de-lui-avec-vladimir-poutine-dans-la-maison-blanche-20260129\" data-fig-type=\"Video\" data-gtm-custom-categorie=\"navigation\" data-gtm-custom-action=\"crossclick\" data-gtm-custom-label=\"Contextuel\" data-gtm-event=\"customEventSPE\" data-fig-domain=\"LEFIGARO\" target=\"_blank\" rel=\"noopener\">Vladimir Poutine<\/a>\u00a0de cesser les frappes sur Kiev et d&rsquo;autres villes ukrainiennes \u00abpendant une semaine\u00bb, assurant que le pr\u00e9sident russe \u00abavait accept\u00e9 de le faire\u00bb.<\/p>\n<p class=\"fig-paragraph\">Le pr\u00e9sident am\u00e9ricain a d\u00e9clar\u00e9 pendant un conseil des ministres \u00e0 la Maison Blanche avoir fait cette demande en raison du\u00a0<a href=\"http:\/\/www.lefigaro.fr\/international\/poutine-utilise-le-froid-comme-une-arme-berlin-qualifie-de-crimes-de-guerre-les-frappes-russes-visant-des-cibles-civiles-en-ukraine-20260121\" data-fig-type=\"NewsFlash\" data-gtm-custom-categorie=\"navigation\" data-gtm-custom-action=\"crossclick\" data-gtm-custom-label=\"Contextuel\" data-gtm-event=\"customEventSPE\" data-fig-domain=\"LEFIGARO\" target=\"_blank\" rel=\"noopener\">froid \u00abexceptionnel\u00bb en Ukraine.\u00a0<\/a>Les temp\u00e9ratures en Ukraine vont descendre dans les prochains jours jusqu\u2019\u00e0 -30\u00b0C, a averti jeudi l\u2019agence m\u00e9t\u00e9orologique, alors que le pays est confront\u00e9 \u00e0 des coupures d\u2019\u00e9lectricit\u00e9 et de chauffage d\u2019ampleur \u00e0 cause des frappes russes.<\/p>\n<p>                                            <a class=\"fig-a11y-skip\" href=\"#fig-a11y-skip-main-inarticle\" data-module=\"a11y-skip\" data-context=\"was @visible\"><br \/>\n    Passer la publicit\u00e9<br \/>\n<\/a>            <\/p>\n<p class=\"fig-paragraph\">Kiev a \u00e9t\u00e9 par moments priv\u00e9e pour moiti\u00e9 de lumi\u00e8re et de chauffage, tandis que les grandes villes de Kharkiv (nord-est), Odessa (sud) et Dnipro (centre) ont aussi \u00e9t\u00e9 touch\u00e9es.<\/p>\n<p class=\"fig-paragraph\">Au moins six personnes ont \u00e9t\u00e9 tu\u00e9es jeudi dans une s\u00e9rie de frappes russes dans le sud et le centre de l\u2019Ukraine, ont annonc\u00e9 les autorit\u00e9s locales, alors que de nouveaux pourparlers diplomatiques entre Moscou, Kiev et Washington sont attendus dimanche.<\/p>\n","protected":false},"excerpt":{"rendered":"Le pr\u00e9sident am\u00e9ricain a d\u00e9clar\u00e9 pendant un conseil des ministres \u00e0 la Maison Blanche avoir fait cette demande&hellip;\n","protected":false},"author":2,"featured_media":697855,"comment_status":"","ping_status":"","sticky":false,"template":"","format":"standard","meta":{"footnotes":""},"categories":[1590],"tags":[11,75,1777,674,78,12,132,220],"class_list":{"0":"post-697854","1":"post","2":"type-post","3":"status-publish","4":"format-standard","5":"has-post-thumbnail","7":"category-ukraine","8":"tag-actualites","9":"tag-donald-trump","10":"tag-eu","11":"tag-europe","12":"tag-maison-blanche","13":"tag-news","14":"tag-russie","15":"tag-ukraine"},"share_on_mastodon":{"url":"https:\/\/pubeurope.com\/@fr\/115979712125839845","error":""},"_links":{"self":[{"href":"https:\/\/www.europesays.com\/fr\/wp-json\/wp\/v2\/posts\/697854","targetHints":{"allow":["GET"]}}],"collection":[{"href":"https:\/\/www.europesays.com\/fr\/wp-json\/wp\/v2\/posts"}],"about":[{"href":"https:\/\/www.europesays.com\/fr\/wp-json\/wp\/v2\/types\/post"}],"author":[{"embeddable":true,"href":"https:\/\/www.europesays.com\/fr\/wp-json\/wp\/v2\/users\/2"}],"replies":[{"embeddable":true,"href":"https:\/\/www.europesays.com\/fr\/wp-json\/wp\/v2\/comments?post=697854"}],"version-history":[{"count":0,"href":"https:\/\/www.europesays.com\/fr\/wp-json\/wp\/v2\/posts\/697854\/revisions"}],"wp:featuredmedia":[{"embeddable":true,"href":"https:\/\/www.europesays.com\/fr\/wp-json\/wp\/v2\/media\/697855"}],"wp:attachment":[{"href":"https:\/\/www.europesays.com\/fr\/wp-json\/wp\/v2\/media?parent=697854"}],"wp:term":[{"taxonomy":"category","embeddable":true,"href":"https:\/\/www.europesays.com\/fr\/wp-json\/wp\/v2\/categories?post=697854"},{"taxonomy":"post_tag","embeddable":true,"href":"https:\/\/www.europesays.com\/fr\/wp-json\/wp\/v2\/tags?post=697854"}],"curies":[{"name":"wp","href":"https:\/\/api.w.org\/{rel}","templated":true}]}}