{"id":697856,"date":"2026-01-29T18:05:13","date_gmt":"2026-01-29T18:05:13","guid":{"rendered":"https:\/\/www.europesays.com\/fr\/697856\/"},"modified":"2026-01-29T18:05:13","modified_gmt":"2026-01-29T18:05:13","slug":"en-direct-le-talk-donald-trump-est-il-en-train-de-tuer-lidee-americaine-leurope-a-t-elle-tant-besoin-des-etats-unis-venez-poser-vos-questions-en-direct","status":"publish","type":"post","link":"https:\/\/www.europesays.com\/fr\/697856\/","title":{"rendered":"EN DIRECT. Le Talk &#8211; Donald Trump est-il en train de tuer l\u2019id\u00e9e am\u00e9ricaine ? L\u2019Europe a-t-elle tant besoin des Etats-Unis ? Venez poser vos questions en direct !"},"content":{"rendered":"<p>    Publi\u00e9 le 29\/01\/2026 16:59<\/p>\n<p>      Mis \u00e0 jour le 29\/01\/2026 16:59<\/p>\n<p>        Temps de lecture : 1min<\/p>\n<p>\n  Dans le Talk de franceinfo du jeudi 29 janvier, l\u2019id\u00e9e am\u00e9ricaine malmen\u00e9e par Donald Trump et la d\u00e9pendance r\u00e9elle ou suppos\u00e9e de l\u2019Union europ\u00e9enne aux Etats-Unis.\n<\/p>\n<p>C&rsquo;est maintenant dans le\u00a0<a href=\"https:\/\/www.twitch.tv\/franceinfo\" target=\"_blank\" rel=\"noopener\" data-tooltip-url=\"https:\/\/www.twitch.tv\/franceinfo\">Talk de franceinfo sur Twitch(Nouvelle fen\u00eatre)<\/a>\u00a0! Au programme, de 17h \u00e0 19h, deux questions : Donald Trump est-il en train de tuer l\u2019id\u00e9e am\u00e9ricaine ? L\u2019Europe a-t-elle tant besoin des Etats-Unis ?<\/p>\n<p>Elles en appellent d&rsquo;autres : Est-ce que cette d\u00e9pendance aux \u00c9tats-Unis est une r\u00e9alit\u00e9 incontournable\u2026 ou une habitude strat\u00e9gique dont l\u2019Union europ\u00e9enne n\u2019a jamais vraiment cherch\u00e9 \u00e0 sortir ? Est-ce que l\u2019UE est une puissance en devenir, ou une grande zone de stabilit\u00e9 qui fonctionne tant que le parapluie am\u00e9ricain est ouvert ? La donne a chang\u00e9, l\u2019Union semble s\u2019\u00eatre r\u00e9veill\u00e9e : a-t-elle les moyens, et l\u2019\u00e9lan n\u00e9cessaire, pour servir ses ambitions ?<\/p>\n<p>Avec, autour de Ludovic Pauchant, pour r\u00e9pondre aux questions du tchat et d\u00e9battre :\u00a0<\/p>\n<ul>\n<li><strong>Corinne Mellul<\/strong>, enseignante en politique \u00e9trang\u00e8re des Etats\u2013Unis \u00e0 Science Po<\/li>\n<li><strong>Michael Finnegan<\/strong>, journaliste franco-am\u00e9ricain ancien grand reporter au Los AngelesTimes<\/li>\n<li><strong>Pascale Joannin<\/strong>, directrice g\u00e9n\u00e9rale de la Fondation Robert Schuman<\/li>\n<li><strong>Michel Derdevet <\/strong>: pr\u00e9sident de Confrontation Europe et pr\u00e9sident de la Maison de l\u2019Europe, maitre conf\u00e9rence \u00e0 Science Po Paris<\/li>\n<\/ul>\n<p>Rejoignez-nous d\u00e8s 17 heures tous les jeudis sur\u00a0<a href=\"https:\/\/www.twitch.tv\/franceinfo\" target=\"_blank\" rel=\"noopener\" data-tooltip-url=\"https:\/\/www.twitch.tv\/franceinfo\">la cha\u00eene Twitch de franceinfo(Nouvelle fen\u00eatre)<\/a>\u00a0pour participer au Talk de franceinfo. Deux heures d&rsquo;\u00e9changes, d&rsquo;\u00e9clairages, de d\u00e9bats autour de sujets d&rsquo;actualit\u00e9 et de soci\u00e9t\u00e9.<\/p>\n","protected":false},"excerpt":{"rendered":"Publi\u00e9 le 29\/01\/2026 16:59 Mis \u00e0 jour le 29\/01\/2026 16:59 Temps de lecture : 1min Dans le Talk&hellip;\n","protected":false},"author":2,"featured_media":697857,"comment_status":"","ping_status":"","sticky":false,"template":"","format":"standard","meta":{"footnotes":""},"categories":[1589],"tags":[11,73,1866,12,1864,1865,1863,308],"class_list":{"0":"post-697856","1":"post","2":"type-post","3":"status-publish","4":"format-standard","5":"has-post-thumbnail","7":"category-etats-unis","8":"tag-actualites","9":"tag-etats-unis","10":"tag-etats-unis-damerique","11":"tag-news","12":"tag-united-states","13":"tag-united-states-of-america","14":"tag-us","15":"tag-usa"},"share_on_mastodon":{"url":"https:\/\/pubeurope.com\/@fr\/115979716138678210","error":""},"_links":{"self":[{"href":"https:\/\/www.europesays.com\/fr\/wp-json\/wp\/v2\/posts\/697856","targetHints":{"allow":["GET"]}}],"collection":[{"href":"https:\/\/www.europesays.com\/fr\/wp-json\/wp\/v2\/posts"}],"about":[{"href":"https:\/\/www.europesays.com\/fr\/wp-json\/wp\/v2\/types\/post"}],"author":[{"embeddable":true,"href":"https:\/\/www.europesays.com\/fr\/wp-json\/wp\/v2\/users\/2"}],"replies":[{"embeddable":true,"href":"https:\/\/www.europesays.com\/fr\/wp-json\/wp\/v2\/comments?post=697856"}],"version-history":[{"count":0,"href":"https:\/\/www.europesays.com\/fr\/wp-json\/wp\/v2\/posts\/697856\/revisions"}],"wp:featuredmedia":[{"embeddable":true,"href":"https:\/\/www.europesays.com\/fr\/wp-json\/wp\/v2\/media\/697857"}],"wp:attachment":[{"href":"https:\/\/www.europesays.com\/fr\/wp-json\/wp\/v2\/media?parent=697856"}],"wp:term":[{"taxonomy":"category","embeddable":true,"href":"https:\/\/www.europesays.com\/fr\/wp-json\/wp\/v2\/categories?post=697856"},{"taxonomy":"post_tag","embeddable":true,"href":"https:\/\/www.europesays.com\/fr\/wp-json\/wp\/v2\/tags?post=697856"}],"curies":[{"name":"wp","href":"https:\/\/api.w.org\/{rel}","templated":true}]}}