{"id":697872,"date":"2026-01-29T18:17:15","date_gmt":"2026-01-29T18:17:15","guid":{"rendered":"https:\/\/www.europesays.com\/fr\/697872\/"},"modified":"2026-01-29T18:17:15","modified_gmt":"2026-01-29T18:17:15","slug":"decryptage-mais-pourquoi-carlos-alcaraz-change-t-il-encore-son-service-lequipe","status":"publish","type":"post","link":"https:\/\/www.europesays.com\/fr\/697872\/","title":{"rendered":"D\u00e9cryptage : mais pourquoi Carlos Alcaraz change-t-il encore son service ? &#8211; L&#039;\u00c9quipe"},"content":{"rendered":"<ol>\n<li><a href=\"https:\/\/news.google.com\/rss\/articles\/CBMitwFBVV95cUxNLWtxbUdsbkdkNDQ4RUdYR2xrY3VmdUZMNmJqZW1fUXdJWmNSdlJUbHRlWXMtUlE5R3pEMHFuWUR3N09GWW5PaVNwcVZIUXpMeTZQb0JPUmh0bjE0QkdUd1pXNnVRVjUyMjc5RXczT3Q1c09iV2g5ak01VUhELXR6RlhycDR1S2Rod3JuZ0Z6RXJ1bXBvQ29Help2cHg2SEUxUzBNLTJhd2d3eVZ4X29MV0s3Y3FhRGc?oc=5\" target=\"_blank\" rel=\"noopener\">D\u00e9cryptage : mais pourquoi Carlos Alcaraz change-t-il encore son service ?<\/a>&nbsp;&nbsp;L&rsquo;\u00c9quipe<\/li>\n<li><a href=\"https:\/\/news.google.com\/rss\/articles\/CBMi8AFBVV95cUxPdzA2d3daNFpQa3Z6LU8wWnZWR09uRkJ3NEhZWFdMT3ZQWUo0S1p4RXFUUFZ2M2lUdnhlaVpIUndabFp2Tml0NUQzWFJqWFZuT0VDdGd5WWU4WkNpUm5MN0Rydm93Qnc4N0NsVkRxX2VTZWN6U2t0cHhidkk4dngwTXVRY0VGMEkzd1EtWVRsczA3LVBUYlozOUJpNm5zN1lwR0c2MlZGMlVJaFRyMkpoM0VMdGhrLW1CaEwwTGJMZTU4bmxlVzFDTFBaekZCSVByTUwzcENhZURITUhtcjRxVVZlUEU1UlY2em5SaF9YSkk?oc=5\" target=\"_blank\" rel=\"noopener\">Open d\u2019Australie : Chambr\u00e9 par Djokovic \u00e0 propos de son service, Alcaraz r\u00e9pond avec humour au Serbe<\/a>&nbsp;&nbsp;Le Figaro<\/li>\n<li><a href=\"https:\/\/news.google.com\/rss\/articles\/CBMijAJBVV95cUxOVDlOSmNHcUxoVGlSanJmbTBYZzlaNDhxX1Y3UVM5RTc3XzJ6VThCeE1fMzAxYlNSaUlVYnFkWXZoVVh0WFdhLW1nMF8yTEt3UExUbjZEOVRLeWpfRUNHU0k3MWtLdDFDQ055NVVPeElGb2lIOGVJbE5zWVB4cHVTWmpwZm5PUmh6cmRVc3ZiWlVpc1pnVlRNU3dsbmlMb3dKUnFNTXFmU2xSV29VZGZBWkZHNWJFZUVXSWh5SWs2R2I1cGsxV3c2X0ZEa1J1NlNHVGRkSzFkOTRHR3B3eFU3VzJzTFY5RGczTFRjM3BWaU8yWFRFRGdBOVd0aC1rNV9KYWhZT2xLNEZ5Mm5W?oc=5\" target=\"_blank\" rel=\"noopener\">Open d\u2019Australie : \u00ab J\u2019ai un contrat dans mon sac \u00bb, Carlos Alcaraz file en quart et r\u00e9pond \u00e0 la provocation de Novak Djokovic<\/a>&nbsp;&nbsp;MSN<\/li>\n<li><a href=\"https:\/\/news.google.com\/rss\/articles\/CBMinAJBVV95cUxNNHBRZWs3TFJMZ2l5SEZnSTNBc3pMaENPcDJFRFJKZFZTN09WWTl4T2FpWnRibDZ5VmlvZW93TnJJMUFFRVJ4dHA3OTVBU2hLZUFIWjB0Z2Y5LVlWTDU3YXBGZ3pCZEljTkVPSkY4ek9YQ204eEJ5ajBoS0ZEOFhuaExYMDc0RHhtX1hIN3cxeDRMUjlnSGZVa2FGNUYyM0x2Y040b09DOThzRk9FUDhxZlB1ZXFiNFlLSEMxUEI4OXFrTHN3cWpjdzl6Zl93VzJrNWJsc0FYcnNscnN3di1ZNDRrUm1IUHd4TTRpZGdIRE1sVnpncFJ5RkRRTE5TOTRPbTNyOUZCbzJsdjlsejRtVFJ3Y3RHM0lPMlVJbA?oc=5\" target=\"_blank\" rel=\"noopener\">Carlos Alcaraz : \u00ab Novak Djokovic m\u2019a envoy\u00e9 un message l\u2019autre jour pour me dire que je lui devais de l\u2019argent. J\u2019ai un contrat dans mon sac\u2026 \u00bb<\/a>&nbsp;&nbsp;MSN<\/li>\n<li><a href=\"https:\/\/news.google.com\/rss\/articles\/CBMioAFBVV95cUxOWXE3M053VVpfdGhNOTlpMU00MWo1LTBNVHNLb0I4cUg2eVg5dlZ1NTVTdUhsVUFjRk11U0dIZFZrcHIwcThYd3VYSEMyS25VV2RGTDVqZzVRU3lQN0VObzBPOHBWY0w4MU1sbDBHTnBoTmZjWVRwaEpJMEZqWkxDZ041cDRselhHWFQ3eUdsZ0xkdFp4MmoyRWxHLXZqWGh2?oc=5\" target=\"_blank\" rel=\"noopener\">Mets-le en Simple : Le Mantra d\u2019Alcaraz pour Son Nouveau Service<\/a>&nbsp;&nbsp;LesNews<\/li>\n<\/ol>\n","protected":false},"excerpt":{"rendered":"D\u00e9cryptage : mais pourquoi Carlos Alcaraz change-t-il encore son service ?&nbsp;&nbsp;L&rsquo;\u00c9quipe Open d\u2019Australie : Chambr\u00e9 par Djokovic \u00e0&hellip;\n","protected":false},"author":2,"featured_media":697873,"comment_status":"","ping_status":"","sticky":false,"template":"","format":"standard","meta":{"footnotes":""},"categories":[1415],"tags":[1011,27,60,1467],"class_list":{"0":"post-697872","1":"post","2":"type-post","3":"status-publish","4":"format-standard","5":"has-post-thumbnail","7":"category-tennis","8":"tag-fr","9":"tag-france","10":"tag-sports","11":"tag-tennis"},"share_on_mastodon":{"url":"https:\/\/pubeurope.com\/@fr\/115979763229075827","error":""},"_links":{"self":[{"href":"https:\/\/www.europesays.com\/fr\/wp-json\/wp\/v2\/posts\/697872","targetHints":{"allow":["GET"]}}],"collection":[{"href":"https:\/\/www.europesays.com\/fr\/wp-json\/wp\/v2\/posts"}],"about":[{"href":"https:\/\/www.europesays.com\/fr\/wp-json\/wp\/v2\/types\/post"}],"author":[{"embeddable":true,"href":"https:\/\/www.europesays.com\/fr\/wp-json\/wp\/v2\/users\/2"}],"replies":[{"embeddable":true,"href":"https:\/\/www.europesays.com\/fr\/wp-json\/wp\/v2\/comments?post=697872"}],"version-history":[{"count":0,"href":"https:\/\/www.europesays.com\/fr\/wp-json\/wp\/v2\/posts\/697872\/revisions"}],"wp:featuredmedia":[{"embeddable":true,"href":"https:\/\/www.europesays.com\/fr\/wp-json\/wp\/v2\/media\/697873"}],"wp:attachment":[{"href":"https:\/\/www.europesays.com\/fr\/wp-json\/wp\/v2\/media?parent=697872"}],"wp:term":[{"taxonomy":"category","embeddable":true,"href":"https:\/\/www.europesays.com\/fr\/wp-json\/wp\/v2\/categories?post=697872"},{"taxonomy":"post_tag","embeddable":true,"href":"https:\/\/www.europesays.com\/fr\/wp-json\/wp\/v2\/tags?post=697872"}],"curies":[{"name":"wp","href":"https:\/\/api.w.org\/{rel}","templated":true}]}}