{"id":697877,"date":"2026-01-29T18:23:39","date_gmt":"2026-01-29T18:23:39","guid":{"rendered":"https:\/\/www.europesays.com\/fr\/697877\/"},"modified":"2026-01-29T18:23:39","modified_gmt":"2026-01-29T18:23:39","slug":"je-prefere-mecarter-de-ce-monsieur-lucien-jean-baptiste-revele-pourquoi-il-ne-veut-plus-jamais-etre-la-voix-francaise-de-will-smith","status":"publish","type":"post","link":"https:\/\/www.europesays.com\/fr\/697877\/","title":{"rendered":"\u00ab\u00a0Je pr\u00e9f\u00e8re m&rsquo;\u00e9carter de ce monsieur\u00a0\u00bb : Lucien Jean-Baptiste r\u00e9v\u00e8le pourquoi il ne veut plus jamais \u00eatre la voix fran\u00e7aise de Will Smith"},"content":{"rendered":"<p>                <img loading=\"lazy\" decoding=\"async\" src=\"https:\/\/www.europesays.com\/fr\/wp-content\/uploads\/2025\/12\/f9515e7b429eaaa8-35x35-1.jpg\" class=\"author-article-picture\" width=\"35\" height=\"35\"\/><\/p>\n<p>                    Par<\/p>\n<p>                                            Fanny Petoin<\/p>\n<p>                    |<\/p>\n<p>                                            Journaliste<\/p>\n<p>\n                Dans un monde id\u00e9al, Fanny aurait d\u00e9j\u00e0 remport\u00e9 deux saison de \u00ab\u00a0Koh-Lanta\u00a0\u00bb mais le destin en a decid\u00e9 autrement. N\u00e9e dans les ann\u00e9es 80, elle milite pour le retour de \u00ab\u00a0Qui est Qui\u00a0\u00bb, de \u00ab\u00a0L&rsquo;or \u00e0 l&rsquo;appel\u00a0\u00bb mais aussi pour la disparition des t\u00e9l\u00e9films de No\u00ebl (surtout quand ils sont diffus\u00e9s d\u00e8s le mois d&rsquo;octobre).\n            <\/p>\n<p>\n    L&rsquo;acteur fran\u00e7ais a doubl\u00e9 Will Smith \u00e0 plusieurs reprises entre 1996 et 2019. Mais un \u00e9v\u00e8nement survenu en 2022 l&rsquo;a depuis convaincu de ne plus le faire.\n<\/p>\n<p>                                                        <img decoding=\"async\" class=\"player-thumbnail\" src=\"https:\/\/www.europesays.com\/fr\/wp-content\/uploads\/2026\/01\/29253e191fe99f66-580x326-1.jpg\" width=\"580\" height=\"326\" loading=\"lazy\"\/><\/p>\n<p>                            Lucien Jean-Baptiste sur le plateau de T\u00e9l\u00e9matin le 27 janvier 2026. \u00a9 France 2, Capture d&rsquo;\u00e9cran France 2<\/p>\n<p>La suite apr\u00e8s la publicit\u00e9<\/p>\n<p>C&rsquo;est un acteur tr\u00e8s appr\u00e9ci\u00e9 mais aussi un com\u00e9dien de doublage tr\u00e8s demand\u00e9 et reconnu par ses pairs. Le com\u00e9dien <a href=\"https:\/\/www.ozap.com\/actu\/audiences-joseph-avec-lucien-jean-baptiste-a-t-elle-fait-mieux-que-mademoiselle-holmes-avec-lola-dewaere-et-panda-avec-julien-dore-sur-tf1\/649285\" target=\"_blank\" rel=\"noopener\">Lucien Jean-Baptiste<\/a> \u00e9tait mardi 27 janvier l&rsquo;invit\u00e9 de la matinale de France 2<a href=\"https:\/\/www.ozap.com\/actu\/audiences-3-mois-apres-la-rentree-quel-bilan-pour-les-versions-rallongees-de-bonjour-sur-tf1-et-telematin-sur-france-2\/652666\" target=\"_blank\" rel=\"noopener\"> \u00ab\u00a0T\u00e9l\u00e9matin\u00a0\u00bb<\/a> pour \u00e9voquer la sortie du film d&rsquo;animation \u00ab\u00a0Les l\u00e9gendaires\u00a0\u00bb. Un long-m\u00e9trage destin\u00e9 aux enfants \u00e0 partir de 6 ans, dans lequel le r\u00e9alisateur de \u00ab\u00a0La premi\u00e8re \u00e9toile\u00a0\u00bb pr\u00eate sa voix au personnage du Roi. Un exercice qu&rsquo;il conna\u00eet bien, lui qui pratique le doublage depuis de nombreuses ann\u00e9es, pour des dessins-anim\u00e9s, mais pas uniquement.\u00a0<\/p>\n<p>D\u00e9\u00e7u par Will Smith, Lucien Jean-Baptiste refuse d\u00e9sormais de le doubler<\/p>\n<p>Lucien Jean-Baptiste est en effet la voix fran\u00e7aise de nombreux acteurs am\u00e9ricains : Chris Rock (qu&rsquo;il a doubl\u00e9 dans 14 films), Martin Lawrence (12 films), Don Cheadle (10 films) ou encore <a href=\"https:\/\/www.ozap.com\/personnalite\/will-smith_e614\" target=\"_blank\" rel=\"noopener\">Will Smith<\/a>. L&rsquo;acteur lui a pr\u00eat\u00e9 sa voix \u00e0 7 reprises, notamment dans les immenses succ\u00e8s \u00ab\u00a0Independance Day\u00a0\u00bb (1996), \u00ab\u00a0Wild Wild West\u00a0\u00bb (1999) ou \u00ab\u00a0Je suis une l\u00e9gende\u00a0\u00bb (2007). Son dernier doublage de l&rsquo;acteur et musicien am\u00e9ricain remonte \u00e0 2019, avec le film \u00ab\u00a0Gemini Man\u00a0\u00bb. \u00ab\u00a0Je ne ferai plus [de films pour doubler WIll Smith], a confirm\u00e9 Lucien Jean-Baptiste ce 27 janvier dans T\u00e9l\u00e9matin. On ne met pas des baffes !\u00a0\u00bb Une r\u00e9f\u00e9rence \u00e0 <a href=\"https:\/\/www.ozap.com\/actu\/-pas-de-betises-ce-soir-aux-oscars-jimmy-kimmel-multiplie-les-blagues-autour-de-la-gifle-de-will-smith-a-chris-rock\/629138\" target=\"_blank\" rel=\"noopener\">la claque mise par Will Smith \u00e0 Chris Rock <\/a>en pleine c\u00e9r\u00e9monie des Oscars, en 2022. \u00ab\u00a0Se lever et aller gifler quelqu&rsquo;un comme \u00e7a&#8230; Vous savez, quand vous \u00eates un symbole comme peut l&rsquo;\u00eatre Will Smith, qu&rsquo;il y a des jeunes qui vous regardent, donner un exemple de violence comme \u00e7a pour moi c&rsquo;est pas possible. M\u00eame si il a eu des r\u00f4les formidables etc, je pr\u00e9f\u00e8re m&rsquo;\u00e9carter de ce monsieur.\u00a0\u00bb<\/p>\n<p>Ce n&rsquo;est pas la premi\u00e8re fois que le com\u00e9dien de 61 ans \u00e9voque le comportement de Will Smith lors de la 94\u00e8me c\u00e9r\u00e9monie des Oscars. \u00ab\u00a0C\u2019est path\u00e9tique de faire \u00e7a. Will Smith est un symbole et autant de violence montr\u00e9e au grand public&#8230; Pourquoi toute cette violence ? J&rsquo;ai trouv\u00e9 \u00e7a vraiment regrettable\u00a0\u00bb, avait expliqu\u00e9 en mars dernier sur le plateau de C \u00e0 vous l&rsquo;acteur, qui estimait que Will Smith avait eu ce jour l\u00e0 \u00ab\u00a0un comportement d&rsquo;abruti\u00a0\u00bb. \u00ab\u00a0Je veux garder ma voix pour des gens qui le m\u00e9ritent entre guillemets.\u00a0\u00bb Et il n&rsquo;y aura visiblement pas de retour en arri\u00e8re.<\/p>\n<p>        <img decoding=\"async\" class=\"thumb-img-100 thumb-img\" src=\"https:\/\/www.europesays.com\/fr\/wp-content\/uploads\/2026\/01\/05bc276f0333440c-320x180-1.jpg\" alt=\"&quot;C'est path\u00e9tique de faire \u00e7a&quot; : Lucien Jean-Baptiste (&quot;Joseph&quot;) fustige le &quot;comportement d'abruti&quot; de Will Smith aux Oscars 2022 et annonce qu'il ne le &quot;doublera plus jamais&quot;\" width=\"320\" height=\"180\" loading=\"lazy\" role=\"presentation\"\/><\/p>\n<p>                                            \u00ab\u00a0C&rsquo;est path\u00e9tique de faire \u00e7a\u00a0\u00bb : Lucien Jean-Baptiste (\u00ab\u00a0Joseph\u00a0\u00bb) fustige le \u00ab\u00a0comportement d&rsquo;abruti\u00a0\u00bb de Will Smith aux Oscars 2022 et annonce qu&rsquo;il ne le \u00ab\u00a0doublera plus jamais\u00a0\u00bb<\/p>\n<p>        <img decoding=\"async\" class=\"thumb-img-100 thumb-img\" src=\"https:\/\/www.europesays.com\/fr\/wp-content\/uploads\/2026\/01\/4679834-le-discours-d-ouverture-de-jimmy-kimmel-320x180-1.jpg\" alt=\"&quot;Pas de b\u00eatises ce soir&quot; : Aux Oscars, Jimmy Kimmel multiplie les blagues autour de la gifle de Will Smith \u00e0 Chris Rock\" width=\"320\" height=\"180\" loading=\"lazy\" role=\"presentation\"\/><\/p>\n<p>                                            \u00ab\u00a0Pas de b\u00eatises ce soir\u00a0\u00bb : Aux Oscars, Jimmy Kimmel multiplie les blagues autour de la gifle de Will Smith \u00e0 Chris Rock<\/p>\n<p>        <img decoding=\"async\" class=\"thumb-img-100 thumb-img\" src=\"https:\/\/www.europesays.com\/fr\/wp-content\/uploads\/2026\/01\/4679327-didier-allouch-et-laurent-weil-victimes-320x180-8.jpg\" alt=\"&quot;Bien s\u00fbr que \u00e7a a fait mal&quot; : Chris Rock revient sur la gifle de Will Smith aux Oscars 2022\" width=\"320\" height=\"180\" loading=\"lazy\" role=\"presentation\"\/><\/p>\n<p>                                            \u00ab\u00a0Bien s\u00fbr que \u00e7a a fait mal\u00a0\u00bb : Chris Rock revient sur la gifle de Will Smith aux Oscars 2022<\/p>\n","protected":false},"excerpt":{"rendered":"Par Fanny Petoin | Journaliste Dans un monde id\u00e9al, Fanny aurait d\u00e9j\u00e0 remport\u00e9 deux saison de \u00ab\u00a0Koh-Lanta\u00a0\u00bb mais&hellip;\n","protected":false},"author":2,"featured_media":697878,"comment_status":"","ping_status":"","sticky":false,"template":"","format":"standard","meta":{"footnotes":""},"categories":[1359],"tags":[58,59,1011,27,973],"class_list":{"0":"post-697877","1":"post","2":"type-post","3":"status-publish","4":"format-standard","5":"has-post-thumbnail","7":"category-people","8":"tag-divertissement","9":"tag-entertainment","10":"tag-fr","11":"tag-france","12":"tag-people"},"share_on_mastodon":{"url":"https:\/\/pubeurope.com\/@fr\/115979787113178897","error":""},"_links":{"self":[{"href":"https:\/\/www.europesays.com\/fr\/wp-json\/wp\/v2\/posts\/697877","targetHints":{"allow":["GET"]}}],"collection":[{"href":"https:\/\/www.europesays.com\/fr\/wp-json\/wp\/v2\/posts"}],"about":[{"href":"https:\/\/www.europesays.com\/fr\/wp-json\/wp\/v2\/types\/post"}],"author":[{"embeddable":true,"href":"https:\/\/www.europesays.com\/fr\/wp-json\/wp\/v2\/users\/2"}],"replies":[{"embeddable":true,"href":"https:\/\/www.europesays.com\/fr\/wp-json\/wp\/v2\/comments?post=697877"}],"version-history":[{"count":0,"href":"https:\/\/www.europesays.com\/fr\/wp-json\/wp\/v2\/posts\/697877\/revisions"}],"wp:featuredmedia":[{"embeddable":true,"href":"https:\/\/www.europesays.com\/fr\/wp-json\/wp\/v2\/media\/697878"}],"wp:attachment":[{"href":"https:\/\/www.europesays.com\/fr\/wp-json\/wp\/v2\/media?parent=697877"}],"wp:term":[{"taxonomy":"category","embeddable":true,"href":"https:\/\/www.europesays.com\/fr\/wp-json\/wp\/v2\/categories?post=697877"},{"taxonomy":"post_tag","embeddable":true,"href":"https:\/\/www.europesays.com\/fr\/wp-json\/wp\/v2\/tags?post=697877"}],"curies":[{"name":"wp","href":"https:\/\/api.w.org\/{rel}","templated":true}]}}