{"id":697879,"date":"2026-01-29T18:24:20","date_gmt":"2026-01-29T18:24:20","guid":{"rendered":"https:\/\/www.europesays.com\/fr\/697879\/"},"modified":"2026-01-29T18:24:20","modified_gmt":"2026-01-29T18:24:20","slug":"ardeche-des-tableaux-vendus-aux-encheres-silencieuses","status":"publish","type":"post","link":"https:\/\/www.europesays.com\/fr\/697879\/","title":{"rendered":"Ard\u00e8che. Des tableaux vendus aux ench\u00e8res&#8230;\u00a0silencieuses"},"content":{"rendered":"<p>C\u2019est une premi\u00e8re dans la r\u00e9gion. Samedi 31\u00a0janvier, \u00e0 17 heures, sera d\u00e9sign\u00e9 le ou la gagnante du tableau de la vente aux ench\u00e8res silencieuses, qui ont commenc\u00e9 en ce mois de janvier, \u00e0 la cantine solidaire et culturelle Le Mix, \u00e0 Vernoux-en-Vivarais (Ard\u00e8che).<\/p>\n<p>Silencieuses\u00a0? Parce que, contrairement aux ventes aux ench\u00e8res \u201cclassiques\u201d, les acqu\u00e9reurs potentiels n&rsquo;annoncent pas leur prix \u00e0 voix haute et en direct, mais en\u00a0remplissant un bulletin, en indiquant le ou les num\u00e9ros des tableaux qui les int\u00e9ressent et le prix d\u2019ench\u00e8res, et cela \u00e9tant possible pendant plusieurs jours.<\/p>\n<p>  Les peintures de Mich\u00e8le Tumelaire<\/p>\n<p>Sur les murs du Mix, se d\u00e9ploie une exposition de peintures de Mich\u00e8le Tumelaire, aujourd\u2019hui d\u00e9c\u00e9d\u00e9e. Avant sa disparition, elle avait demand\u00e9 \u00e0 sa s\u0153ur de donner ses \u0153uvres pour qu\u2019elles continuent \u00e0 vivre chez ceux qui y seront sensibles. L\u2019\u00e9quipe du tiers lieu a d\u00e9cid\u00e9 d\u2019effectuer une vente aux ench\u00e8res.\u00a0<\/p>\n<p>Le ou la gagnante remportera l\u2019\u0153uvre, le samedi 31\u00a0janvier, \u00e0 17 heures.<\/p>\n<p class=\"note\">Horaires du Mix\u00a0: du vendredi au lundi, de 11 \u00e0 18\u00a0h.<\/p>\n","protected":false},"excerpt":{"rendered":"C\u2019est une premi\u00e8re dans la r\u00e9gion. Samedi 31\u00a0janvier, \u00e0 17 heures, sera d\u00e9sign\u00e9 le ou la gagnante du&hellip;\n","protected":false},"author":2,"featured_media":697880,"comment_status":"","ping_status":"","sticky":false,"template":"","format":"standard","meta":{"footnotes":""},"categories":[1358],"tags":[4646,1348,1384,1385,4406,12002,1386,58,3827,59,1011,27,1757,45988,104,45396],"class_list":{"0":"post-697879","1":"post","2":"type-post","3":"status-publish","4":"format-standard","5":"has-post-thumbnail","7":"category-arts-et-design","8":"tag-ardeche","9":"tag-arts","10":"tag-arts-and-design","11":"tag-arts-et-design","12":"tag-commerce-et-services","13":"tag-de-lay-au-doux","14":"tag-design","15":"tag-divertissement","16":"tag-edition-annonay-nord-ardeche","17":"tag-entertainment","18":"tag-fr","19":"tag-france","20":"tag-insolite","21":"tag-selection-de-la-redaction-07","22":"tag-societe","23":"tag-vernoux-en-vivarais"},"share_on_mastodon":{"url":"https:\/\/pubeurope.com\/@fr\/115979790757012676","error":""},"_links":{"self":[{"href":"https:\/\/www.europesays.com\/fr\/wp-json\/wp\/v2\/posts\/697879","targetHints":{"allow":["GET"]}}],"collection":[{"href":"https:\/\/www.europesays.com\/fr\/wp-json\/wp\/v2\/posts"}],"about":[{"href":"https:\/\/www.europesays.com\/fr\/wp-json\/wp\/v2\/types\/post"}],"author":[{"embeddable":true,"href":"https:\/\/www.europesays.com\/fr\/wp-json\/wp\/v2\/users\/2"}],"replies":[{"embeddable":true,"href":"https:\/\/www.europesays.com\/fr\/wp-json\/wp\/v2\/comments?post=697879"}],"version-history":[{"count":0,"href":"https:\/\/www.europesays.com\/fr\/wp-json\/wp\/v2\/posts\/697879\/revisions"}],"wp:featuredmedia":[{"embeddable":true,"href":"https:\/\/www.europesays.com\/fr\/wp-json\/wp\/v2\/media\/697880"}],"wp:attachment":[{"href":"https:\/\/www.europesays.com\/fr\/wp-json\/wp\/v2\/media?parent=697879"}],"wp:term":[{"taxonomy":"category","embeddable":true,"href":"https:\/\/www.europesays.com\/fr\/wp-json\/wp\/v2\/categories?post=697879"},{"taxonomy":"post_tag","embeddable":true,"href":"https:\/\/www.europesays.com\/fr\/wp-json\/wp\/v2\/tags?post=697879"}],"curies":[{"name":"wp","href":"https:\/\/api.w.org\/{rel}","templated":true}]}}