{"id":69789,"date":"2025-05-02T17:08:08","date_gmt":"2025-05-02T17:08:08","guid":{"rendered":"https:\/\/www.europesays.com\/fr\/69789\/"},"modified":"2025-05-02T17:08:08","modified_gmt":"2025-05-02T17:08:08","slug":"a-bordeaux-un-criminel-libere-de-prison-par-erreur-est-activement-recherche","status":"publish","type":"post","link":"https:\/\/www.europesays.com\/fr\/69789\/","title":{"rendered":"\u00c0 Bordeaux, un criminel lib\u00e9r\u00e9 de prison par erreur est activement recherch\u00e9"},"content":{"rendered":"<p>Le prisonnier purgeait une peine de prison de 10 ans et a \u00e9t\u00e9 lib\u00e9r\u00e9 de la prison de Gradignan&#8230; par inadvertance. Son nom a \u00e9t\u00e9 confondu avec un autre d\u00e9tenu.<\/p>\n<p class=\"fig-paragraph\">Incroyable mais vrai. Mercredi 30 avril, en d\u00e9but de soir\u00e9e, un individu \u00e2g\u00e9 de 25 ans, a \u00e9t\u00e9 ind\u00fbment lib\u00e9r\u00e9 par le\u00a0<a href=\"https:\/\/www.lefigaro.fr\/bordeaux\/attaque-contre-les-prisons-le-groupe-ddpf-menace-encore-les-agents-penitentiaires-avec-un-tag-imposant-a-bordeaux-20250428?msockid=258c4318a154643d05395665a0ed65f9\" target=\"_blank\" data-fig-type=\"NewsFlash\" rel=\"noopener\" data-gtm-custom-categorie=\"navigation\" data-gtm-custom-action=\"crossclick\" data-gtm-custom-label=\"Contextuel\" data-gtm-event=\"customEventSPE\" data-fig-domain=\"LEFIGARO\">centre p\u00e9nitentiaire<\/a>\u00a0de\u00a0<a href=\"https:\/\/www.lefigaro.fr\/bordeaux\/la-nouvelle-prison-de-bordeaux-gradignan-ouverte-avant-la-fin-des-travaux-deja-confrontee-au-defi-de-la-surpopulation-20241030?msockid=258c4318a154643d05395665a0ed65f9\" target=\"_blank\" data-fig-type=\"NewsFlash\" rel=\"noopener\" data-gtm-custom-categorie=\"navigation\" data-gtm-custom-action=\"crossclick\" data-gtm-custom-label=\"Contextuel\" data-gtm-event=\"customEventSPE\" data-fig-domain=\"LEFIGARO\">Bordeaux-Gradignan<\/a>. Il avait \u00e9t\u00e9 condamn\u00e9 en novembre dernier par la Cour d\u2019assises de la\u00a0<a href=\"https:\/\/etudiant.lefigaro.fr\/article\/vie-etudiante\/gironde-une-ecole-va-ouvrir-une-classe-harry-potter-20250220\/\" target=\"_blank\" data-fig-type=\"Article\" rel=\"noopener\" data-gtm-custom-categorie=\"navigation\" data-gtm-custom-action=\"crossclick\" data-gtm-custom-label=\"Contextuel\" data-gtm-event=\"customEventSPE\" data-fig-domain=\"ETUDIANT\">Gironde<\/a>, \u00e0 10 ans d\u2019emprisonnement du chef de \u00abvol avec violences ayant entra\u00een\u00e9 la mort\u00bb, apr\u00e8s des faits commis en 2019.<\/p>\n<p class=\"fig-paragraph\">La raison de cette erreur\u00a0? Il a \u00e9t\u00e9 lib\u00e9r\u00e9 en lieu et place d\u2019un individu dont le nom \u00e9tait tr\u00e8s proche, \u00e0 une lettre pr\u00e8s.\u00a0<\/p>\n<p>Une enqu\u00eate judiciaire a imm\u00e9diatement \u00e9t\u00e9 ouverte pour d\u00e9terminer les circonstances dans lesquelles cette lib\u00e9ration est intervenue, et pour rechercher le prisonnier remis en libert\u00e9. L\u2019enqu\u00eate a \u00e9t\u00e9 confi\u00e9e \u00e0 la Direction de la coop\u00e9ration internationale de s\u00e9curit\u00e9 (DCOS) de Bordeaux.<\/p>\n<p>Mandat d\u2019arr\u00eat europ\u00e9en<\/p>\n<p class=\"fig-paragraph\">\u00abLes faits pour lesquels le d\u00e9tenu lib\u00e9r\u00e9 ind\u00fbment a \u00e9t\u00e9 condamn\u00e9 \u00e9taient d\u2019une \u00e9vidente gravit\u00e9. Il n\u2019est toutefois pas identifi\u00e9 comme faisant partie du haut du spectre de la criminalit\u00e9 organis\u00e9e\u00bb, indique le parquet de Bordeaux. \u00abLes recherches pour retrouver cet homme se poursuivent tr\u00e8s activement\u00bb, ajoute Renaud Gaudeul, procureur de la R\u00e9publique de Bordeaux.<\/p>\n<p class=\"fig-paragraph\">Un mandat de recherche a \u00e9t\u00e9 \u00e9mis le soir m\u00eame de sa lib\u00e9ration, ainsi qu\u2019un mandat d\u2019arr\u00eat europ\u00e9en.<\/p>\n","protected":false},"excerpt":{"rendered":"Le prisonnier purgeait une peine de prison de 10 ans et a \u00e9t\u00e9 lib\u00e9r\u00e9 de la prison de&hellip;\n","protected":false},"author":2,"featured_media":69790,"comment_status":"","ping_status":"","sticky":false,"template":"","format":"standard","meta":{"footnotes":""},"categories":[2817],"tags":[1111,11,1997,2916,2911,2910,2915,2909,2904,2913,2912,2914,2906,2907,1777,674,1011,27,2905,2908,12,2219,806,25],"class_list":{"0":"post-69789","1":"post","2":"type-post","3":"status-publish","4":"format-standard","5":"has-post-thumbnail","7":"category-bordeaux","8":"tag-actu","9":"tag-actualites","10":"tag-bordeaux","11":"tag-bordeaux-cauderan","12":"tag-bordeaux-centre-ville","13":"tag-bordeaux-chartrons-grand-parc-jardin-public","14":"tag-bordeaux-la-bastide","15":"tag-bordeaux-maritime","16":"tag-bordeaux-metropole","17":"tag-bordeaux-nansouty-st-genes","18":"tag-bordeaux-st-augustin-tauzin-alphonse-dupeux","19":"tag-bordeaux-sud","20":"tag-capitale-de-gaule","21":"tag-cathedrale-gothique-de-saint-andre","22":"tag-eu","23":"tag-europe","24":"tag-fr","25":"tag-france","26":"tag-gironde","27":"tag-girondins-de-bordeaux","28":"tag-news","29":"tag-nouvelle-aquitaine","30":"tag-prison","31":"tag-republique-francaise"},"share_on_mastodon":{"url":"https:\/\/pubeurope.com\/@fr\/114439343583253267","error":""},"_links":{"self":[{"href":"https:\/\/www.europesays.com\/fr\/wp-json\/wp\/v2\/posts\/69789","targetHints":{"allow":["GET"]}}],"collection":[{"href":"https:\/\/www.europesays.com\/fr\/wp-json\/wp\/v2\/posts"}],"about":[{"href":"https:\/\/www.europesays.com\/fr\/wp-json\/wp\/v2\/types\/post"}],"author":[{"embeddable":true,"href":"https:\/\/www.europesays.com\/fr\/wp-json\/wp\/v2\/users\/2"}],"replies":[{"embeddable":true,"href":"https:\/\/www.europesays.com\/fr\/wp-json\/wp\/v2\/comments?post=69789"}],"version-history":[{"count":0,"href":"https:\/\/www.europesays.com\/fr\/wp-json\/wp\/v2\/posts\/69789\/revisions"}],"wp:featuredmedia":[{"embeddable":true,"href":"https:\/\/www.europesays.com\/fr\/wp-json\/wp\/v2\/media\/69790"}],"wp:attachment":[{"href":"https:\/\/www.europesays.com\/fr\/wp-json\/wp\/v2\/media?parent=69789"}],"wp:term":[{"taxonomy":"category","embeddable":true,"href":"https:\/\/www.europesays.com\/fr\/wp-json\/wp\/v2\/categories?post=69789"},{"taxonomy":"post_tag","embeddable":true,"href":"https:\/\/www.europesays.com\/fr\/wp-json\/wp\/v2\/tags?post=69789"}],"curies":[{"name":"wp","href":"https:\/\/api.w.org\/{rel}","templated":true}]}}